{"id":175789,"date":"2024-05-19T18:32:41","date_gmt":"2024-05-19T21:32:41","guid":{"rendered":"https:\/\/www.hoymercedes.com.ar\/principal\/?p=175789"},"modified":"2024-05-19T18:32:42","modified_gmt":"2024-05-19T21:32:42","slug":"el-rock-sono-fuerte-en-otra-edicion-del-rock-en-el-galpon","status":"publish","type":"post","link":"https:\/\/www.hoymercedes.com.ar\/principal\/2024\/05\/19\/el-rock-sono-fuerte-en-otra-edicion-del-rock-en-el-galpon\/","title":{"rendered":"El Rock son\u00f3 fuerte en otra edici\u00f3n del \u201cRock en el Galp\u00f3n\u201d"},"content":{"rendered":"\n<figure class=\"wp-block-image size-large\"><img loading=\"lazy\" decoding=\"async\" width=\"1024\" height=\"682\" data-attachment-id=\"175790\" data-permalink=\"https:\/\/www.hoymercedes.com.ar\/principal\/2024\/05\/19\/el-rock-sono-fuerte-en-otra-edicion-del-rock-en-el-galpon\/rock-en-el-galpon-3\/#main\" data-orig-file=\"https:\/\/www.hoymercedes.com.ar\/principal\/wp-content\/uploads\/2024\/05\/Rock-en-el-Galpon-3.jpg\" data-orig-size=\"1319,879\" data-comments-opened=\"0\" data-image-meta=\"{&quot;aperture&quot;:&quot;0&quot;,&quot;credit&quot;:&quot;&quot;,&quot;camera&quot;:&quot;&quot;,&quot;caption&quot;:&quot;&quot;,&quot;created_timestamp&quot;:&quot;0&quot;,&quot;copyright&quot;:&quot;&quot;,&quot;focal_length&quot;:&quot;0&quot;,&quot;iso&quot;:&quot;0&quot;,&quot;shutter_speed&quot;:&quot;0&quot;,&quot;title&quot;:&quot;&quot;,&quot;orientation&quot;:&quot;0&quot;}\" data-image-title=\"Rock-en-el-Galpon-3\" data-image-description=\"\" data-image-caption=\"\" data-large-file=\"https:\/\/www.hoymercedes.com.ar\/principal\/wp-content\/uploads\/2024\/05\/Rock-en-el-Galpon-3-1024x682.jpg\" src=\"https:\/\/www.hoymercedes.com.ar\/principal\/wp-content\/uploads\/2024\/05\/Rock-en-el-Galpon-3-1024x682.jpg\" alt=\"El Rock son\u00f3 fuerte en otra edici\u00f3n del \u201cRock en el Galp\u00f3n\u201d\" class=\"wp-image-175790\" srcset=\"https:\/\/www.hoymercedes.com.ar\/principal\/wp-content\/uploads\/2024\/05\/Rock-en-el-Galpon-3-1024x682.jpg 1024w, https:\/\/www.hoymercedes.com.ar\/principal\/wp-content\/uploads\/2024\/05\/Rock-en-el-Galpon-3-630x420.jpg 630w, https:\/\/www.hoymercedes.com.ar\/principal\/wp-content\/uploads\/2024\/05\/Rock-en-el-Galpon-3-150x100.jpg 150w, https:\/\/www.hoymercedes.com.ar\/principal\/wp-content\/uploads\/2024\/05\/Rock-en-el-Galpon-3-700x465.jpg 700w, https:\/\/www.hoymercedes.com.ar\/principal\/wp-content\/uploads\/2024\/05\/Rock-en-el-Galpon-3.jpg 1319w\" sizes=\"auto, (max-width: 1024px) 100vw, 1024px\" \/><\/figure>\n\n\n\n<p>Se vivi\u00f3 una nueva fecha del calendario de encuentros del ciclo \u201cRock en el Galp\u00f3n\u201d. Fue en La Trocha y nuevamente la comunidad rockera de la ciudad dijo presente acompa\u00f1ando a las bandas locales.<\/p>\n\n\n\n<p>El ciclo tiene como objetivo dar espacio con sonido e iluminaci\u00f3n de primera calidad a las bandas locales, impuls\u00e1ndolas y brindando un espacio acorde para mostrar todo su talento, destac\u00f3 la directora de cultura, Jimena Rivas.<\/p>\n\n\n\n<p>Es importante recordar que tienen una amplia participaci\u00f3n en la organizaci\u00f3n a trav\u00e9s de la Comisi\u00f3n de Rock Mercedes.<\/p>\n\n\n\n<figure class=\"wp-block-image size-large\"><img loading=\"lazy\" decoding=\"async\" width=\"1024\" height=\"682\" data-attachment-id=\"175793\" data-permalink=\"https:\/\/www.hoymercedes.com.ar\/principal\/2024\/05\/19\/el-rock-sono-fuerte-en-otra-edicion-del-rock-en-el-galpon\/rock-en-el-galpon-2\/#main\" data-orig-file=\"https:\/\/www.hoymercedes.com.ar\/principal\/wp-content\/uploads\/2024\/05\/Rock-en-el-Galpon-2.jpg\" data-orig-size=\"1319,879\" data-comments-opened=\"0\" data-image-meta=\"{&quot;aperture&quot;:&quot;0&quot;,&quot;credit&quot;:&quot;&quot;,&quot;camera&quot;:&quot;&quot;,&quot;caption&quot;:&quot;&quot;,&quot;created_timestamp&quot;:&quot;0&quot;,&quot;copyright&quot;:&quot;&quot;,&quot;focal_length&quot;:&quot;0&quot;,&quot;iso&quot;:&quot;0&quot;,&quot;shutter_speed&quot;:&quot;0&quot;,&quot;title&quot;:&quot;&quot;,&quot;orientation&quot;:&quot;0&quot;}\" data-image-title=\"Rock-en-el-Galpon-2\" data-image-description=\"&lt;p&gt;El Rock son\u00f3 fuerte en otra edici\u00f3n del \u201cRock en el Galp\u00f3n\u201d&lt;\/p&gt;\n\" data-image-caption=\"&lt;p&gt;El Rock son\u00f3 fuerte en otra edici\u00f3n del \u201cRock en el Galp\u00f3n\u201d&lt;\/p&gt;\n\" data-large-file=\"https:\/\/www.hoymercedes.com.ar\/principal\/wp-content\/uploads\/2024\/05\/Rock-en-el-Galpon-2-1024x682.jpg\" src=\"https:\/\/www.hoymercedes.com.ar\/principal\/wp-content\/uploads\/2024\/05\/Rock-en-el-Galpon-2-1024x682.jpg\" alt=\"El Rock son\u00f3 fuerte en otra edici\u00f3n del \u201cRock en el Galp\u00f3n\u201d\" class=\"wp-image-175793\" srcset=\"https:\/\/www.hoymercedes.com.ar\/principal\/wp-content\/uploads\/2024\/05\/Rock-en-el-Galpon-2-1024x682.jpg 1024w, https:\/\/www.hoymercedes.com.ar\/principal\/wp-content\/uploads\/2024\/05\/Rock-en-el-Galpon-2-630x420.jpg 630w, https:\/\/www.hoymercedes.com.ar\/principal\/wp-content\/uploads\/2024\/05\/Rock-en-el-Galpon-2-150x100.jpg 150w, https:\/\/www.hoymercedes.com.ar\/principal\/wp-content\/uploads\/2024\/05\/Rock-en-el-Galpon-2-700x465.jpg 700w, https:\/\/www.hoymercedes.com.ar\/principal\/wp-content\/uploads\/2024\/05\/Rock-en-el-Galpon-2.jpg 1319w\" sizes=\"auto, (max-width: 1024px) 100vw, 1024px\" \/><\/figure>\n\n\n\n<p>Como es habitual la cantina tiene un car\u00e1cter solidario.<\/p>\n\n\n\n<p>En esta fecha fue el turno de \u201cLa Poes\u00eda de Carlos\u201d, \u201c96 al Oeste\u201d y \u201cMal Parados\u201d que brindaron un cronograma musical de alto nivel y para deleite de las y los presentes.<\/p>\n\n\n\n<figure class=\"wp-block-image size-large\"><img loading=\"lazy\" decoding=\"async\" width=\"1024\" height=\"682\" data-attachment-id=\"175791\" data-permalink=\"https:\/\/www.hoymercedes.com.ar\/principal\/2024\/05\/19\/el-rock-sono-fuerte-en-otra-edicion-del-rock-en-el-galpon\/rock-en-el-galpon-7\/#main\" data-orig-file=\"https:\/\/www.hoymercedes.com.ar\/principal\/wp-content\/uploads\/2024\/05\/Rock-en-el-Galpon-7.jpg\" data-orig-size=\"1319,879\" data-comments-opened=\"0\" data-image-meta=\"{&quot;aperture&quot;:&quot;0&quot;,&quot;credit&quot;:&quot;&quot;,&quot;camera&quot;:&quot;&quot;,&quot;caption&quot;:&quot;&quot;,&quot;created_timestamp&quot;:&quot;0&quot;,&quot;copyright&quot;:&quot;&quot;,&quot;focal_length&quot;:&quot;0&quot;,&quot;iso&quot;:&quot;0&quot;,&quot;shutter_speed&quot;:&quot;0&quot;,&quot;title&quot;:&quot;&quot;,&quot;orientation&quot;:&quot;0&quot;}\" data-image-title=\"Rock-en-el-Galpon-7\" data-image-description=\"&lt;p&gt;El Rock son\u00f3 fuerte en otra edici\u00f3n del \u201cRock en el Galp\u00f3n\u201d&lt;\/p&gt;\n\" data-image-caption=\"&lt;p&gt;El Rock son\u00f3 fuerte en otra edici\u00f3n del \u201cRock en el Galp\u00f3n\u201d&lt;\/p&gt;\n\" data-large-file=\"https:\/\/www.hoymercedes.com.ar\/principal\/wp-content\/uploads\/2024\/05\/Rock-en-el-Galpon-7-1024x682.jpg\" src=\"https:\/\/www.hoymercedes.com.ar\/principal\/wp-content\/uploads\/2024\/05\/Rock-en-el-Galpon-7-1024x682.jpg\" alt=\"El Rock son\u00f3 fuerte en otra edici\u00f3n del \u201cRock en el Galp\u00f3n\u201d\" class=\"wp-image-175791\" srcset=\"https:\/\/www.hoymercedes.com.ar\/principal\/wp-content\/uploads\/2024\/05\/Rock-en-el-Galpon-7-1024x682.jpg 1024w, https:\/\/www.hoymercedes.com.ar\/principal\/wp-content\/uploads\/2024\/05\/Rock-en-el-Galpon-7-630x420.jpg 630w, https:\/\/www.hoymercedes.com.ar\/principal\/wp-content\/uploads\/2024\/05\/Rock-en-el-Galpon-7-150x100.jpg 150w, https:\/\/www.hoymercedes.com.ar\/principal\/wp-content\/uploads\/2024\/05\/Rock-en-el-Galpon-7-700x465.jpg 700w, https:\/\/www.hoymercedes.com.ar\/principal\/wp-content\/uploads\/2024\/05\/Rock-en-el-Galpon-7.jpg 1319w\" sizes=\"auto, (max-width: 1024px) 100vw, 1024px\" \/><\/figure>\n","protected":false},"excerpt":{"rendered":"<p>Se vivi\u00f3 una nueva fecha del calendario de encuentros del ciclo \u201cRock en el Galp\u00f3n\u201d. Fue en La Trocha y &#8230; <a title=\"El Rock son\u00f3 fuerte en otra edici\u00f3n del \u201cRock en el Galp\u00f3n\u201d\" class=\"read-more\" href=\"https:\/\/www.hoymercedes.com.ar\/principal\/2024\/05\/19\/el-rock-sono-fuerte-en-otra-edicion-del-rock-en-el-galpon\/\" aria-label=\"Leer m\u00e1s sobre El Rock son\u00f3 fuerte en otra edici\u00f3n del \u201cRock en el Galp\u00f3n\u201d\">Leer m\u00e1s<\/a><\/p>\n","protected":false},"author":1,"featured_media":175793,"comment_status":"closed","ping_status":"open","sticky":false,"template":"","format":"standard","meta":{"_monsterinsights_skip_tracking":false,"_monsterinsights_sitenote_active":false,"_monsterinsights_sitenote_note":"","_monsterinsights_sitenote_category":0,"jetpack_post_was_ever_published":false,"_jetpack_newsletter_access":"","_jetpack_dont_email_post_to_subs":false,"_jetpack_newsletter_tier_id":0,"_jetpack_memberships_contains_paywalled_content":false,"_jetpack_memberships_contains_paid_content":false,"footnotes":"","jetpack_publicize_message":"","jetpack_publicize_feature_enabled":true,"jetpack_social_post_already_shared":true,"jetpack_social_options":{"image_generator_settings":{"template":"highway","default_image_id":0,"font":"","enabled":false},"version":2},"_wpas_customize_per_network":false},"categories":[8],"tags":[3959,11209,19185],"class_list":["post-175789","post","type-post","status-publish","format-standard","has-post-thumbnail","hentry","category-sociedad","tag-la-trocha","tag-rock-en-el-galpon","tag-rock-en-mercedes","generate-columns","tablet-grid-50","mobile-grid-100","grid-parent","grid-50"],"jetpack_publicize_connections":[],"jetpack_featured_media_url":"https:\/\/www.hoymercedes.com.ar\/principal\/wp-content\/uploads\/2024\/05\/Rock-en-el-Galpon-2.jpg","wps_subtitle":"","jetpack_sharing_enabled":true,"_links":{"self":[{"href":"https:\/\/www.hoymercedes.com.ar\/principal\/wp-json\/wp\/v2\/posts\/175789","targetHints":{"allow":["GET"]}}],"collection":[{"href":"https:\/\/www.hoymercedes.com.ar\/principal\/wp-json\/wp\/v2\/posts"}],"about":[{"href":"https:\/\/www.hoymercedes.com.ar\/principal\/wp-json\/wp\/v2\/types\/post"}],"author":[{"embeddable":true,"href":"https:\/\/www.hoymercedes.com.ar\/principal\/wp-json\/wp\/v2\/users\/1"}],"replies":[{"embeddable":true,"href":"https:\/\/www.hoymercedes.com.ar\/principal\/wp-json\/wp\/v2\/comments?post=175789"}],"version-history":[{"count":0,"href":"https:\/\/www.hoymercedes.com.ar\/principal\/wp-json\/wp\/v2\/posts\/175789\/revisions"}],"wp:featuredmedia":[{"embeddable":true,"href":"https:\/\/www.hoymercedes.com.ar\/principal\/wp-json\/wp\/v2\/media\/175793"}],"wp:attachment":[{"href":"https:\/\/www.hoymercedes.com.ar\/principal\/wp-json\/wp\/v2\/media?parent=175789"}],"wp:term":[{"taxonomy":"category","embeddable":true,"href":"https:\/\/www.hoymercedes.com.ar\/principal\/wp-json\/wp\/v2\/categories?post=175789"},{"taxonomy":"post_tag","embeddable":true,"href":"https:\/\/www.hoymercedes.com.ar\/principal\/wp-json\/wp\/v2\/tags?post=175789"}],"curies":[{"name":"wp","href":"https:\/\/api.w.org\/{rel}","templated":true}]}}