{"id":175852,"date":"2024-05-21T21:34:47","date_gmt":"2024-05-22T00:34:47","guid":{"rendered":"https:\/\/www.hoymercedes.com.ar\/principal\/?p=175852"},"modified":"2024-05-21T21:34:49","modified_gmt":"2024-05-22T00:34:49","slug":"excelente-acompanamiento-en-el-2-festival-mascotero-en-plaza-san-luis","status":"publish","type":"post","link":"https:\/\/www.hoymercedes.com.ar\/principal\/2024\/05\/21\/excelente-acompanamiento-en-el-2-festival-mascotero-en-plaza-san-luis\/","title":{"rendered":"Excelente acompa\u00f1amiento en el 2\u00b0 Festival Mascotero en plaza San Lu\u00eds"},"content":{"rendered":"\n<figure class=\"wp-block-image size-large\"><img loading=\"lazy\" decoding=\"async\" width=\"1024\" height=\"682\" data-attachment-id=\"175853\" data-permalink=\"https:\/\/www.hoymercedes.com.ar\/principal\/2024\/05\/21\/excelente-acompanamiento-en-el-2-festival-mascotero-en-plaza-san-luis\/0h0a0261\/#main\" data-orig-file=\"https:\/\/www.hoymercedes.com.ar\/principal\/wp-content\/uploads\/2024\/05\/0H0A0261.jpg\" data-orig-size=\"1319,879\" data-comments-opened=\"0\" data-image-meta=\"{&quot;aperture&quot;:&quot;0&quot;,&quot;credit&quot;:&quot;&quot;,&quot;camera&quot;:&quot;&quot;,&quot;caption&quot;:&quot;&quot;,&quot;created_timestamp&quot;:&quot;0&quot;,&quot;copyright&quot;:&quot;&quot;,&quot;focal_length&quot;:&quot;0&quot;,&quot;iso&quot;:&quot;0&quot;,&quot;shutter_speed&quot;:&quot;0&quot;,&quot;title&quot;:&quot;&quot;,&quot;orientation&quot;:&quot;0&quot;}\" data-image-title=\"Excelente acompa\u00f1amiento en el 2\u00b0 Festival Mascotero en plaza San Lu\u00eds\" data-image-description=\"&lt;p&gt;Excelente acompa\u00f1amiento en el 2\u00b0 Festival Mascotero en plaza San Lu\u00eds&lt;\/p&gt;\n\" data-image-caption=\"&lt;p&gt;Excelente acompa\u00f1amiento en el 2\u00b0 Festival Mascotero en plaza San Lu\u00eds&lt;\/p&gt;\n\" data-large-file=\"https:\/\/www.hoymercedes.com.ar\/principal\/wp-content\/uploads\/2024\/05\/0H0A0261-1024x682.jpg\" src=\"https:\/\/www.hoymercedes.com.ar\/principal\/wp-content\/uploads\/2024\/05\/0H0A0261-1024x682.jpg\" alt=\"Excelente acompa\u00f1amiento en el 2\u00b0 Festival Mascotero en plaza San Lu\u00eds\" class=\"wp-image-175853\" srcset=\"https:\/\/www.hoymercedes.com.ar\/principal\/wp-content\/uploads\/2024\/05\/0H0A0261-1024x682.jpg 1024w, https:\/\/www.hoymercedes.com.ar\/principal\/wp-content\/uploads\/2024\/05\/0H0A0261-630x420.jpg 630w, https:\/\/www.hoymercedes.com.ar\/principal\/wp-content\/uploads\/2024\/05\/0H0A0261-150x100.jpg 150w, https:\/\/www.hoymercedes.com.ar\/principal\/wp-content\/uploads\/2024\/05\/0H0A0261-700x465.jpg 700w, https:\/\/www.hoymercedes.com.ar\/principal\/wp-content\/uploads\/2024\/05\/0H0A0261.jpg 1319w\" sizes=\"auto, (max-width: 1024px) 100vw, 1024px\" \/><\/figure>\n\n\n\n<p>Este fin de semana cientos de vecinos se reunieron en plaza San Luis para disfrutar del Segundo Festival Mascotero. El mismo cont\u00f3 con diferentes actividades y propuestas, entre ellas, charlas sobre tenencia responsable, puesto de castraci\u00f3n y vacunaci\u00f3n antirr\u00e1bica, peluquer\u00eda canina, jornada de adopci\u00f3n, pets shop, Circuito Agility y sorteos. Todo organizado con diferentes organizaciones proteccionistas de Mercedes, la Secretar\u00eda de Salud y el \u00e1rea de Veterinaria y Zoonosis.<\/p>\n\n\n\n<figure class=\"wp-block-image size-large\"><img loading=\"lazy\" decoding=\"async\" width=\"1024\" height=\"682\" data-attachment-id=\"175854\" data-permalink=\"https:\/\/www.hoymercedes.com.ar\/principal\/2024\/05\/21\/excelente-acompanamiento-en-el-2-festival-mascotero-en-plaza-san-luis\/dsc_0421\/#main\" data-orig-file=\"https:\/\/www.hoymercedes.com.ar\/principal\/wp-content\/uploads\/2024\/05\/DSC_0421.jpg\" data-orig-size=\"1319,879\" data-comments-opened=\"0\" data-image-meta=\"{&quot;aperture&quot;:&quot;0&quot;,&quot;credit&quot;:&quot;&quot;,&quot;camera&quot;:&quot;&quot;,&quot;caption&quot;:&quot;&quot;,&quot;created_timestamp&quot;:&quot;0&quot;,&quot;copyright&quot;:&quot;&quot;,&quot;focal_length&quot;:&quot;0&quot;,&quot;iso&quot;:&quot;0&quot;,&quot;shutter_speed&quot;:&quot;0&quot;,&quot;title&quot;:&quot;&quot;,&quot;orientation&quot;:&quot;0&quot;}\" data-image-title=\"Excelente acompa\u00f1amiento en el 2\u00b0 Festival Mascotero en plaza San Lu\u00eds\" data-image-description=\"&lt;p&gt;Excelente acompa\u00f1amiento en el 2\u00b0 Festival Mascotero en plaza San Lu\u00eds&lt;\/p&gt;\n\" data-image-caption=\"&lt;p&gt;Excelente acompa\u00f1amiento en el 2\u00b0 Festival Mascotero en plaza San Lu\u00eds&lt;\/p&gt;\n\" data-large-file=\"https:\/\/www.hoymercedes.com.ar\/principal\/wp-content\/uploads\/2024\/05\/DSC_0421-1024x682.jpg\" src=\"https:\/\/www.hoymercedes.com.ar\/principal\/wp-content\/uploads\/2024\/05\/DSC_0421-1024x682.jpg\" alt=\"Excelente acompa\u00f1amiento en el 2\u00b0 Festival Mascotero en plaza San Lu\u00eds\" class=\"wp-image-175854\" srcset=\"https:\/\/www.hoymercedes.com.ar\/principal\/wp-content\/uploads\/2024\/05\/DSC_0421-1024x682.jpg 1024w, https:\/\/www.hoymercedes.com.ar\/principal\/wp-content\/uploads\/2024\/05\/DSC_0421-630x420.jpg 630w, https:\/\/www.hoymercedes.com.ar\/principal\/wp-content\/uploads\/2024\/05\/DSC_0421-150x100.jpg 150w, https:\/\/www.hoymercedes.com.ar\/principal\/wp-content\/uploads\/2024\/05\/DSC_0421-700x465.jpg 700w, https:\/\/www.hoymercedes.com.ar\/principal\/wp-content\/uploads\/2024\/05\/DSC_0421.jpg 1319w\" sizes=\"auto, (max-width: 1024px) 100vw, 1024px\" \/><\/figure>\n\n\n\n<p>Francisco Sarria quien pertenece a ProTenencia dijo \u201chemos tenido una gran convocatoria, muchos vecinos con sus mascotas y disfrutando en familia, as\u00ed que muy felices\u201d y apunt\u00f3 \u201ctuvimos el apoyo de veterinarios de la provincia de Buenos Aires, un quir\u00f3fano m\u00f3vil donde se hicieron 30 castraciones, m\u00e1s de 70 vacunaciones antirr\u00e1bicas, m\u00e1s de 30 consultas express orientando sobre la salud de los animales, y hubo un apoyo del Ministerio de Ambiente de la Prov. De Bs. As. Con talleres de huerta y compostaje, hicimos entrega de huertas, semillas y la empresa Mars, aparte de sortear un mont\u00f3n de productos, trajeron una estaci\u00f3n de juegos Agility con adiestradores que contrat\u00f3 la empresa\u201d.<\/p>\n\n\n\n<figure class=\"wp-block-image size-large\"><img loading=\"lazy\" decoding=\"async\" width=\"1024\" height=\"682\" data-attachment-id=\"175855\" data-permalink=\"https:\/\/www.hoymercedes.com.ar\/principal\/2024\/05\/21\/excelente-acompanamiento-en-el-2-festival-mascotero-en-plaza-san-luis\/0h0a0355\/#main\" data-orig-file=\"https:\/\/www.hoymercedes.com.ar\/principal\/wp-content\/uploads\/2024\/05\/0H0A0355.jpg\" data-orig-size=\"1319,879\" data-comments-opened=\"0\" data-image-meta=\"{&quot;aperture&quot;:&quot;0&quot;,&quot;credit&quot;:&quot;&quot;,&quot;camera&quot;:&quot;&quot;,&quot;caption&quot;:&quot;&quot;,&quot;created_timestamp&quot;:&quot;0&quot;,&quot;copyright&quot;:&quot;&quot;,&quot;focal_length&quot;:&quot;0&quot;,&quot;iso&quot;:&quot;0&quot;,&quot;shutter_speed&quot;:&quot;0&quot;,&quot;title&quot;:&quot;&quot;,&quot;orientation&quot;:&quot;0&quot;}\" data-image-title=\"Excelente acompa\u00f1amiento en el 2\u00b0 Festival Mascotero en plaza San Lu\u00eds\" data-image-description=\"&lt;p&gt;Excelente acompa\u00f1amiento en el 2\u00b0 Festival Mascotero en plaza San Lu\u00eds&lt;\/p&gt;\n\" data-image-caption=\"&lt;p&gt;Excelente acompa\u00f1amiento en el 2\u00b0 Festival Mascotero en plaza San Lu\u00eds&lt;\/p&gt;\n\" data-large-file=\"https:\/\/www.hoymercedes.com.ar\/principal\/wp-content\/uploads\/2024\/05\/0H0A0355-1024x682.jpg\" src=\"https:\/\/www.hoymercedes.com.ar\/principal\/wp-content\/uploads\/2024\/05\/0H0A0355-1024x682.jpg\" alt=\"Excelente acompa\u00f1amiento en el 2\u00b0 Festival Mascotero en plaza San Lu\u00eds\" class=\"wp-image-175855\" srcset=\"https:\/\/www.hoymercedes.com.ar\/principal\/wp-content\/uploads\/2024\/05\/0H0A0355-1024x682.jpg 1024w, https:\/\/www.hoymercedes.com.ar\/principal\/wp-content\/uploads\/2024\/05\/0H0A0355-630x420.jpg 630w, https:\/\/www.hoymercedes.com.ar\/principal\/wp-content\/uploads\/2024\/05\/0H0A0355-150x100.jpg 150w, https:\/\/www.hoymercedes.com.ar\/principal\/wp-content\/uploads\/2024\/05\/0H0A0355-700x465.jpg 700w, https:\/\/www.hoymercedes.com.ar\/principal\/wp-content\/uploads\/2024\/05\/0H0A0355.jpg 1319w\" sizes=\"auto, (max-width: 1024px) 100vw, 1024px\" \/><\/figure>\n\n\n\n<p>\u201cTodo se dio en un marco muy lindo, donde, adem\u00e1s, las \u00e1reas de Cultura y servicios p\u00fablicos municipal brindaron su apoyo\u201d coment\u00f3 Sarr\u00eda e inform\u00f3 \u201cen la plaza dejamos instalados un dispenser de bolsas para que los vecinos que salen a pasear con sus mascotas tambi\u00e9n puedan tener una bolsa para recolectar el excremento de las mascotas, como as\u00ed tambi\u00e9n un bebedero para las mascotas y un taller de bicicletas para promover el uso de las mismas\u201d.<\/p>\n\n\n\n<figure class=\"wp-block-image size-large\"><img loading=\"lazy\" decoding=\"async\" width=\"1024\" height=\"682\" data-attachment-id=\"175856\" data-permalink=\"https:\/\/www.hoymercedes.com.ar\/principal\/2024\/05\/21\/excelente-acompanamiento-en-el-2-festival-mascotero-en-plaza-san-luis\/dsc_0676\/#main\" data-orig-file=\"https:\/\/www.hoymercedes.com.ar\/principal\/wp-content\/uploads\/2024\/05\/DSC_0676.jpg\" data-orig-size=\"1319,879\" data-comments-opened=\"0\" data-image-meta=\"{&quot;aperture&quot;:&quot;0&quot;,&quot;credit&quot;:&quot;&quot;,&quot;camera&quot;:&quot;&quot;,&quot;caption&quot;:&quot;&quot;,&quot;created_timestamp&quot;:&quot;0&quot;,&quot;copyright&quot;:&quot;&quot;,&quot;focal_length&quot;:&quot;0&quot;,&quot;iso&quot;:&quot;0&quot;,&quot;shutter_speed&quot;:&quot;0&quot;,&quot;title&quot;:&quot;&quot;,&quot;orientation&quot;:&quot;0&quot;}\" data-image-title=\"Excelente acompa\u00f1amiento en el 2\u00b0 Festival Mascotero en plaza San Lu\u00eds\" data-image-description=\"&lt;p&gt;Excelente acompa\u00f1amiento en el 2\u00b0 Festival Mascotero en plaza San Lu\u00eds&lt;\/p&gt;\n\" data-image-caption=\"&lt;p&gt;Excelente acompa\u00f1amiento en el 2\u00b0 Festival Mascotero en plaza San Lu\u00eds&lt;\/p&gt;\n\" data-large-file=\"https:\/\/www.hoymercedes.com.ar\/principal\/wp-content\/uploads\/2024\/05\/DSC_0676-1024x682.jpg\" src=\"https:\/\/www.hoymercedes.com.ar\/principal\/wp-content\/uploads\/2024\/05\/DSC_0676-1024x682.jpg\" alt=\"Excelente acompa\u00f1amiento en el 2\u00b0 Festival Mascotero en plaza San Lu\u00eds\" class=\"wp-image-175856\" srcset=\"https:\/\/www.hoymercedes.com.ar\/principal\/wp-content\/uploads\/2024\/05\/DSC_0676-1024x682.jpg 1024w, https:\/\/www.hoymercedes.com.ar\/principal\/wp-content\/uploads\/2024\/05\/DSC_0676-630x420.jpg 630w, https:\/\/www.hoymercedes.com.ar\/principal\/wp-content\/uploads\/2024\/05\/DSC_0676-150x100.jpg 150w, https:\/\/www.hoymercedes.com.ar\/principal\/wp-content\/uploads\/2024\/05\/DSC_0676-700x465.jpg 700w, https:\/\/www.hoymercedes.com.ar\/principal\/wp-content\/uploads\/2024\/05\/DSC_0676.jpg 1319w\" sizes=\"auto, (max-width: 1024px) 100vw, 1024px\" \/><\/figure>\n\n\n\n<p>En este sentido, Sarr\u00eda agradeci\u00f3 \u201ca todos los vecinos que fueron y espero que nos sigan acompa\u00f1ando en estas actividades que apuntan al mejoramiento de la salud, humana, animal y ambiental, algo que impulsamos siempre desde el Municipio de Mercedes y promover una ciudad m\u00e1s sustentable\u201d.&nbsp; &nbsp;&nbsp;<\/p>\n","protected":false},"excerpt":{"rendered":"<p>Este fin de semana cientos de vecinos se reunieron en plaza San Luis para disfrutar del Segundo Festival Mascotero. El &#8230; <a title=\"Excelente acompa\u00f1amiento en el 2\u00b0 Festival Mascotero en plaza San Lu\u00eds\" class=\"read-more\" href=\"https:\/\/www.hoymercedes.com.ar\/principal\/2024\/05\/21\/excelente-acompanamiento-en-el-2-festival-mascotero-en-plaza-san-luis\/\" aria-label=\"Leer m\u00e1s sobre Excelente acompa\u00f1amiento en el 2\u00b0 Festival Mascotero en plaza San Lu\u00eds\">Leer m\u00e1s<\/a><\/p>\n","protected":false},"author":1,"featured_media":175853,"comment_status":"closed","ping_status":"open","sticky":false,"template":"","format":"standard","meta":{"_monsterinsights_skip_tracking":false,"_monsterinsights_sitenote_active":false,"_monsterinsights_sitenote_note":"","_monsterinsights_sitenote_category":0,"jetpack_post_was_ever_published":false,"_jetpack_newsletter_access":"","_jetpack_dont_email_post_to_subs":false,"_jetpack_newsletter_tier_id":0,"_jetpack_memberships_contains_paywalled_content":false,"_jetpack_memberships_contains_paid_content":false,"footnotes":"","jetpack_publicize_message":"","jetpack_publicize_feature_enabled":true,"jetpack_social_post_already_shared":true,"jetpack_social_options":{"image_generator_settings":{"template":"highway","default_image_id":0,"font":"","enabled":false},"version":2},"_wpas_customize_per_network":false},"categories":[8],"tags":[16715,19487,19488,8529,12175],"class_list":["post-175852","post","type-post","status-publish","format-standard","has-post-thumbnail","hentry","category-sociedad","tag-mars","tag-pedigree","tag-plaza-san-luis-mercedes","tag-secretaria-de-salud","tag-zoonosis","generate-columns","tablet-grid-50","mobile-grid-100","grid-parent","grid-50"],"jetpack_publicize_connections":[],"jetpack_featured_media_url":"https:\/\/www.hoymercedes.com.ar\/principal\/wp-content\/uploads\/2024\/05\/0H0A0261.jpg","wps_subtitle":"Cuidado animal","jetpack_sharing_enabled":true,"_links":{"self":[{"href":"https:\/\/www.hoymercedes.com.ar\/principal\/wp-json\/wp\/v2\/posts\/175852","targetHints":{"allow":["GET"]}}],"collection":[{"href":"https:\/\/www.hoymercedes.com.ar\/principal\/wp-json\/wp\/v2\/posts"}],"about":[{"href":"https:\/\/www.hoymercedes.com.ar\/principal\/wp-json\/wp\/v2\/types\/post"}],"author":[{"embeddable":true,"href":"https:\/\/www.hoymercedes.com.ar\/principal\/wp-json\/wp\/v2\/users\/1"}],"replies":[{"embeddable":true,"href":"https:\/\/www.hoymercedes.com.ar\/principal\/wp-json\/wp\/v2\/comments?post=175852"}],"version-history":[{"count":0,"href":"https:\/\/www.hoymercedes.com.ar\/principal\/wp-json\/wp\/v2\/posts\/175852\/revisions"}],"wp:featuredmedia":[{"embeddable":true,"href":"https:\/\/www.hoymercedes.com.ar\/principal\/wp-json\/wp\/v2\/media\/175853"}],"wp:attachment":[{"href":"https:\/\/www.hoymercedes.com.ar\/principal\/wp-json\/wp\/v2\/media?parent=175852"}],"wp:term":[{"taxonomy":"category","embeddable":true,"href":"https:\/\/www.hoymercedes.com.ar\/principal\/wp-json\/wp\/v2\/categories?post=175852"},{"taxonomy":"post_tag","embeddable":true,"href":"https:\/\/www.hoymercedes.com.ar\/principal\/wp-json\/wp\/v2\/tags?post=175852"}],"curies":[{"name":"wp","href":"https:\/\/api.w.org\/{rel}","templated":true}]}}