{"id":175910,"date":"2024-05-24T07:58:00","date_gmt":"2024-05-24T10:58:00","guid":{"rendered":"https:\/\/www.hoymercedes.com.ar\/principal\/?p=175910"},"modified":"2024-05-24T00:02:33","modified_gmt":"2024-05-24T03:02:33","slug":"las-escuelas-siguen-disfrutando-de-las-visitas-guiadas-en-el-balta","status":"publish","type":"post","link":"https:\/\/www.hoymercedes.com.ar\/principal\/2024\/05\/24\/las-escuelas-siguen-disfrutando-de-las-visitas-guiadas-en-el-balta\/","title":{"rendered":"Las escuelas siguen disfrutando de las visitas guiadas en el Balta"},"content":{"rendered":"\n<figure class=\"wp-block-image size-large\"><img loading=\"lazy\" decoding=\"async\" width=\"1024\" height=\"669\" data-attachment-id=\"175911\" data-permalink=\"https:\/\/www.hoymercedes.com.ar\/principal\/2024\/05\/24\/las-escuelas-siguen-disfrutando-de-las-visitas-guiadas-en-el-balta\/visitasbalta-3\/#main\" data-orig-file=\"https:\/\/www.hoymercedes.com.ar\/principal\/wp-content\/uploads\/2024\/05\/VisitasBalta.3.jpg\" data-orig-size=\"1200,784\" data-comments-opened=\"0\" data-image-meta=\"{&quot;aperture&quot;:&quot;0&quot;,&quot;credit&quot;:&quot;&quot;,&quot;camera&quot;:&quot;&quot;,&quot;caption&quot;:&quot;&quot;,&quot;created_timestamp&quot;:&quot;0&quot;,&quot;copyright&quot;:&quot;&quot;,&quot;focal_length&quot;:&quot;0&quot;,&quot;iso&quot;:&quot;0&quot;,&quot;shutter_speed&quot;:&quot;0&quot;,&quot;title&quot;:&quot;&quot;,&quot;orientation&quot;:&quot;0&quot;}\" data-image-title=\"VisitasBalta.3\" data-image-description=\"&lt;p&gt;Las escuelas siguen disfrutando de las visitas guiadas en el Balta&lt;\/p&gt;\n\" data-image-caption=\"&lt;p&gt;Las escuelas siguen disfrutando de las visitas guiadas en el Balta&lt;\/p&gt;\n\" data-large-file=\"https:\/\/www.hoymercedes.com.ar\/principal\/wp-content\/uploads\/2024\/05\/VisitasBalta.3-1024x669.jpg\" src=\"https:\/\/www.hoymercedes.com.ar\/principal\/wp-content\/uploads\/2024\/05\/VisitasBalta.3-1024x669.jpg\" alt=\"Las escuelas siguen disfrutando de las visitas guiadas en el Balta\" class=\"wp-image-175911\" srcset=\"https:\/\/www.hoymercedes.com.ar\/principal\/wp-content\/uploads\/2024\/05\/VisitasBalta.3-1024x669.jpg 1024w, https:\/\/www.hoymercedes.com.ar\/principal\/wp-content\/uploads\/2024\/05\/VisitasBalta.3-630x412.jpg 630w, https:\/\/www.hoymercedes.com.ar\/principal\/wp-content\/uploads\/2024\/05\/VisitasBalta.3-150x98.jpg 150w, https:\/\/www.hoymercedes.com.ar\/principal\/wp-content\/uploads\/2024\/05\/VisitasBalta.3.jpg 1200w\" sizes=\"auto, (max-width: 1024px) 100vw, 1024px\" \/><\/figure>\n\n\n\n<p><\/p>\n\n\n\n<p>La Reserva del Balta sigue siendo un epicentro hist\u00f3rico y natural de la ciudad. All\u00ed, los alumnos y alumnas de la Escuela Agrot\u00e9cnica de 2do a\u00f1o, estudiantes del YSFD y T N\u00b0 7 (profesorado de geograf\u00eda) llevaron adelante una visita guiada convocada por la Direcci\u00f3n de Ambiente.<\/p>\n\n\n\n<p>De esta manera, pudieron conocer la flora y fauna bonaerense, as\u00ed como tambi\u00e9n el yacimiento paleontol\u00f3gico, donde se hallaron diversas especies de fauna de hace 10 mil a\u00f1os.<\/p>\n\n\n\n<figure class=\"wp-block-image size-full\"><img loading=\"lazy\" decoding=\"async\" width=\"960\" height=\"771\" data-attachment-id=\"175912\" data-permalink=\"https:\/\/www.hoymercedes.com.ar\/principal\/2024\/05\/24\/las-escuelas-siguen-disfrutando-de-las-visitas-guiadas-en-el-balta\/visitasbalta\/#main\" data-orig-file=\"https:\/\/www.hoymercedes.com.ar\/principal\/wp-content\/uploads\/2024\/05\/VisitasBalta.jpg\" data-orig-size=\"960,771\" data-comments-opened=\"0\" data-image-meta=\"{&quot;aperture&quot;:&quot;0&quot;,&quot;credit&quot;:&quot;&quot;,&quot;camera&quot;:&quot;&quot;,&quot;caption&quot;:&quot;&quot;,&quot;created_timestamp&quot;:&quot;0&quot;,&quot;copyright&quot;:&quot;&quot;,&quot;focal_length&quot;:&quot;0&quot;,&quot;iso&quot;:&quot;0&quot;,&quot;shutter_speed&quot;:&quot;0&quot;,&quot;title&quot;:&quot;&quot;,&quot;orientation&quot;:&quot;0&quot;}\" data-image-title=\"VisitasBalta\" data-image-description=\"&lt;p&gt;Las escuelas siguen disfrutando de las visitas guiadas en el Balta&lt;\/p&gt;\n\" data-image-caption=\"&lt;p&gt;Las escuelas siguen disfrutando de las visitas guiadas en el Balta&lt;\/p&gt;\n\" data-large-file=\"https:\/\/www.hoymercedes.com.ar\/principal\/wp-content\/uploads\/2024\/05\/VisitasBalta.jpg\" src=\"https:\/\/www.hoymercedes.com.ar\/principal\/wp-content\/uploads\/2024\/05\/VisitasBalta.jpg\" alt=\"Las escuelas siguen disfrutando de las visitas guiadas en el Balta\" class=\"wp-image-175912\" srcset=\"https:\/\/www.hoymercedes.com.ar\/principal\/wp-content\/uploads\/2024\/05\/VisitasBalta.jpg 960w, https:\/\/www.hoymercedes.com.ar\/principal\/wp-content\/uploads\/2024\/05\/VisitasBalta-630x506.jpg 630w, https:\/\/www.hoymercedes.com.ar\/principal\/wp-content\/uploads\/2024\/05\/VisitasBalta-150x120.jpg 150w\" sizes=\"auto, (max-width: 960px) 100vw, 960px\" \/><\/figure>\n\n\n\n<p>\u201cEstamos muy agradecidos a los chicos y chicas que se sumaron a esta propuesta que nos vincula con la naturaleza, el cuidado ambiental y brinda una linda oportunidad para el encuentro\u201d se\u00f1alaron desde el \u00e1rea de ambiente.<\/p>\n\n\n\n<p>La actividad se desarroll\u00f3 en el Balta, donde desde el \u00e1rea de Ambiente se viene desde hace un tiempo interviniendo, con construcci\u00f3n de miradores, puentes, sectores de mantenimiento y cuidado, carteler\u00eda y medidas de protecci\u00f3n de la reserva.<\/p>\n","protected":false},"excerpt":{"rendered":"<p>La Reserva del Balta sigue siendo un epicentro hist\u00f3rico y natural de la ciudad. All\u00ed, los alumnos y alumnas de &#8230; <a title=\"Las escuelas siguen disfrutando de las visitas guiadas en el Balta\" class=\"read-more\" href=\"https:\/\/www.hoymercedes.com.ar\/principal\/2024\/05\/24\/las-escuelas-siguen-disfrutando-de-las-visitas-guiadas-en-el-balta\/\" aria-label=\"Leer m\u00e1s sobre Las escuelas siguen disfrutando de las visitas guiadas en el Balta\">Leer m\u00e1s<\/a><\/p>\n","protected":false},"author":1,"featured_media":175911,"comment_status":"closed","ping_status":"open","sticky":false,"template":"","format":"standard","meta":{"_monsterinsights_skip_tracking":false,"_monsterinsights_sitenote_active":false,"_monsterinsights_sitenote_note":"","_monsterinsights_sitenote_category":0,"jetpack_post_was_ever_published":false,"_jetpack_newsletter_access":"","_jetpack_dont_email_post_to_subs":false,"_jetpack_newsletter_tier_id":0,"_jetpack_memberships_contains_paywalled_content":false,"_jetpack_memberships_contains_paid_content":false,"footnotes":"","jetpack_publicize_message":"","jetpack_publicize_feature_enabled":true,"jetpack_social_post_already_shared":true,"jetpack_social_options":{"image_generator_settings":{"template":"highway","default_image_id":0,"font":"","enabled":false},"version":2},"_wpas_customize_per_network":false},"categories":[23],"tags":[19500,197,618],"class_list":["post-175910","post","type-post","status-publish","format-standard","has-post-thumbnail","hentry","category-educacion","tag-direccion-de-ambiente-2","tag-municipalidad-de-mercedes","tag-reserva-balta","generate-columns","tablet-grid-50","mobile-grid-100","grid-parent","grid-50"],"jetpack_publicize_connections":[],"jetpack_featured_media_url":"https:\/\/www.hoymercedes.com.ar\/principal\/wp-content\/uploads\/2024\/05\/VisitasBalta.3.jpg","wps_subtitle":"Educaci\u00f3n","jetpack_sharing_enabled":true,"_links":{"self":[{"href":"https:\/\/www.hoymercedes.com.ar\/principal\/wp-json\/wp\/v2\/posts\/175910","targetHints":{"allow":["GET"]}}],"collection":[{"href":"https:\/\/www.hoymercedes.com.ar\/principal\/wp-json\/wp\/v2\/posts"}],"about":[{"href":"https:\/\/www.hoymercedes.com.ar\/principal\/wp-json\/wp\/v2\/types\/post"}],"author":[{"embeddable":true,"href":"https:\/\/www.hoymercedes.com.ar\/principal\/wp-json\/wp\/v2\/users\/1"}],"replies":[{"embeddable":true,"href":"https:\/\/www.hoymercedes.com.ar\/principal\/wp-json\/wp\/v2\/comments?post=175910"}],"version-history":[{"count":0,"href":"https:\/\/www.hoymercedes.com.ar\/principal\/wp-json\/wp\/v2\/posts\/175910\/revisions"}],"wp:featuredmedia":[{"embeddable":true,"href":"https:\/\/www.hoymercedes.com.ar\/principal\/wp-json\/wp\/v2\/media\/175911"}],"wp:attachment":[{"href":"https:\/\/www.hoymercedes.com.ar\/principal\/wp-json\/wp\/v2\/media?parent=175910"}],"wp:term":[{"taxonomy":"category","embeddable":true,"href":"https:\/\/www.hoymercedes.com.ar\/principal\/wp-json\/wp\/v2\/categories?post=175910"},{"taxonomy":"post_tag","embeddable":true,"href":"https:\/\/www.hoymercedes.com.ar\/principal\/wp-json\/wp\/v2\/tags?post=175910"}],"curies":[{"name":"wp","href":"https:\/\/api.w.org\/{rel}","templated":true}]}}