{"id":175927,"date":"2024-05-24T11:54:19","date_gmt":"2024-05-24T14:54:19","guid":{"rendered":"https:\/\/www.hoymercedes.com.ar\/principal\/?p=175927"},"modified":"2024-05-24T11:54:20","modified_gmt":"2024-05-24T14:54:20","slug":"nuevos-matriculados-en-el-colegio-de-arquitectos","status":"publish","type":"post","link":"https:\/\/www.hoymercedes.com.ar\/principal\/2024\/05\/24\/nuevos-matriculados-en-el-colegio-de-arquitectos\/","title":{"rendered":"Nuevos matriculados en el Colegio de Arquitectos"},"content":{"rendered":"\n<p>El Colegio de Arquitectos &#8211; Distrito 5 con sede e Mercedes brind\u00f3 la bienvenida a los profesionales que se suman a la instituci\u00f3n como nuevos matriculados. El acto se llev\u00f3 adelante d\u00edas atr\u00e1s con la entrega de credenciales.<\/p>\n\n\n\n<figure class=\"wp-block-image size-full\"><img loading=\"lazy\" decoding=\"async\" width=\"800\" height=\"533\" data-attachment-id=\"175930\" data-permalink=\"https:\/\/www.hoymercedes.com.ar\/principal\/2024\/05\/24\/nuevos-matriculados-en-el-colegio-de-arquitectos\/img-20240524-wa0000_copy_800x533\/#main\" data-orig-file=\"https:\/\/www.hoymercedes.com.ar\/principal\/wp-content\/uploads\/2024\/05\/IMG-20240524-WA0000_copy_800x533.jpg\" data-orig-size=\"800,533\" data-comments-opened=\"0\" data-image-meta=\"{&quot;aperture&quot;:&quot;0&quot;,&quot;credit&quot;:&quot;&quot;,&quot;camera&quot;:&quot;&quot;,&quot;caption&quot;:&quot;&quot;,&quot;created_timestamp&quot;:&quot;0&quot;,&quot;copyright&quot;:&quot;&quot;,&quot;focal_length&quot;:&quot;0&quot;,&quot;iso&quot;:&quot;0&quot;,&quot;shutter_speed&quot;:&quot;0&quot;,&quot;title&quot;:&quot;&quot;,&quot;orientation&quot;:&quot;0&quot;}\" data-image-title=\"IMG-20240524-WA0000_copy_800x533\" data-image-description=\"\" data-image-caption=\"\" data-large-file=\"https:\/\/www.hoymercedes.com.ar\/principal\/wp-content\/uploads\/2024\/05\/IMG-20240524-WA0000_copy_800x533.jpg\" src=\"https:\/\/www.hoymercedes.com.ar\/principal\/wp-content\/uploads\/2024\/05\/IMG-20240524-WA0000_copy_800x533.jpg\" alt=\"\" class=\"wp-image-175930\" srcset=\"https:\/\/www.hoymercedes.com.ar\/principal\/wp-content\/uploads\/2024\/05\/IMG-20240524-WA0000_copy_800x533.jpg 800w, https:\/\/www.hoymercedes.com.ar\/principal\/wp-content\/uploads\/2024\/05\/IMG-20240524-WA0000_copy_800x533-630x420.jpg 630w, https:\/\/www.hoymercedes.com.ar\/principal\/wp-content\/uploads\/2024\/05\/IMG-20240524-WA0000_copy_800x533-150x100.jpg 150w, https:\/\/www.hoymercedes.com.ar\/principal\/wp-content\/uploads\/2024\/05\/IMG-20240524-WA0000_copy_800x533-700x465.jpg 700w\" sizes=\"auto, (max-width: 800px) 100vw, 800px\" \/><\/figure>\n\n\n\n<p>El inicio del acto cont\u00f3 con las palabras de bienvenida de integrantes de La Mesa Directiva : Arq. Jos\u00e9 Mar\u00eda Serpi (Presidente), Arq. Marcelo Rogelio Guzm\u00e1n (Tesorero) y Arq. Alicia Magdalena Arata (Secretaria) para luego presentar la charla \u201cEl ABC del Ejercicio Profesional\u201d por parte de la Arq. Irene Kalnins del CPAU. <\/p>\n\n\n\n<p>La charla se bas\u00f3 en 3 temas fundamentales: 1) Relaciones con el comitente. 2) El Proyecto de Obra y 3) La Direcci\u00f3n de Obra. Seguidamente el abogado de la instituci\u00f3n, Dr. Pablo Guidi, se refiri\u00f3 a temas que hacen al marco legal regulatorio de la profesi\u00f3n. Al t\u00e9rmino del primer bloque de charlas se dispuso un servicio de lunch para los presentes.<\/p>\n\n\n\n<p>Luego del lunch, el Arq. Serpi se refiri\u00f3 al rol del Colegio, no solo como un ente regulador, sino tambi\u00e9n como un espacio mas para que los matriculados participen de las diferentes \u00e1reas de acci\u00f3n, se capaciten con charlas, cursos y seminarios exclusivos, y disfruten de actividades culturales y sociales que el Colegio organiza.<\/p>\n\n\n\n<p>Asimismo la Arq. Alicia Arata, se explay\u00f3 sobre la actividad en s\u00ed, haciendo hincapi\u00e9 en las pr\u00e1cticas espec\u00edficas que hacen a la profesi\u00f3n, y al mismo tiempo respondi\u00f3 las inquietudes de los nuevos matriculados.<\/p>\n\n\n<div class=\"wp-block-image\">\n<figure class=\"aligncenter size-full\"><img loading=\"lazy\" decoding=\"async\" width=\"800\" height=\"533\" data-attachment-id=\"175929\" data-permalink=\"https:\/\/www.hoymercedes.com.ar\/principal\/2024\/05\/24\/nuevos-matriculados-en-el-colegio-de-arquitectos\/img-20240524-wa0001_copy_800x533\/#main\" data-orig-file=\"https:\/\/www.hoymercedes.com.ar\/principal\/wp-content\/uploads\/2024\/05\/IMG-20240524-WA0001_copy_800x533.jpg\" data-orig-size=\"800,533\" data-comments-opened=\"0\" data-image-meta=\"{&quot;aperture&quot;:&quot;0&quot;,&quot;credit&quot;:&quot;&quot;,&quot;camera&quot;:&quot;&quot;,&quot;caption&quot;:&quot;&quot;,&quot;created_timestamp&quot;:&quot;0&quot;,&quot;copyright&quot;:&quot;&quot;,&quot;focal_length&quot;:&quot;0&quot;,&quot;iso&quot;:&quot;0&quot;,&quot;shutter_speed&quot;:&quot;0&quot;,&quot;title&quot;:&quot;&quot;,&quot;orientation&quot;:&quot;0&quot;}\" data-image-title=\"IMG-20240524-WA0001_copy_800x533\" data-image-description=\"\" data-image-caption=\"\" data-large-file=\"https:\/\/www.hoymercedes.com.ar\/principal\/wp-content\/uploads\/2024\/05\/IMG-20240524-WA0001_copy_800x533.jpg\" src=\"https:\/\/www.hoymercedes.com.ar\/principal\/wp-content\/uploads\/2024\/05\/IMG-20240524-WA0001_copy_800x533.jpg\" alt=\"\" class=\"wp-image-175929\" srcset=\"https:\/\/www.hoymercedes.com.ar\/principal\/wp-content\/uploads\/2024\/05\/IMG-20240524-WA0001_copy_800x533.jpg 800w, https:\/\/www.hoymercedes.com.ar\/principal\/wp-content\/uploads\/2024\/05\/IMG-20240524-WA0001_copy_800x533-630x420.jpg 630w, https:\/\/www.hoymercedes.com.ar\/principal\/wp-content\/uploads\/2024\/05\/IMG-20240524-WA0001_copy_800x533-150x100.jpg 150w, https:\/\/www.hoymercedes.com.ar\/principal\/wp-content\/uploads\/2024\/05\/IMG-20240524-WA0001_copy_800x533-700x465.jpg 700w\" sizes=\"auto, (max-width: 800px) 100vw, 800px\" \/><\/figure>\n<\/div>\n\n\n<p>De esta manera los recientes matriculados obtuvieron su credencial , recibieron la bienvenida de parte de las autoridades de la Mesa Directiva y se llevaron un maletin de cuero conteniendo Libro con la Ley 10405, libro de obra, la revista distrital, la Agenda CAPBA5 2024 y un medidor laser digital.<\/p>\n","protected":false},"excerpt":{"rendered":"<p>El Colegio de Arquitectos &#8211; Distrito 5 con sede e Mercedes brind\u00f3 la bienvenida a los profesionales que se suman &#8230; <a title=\"Nuevos matriculados en el Colegio de Arquitectos\" class=\"read-more\" href=\"https:\/\/www.hoymercedes.com.ar\/principal\/2024\/05\/24\/nuevos-matriculados-en-el-colegio-de-arquitectos\/\" aria-label=\"Leer m\u00e1s sobre Nuevos matriculados en el Colegio de Arquitectos\">Leer m\u00e1s<\/a><\/p>\n","protected":false},"author":1,"featured_media":175930,"comment_status":"closed","ping_status":"open","sticky":false,"template":"","format":"standard","meta":{"_monsterinsights_skip_tracking":false,"_monsterinsights_sitenote_active":false,"_monsterinsights_sitenote_note":"","_monsterinsights_sitenote_category":0,"jetpack_post_was_ever_published":false,"_jetpack_newsletter_access":"","_jetpack_dont_email_post_to_subs":false,"_jetpack_newsletter_tier_id":0,"_jetpack_memberships_contains_paywalled_content":false,"_jetpack_memberships_contains_paid_content":false,"footnotes":"","jetpack_publicize_message":"","jetpack_publicize_feature_enabled":true,"jetpack_social_post_already_shared":true,"jetpack_social_options":{"image_generator_settings":{"template":"highway","default_image_id":0,"font":"","enabled":false},"version":2},"_wpas_customize_per_network":false},"categories":[8],"tags":[],"class_list":["post-175927","post","type-post","status-publish","format-standard","has-post-thumbnail","hentry","category-sociedad","generate-columns","tablet-grid-50","mobile-grid-100","grid-parent","grid-50"],"jetpack_publicize_connections":[],"jetpack_featured_media_url":"https:\/\/www.hoymercedes.com.ar\/principal\/wp-content\/uploads\/2024\/05\/IMG-20240524-WA0000_copy_800x533.jpg","wps_subtitle":"","jetpack_sharing_enabled":true,"_links":{"self":[{"href":"https:\/\/www.hoymercedes.com.ar\/principal\/wp-json\/wp\/v2\/posts\/175927","targetHints":{"allow":["GET"]}}],"collection":[{"href":"https:\/\/www.hoymercedes.com.ar\/principal\/wp-json\/wp\/v2\/posts"}],"about":[{"href":"https:\/\/www.hoymercedes.com.ar\/principal\/wp-json\/wp\/v2\/types\/post"}],"author":[{"embeddable":true,"href":"https:\/\/www.hoymercedes.com.ar\/principal\/wp-json\/wp\/v2\/users\/1"}],"replies":[{"embeddable":true,"href":"https:\/\/www.hoymercedes.com.ar\/principal\/wp-json\/wp\/v2\/comments?post=175927"}],"version-history":[{"count":0,"href":"https:\/\/www.hoymercedes.com.ar\/principal\/wp-json\/wp\/v2\/posts\/175927\/revisions"}],"wp:featuredmedia":[{"embeddable":true,"href":"https:\/\/www.hoymercedes.com.ar\/principal\/wp-json\/wp\/v2\/media\/175930"}],"wp:attachment":[{"href":"https:\/\/www.hoymercedes.com.ar\/principal\/wp-json\/wp\/v2\/media?parent=175927"}],"wp:term":[{"taxonomy":"category","embeddable":true,"href":"https:\/\/www.hoymercedes.com.ar\/principal\/wp-json\/wp\/v2\/categories?post=175927"},{"taxonomy":"post_tag","embeddable":true,"href":"https:\/\/www.hoymercedes.com.ar\/principal\/wp-json\/wp\/v2\/tags?post=175927"}],"curies":[{"name":"wp","href":"https:\/\/api.w.org\/{rel}","templated":true}]}}