{"id":175939,"date":"2024-05-25T07:11:00","date_gmt":"2024-05-25T10:11:00","guid":{"rendered":"https:\/\/www.hoymercedes.com.ar\/principal\/?p=175939"},"modified":"2024-05-25T00:19:56","modified_gmt":"2024-05-25T03:19:56","slug":"preso-huyo-en-un-patrullero-de-la-comisaria-primera-de-lujan","status":"publish","type":"post","link":"https:\/\/www.hoymercedes.com.ar\/principal\/2024\/05\/25\/preso-huyo-en-un-patrullero-de-la-comisaria-primera-de-lujan\/","title":{"rendered":"Preso huy\u00f3 en un patrullero de la Comisar\u00eda Primera de Luj\u00e1n"},"content":{"rendered":"\n<figure class=\"wp-block-image size-full is-resized\"><img loading=\"lazy\" decoding=\"async\" width=\"748\" height=\"420\" data-attachment-id=\"175940\" data-permalink=\"https:\/\/www.hoymercedes.com.ar\/principal\/2024\/05\/25\/preso-huyo-en-un-patrullero-de-la-comisaria-primera-de-lujan\/patrullero-robado\/#main\" data-orig-file=\"https:\/\/www.hoymercedes.com.ar\/principal\/wp-content\/uploads\/2024\/05\/Patrullero-Robado.jpg\" data-orig-size=\"748,420\" data-comments-opened=\"0\" data-image-meta=\"{&quot;aperture&quot;:&quot;0&quot;,&quot;credit&quot;:&quot;&quot;,&quot;camera&quot;:&quot;&quot;,&quot;caption&quot;:&quot;&quot;,&quot;created_timestamp&quot;:&quot;0&quot;,&quot;copyright&quot;:&quot;&quot;,&quot;focal_length&quot;:&quot;0&quot;,&quot;iso&quot;:&quot;0&quot;,&quot;shutter_speed&quot;:&quot;0&quot;,&quot;title&quot;:&quot;&quot;,&quot;orientation&quot;:&quot;0&quot;}\" data-image-title=\"Patrullero-Robado\" data-image-description=\"\" data-image-caption=\"\" data-large-file=\"https:\/\/www.hoymercedes.com.ar\/principal\/wp-content\/uploads\/2024\/05\/Patrullero-Robado.jpg\" src=\"https:\/\/www.hoymercedes.com.ar\/principal\/wp-content\/uploads\/2024\/05\/Patrullero-Robado.jpg\" alt=\"\" class=\"wp-image-175940\" style=\"width:958px;height:auto\" srcset=\"https:\/\/www.hoymercedes.com.ar\/principal\/wp-content\/uploads\/2024\/05\/Patrullero-Robado.jpg 748w, https:\/\/www.hoymercedes.com.ar\/principal\/wp-content\/uploads\/2024\/05\/Patrullero-Robado-630x354.jpg 630w, https:\/\/www.hoymercedes.com.ar\/principal\/wp-content\/uploads\/2024\/05\/Patrullero-Robado-150x84.jpg 150w\" sizes=\"auto, (max-width: 748px) 100vw, 748px\" \/><\/figure>\n\n\n\n<p>Un hecho de pel\u00edcula se vivi\u00f3 en la localidad de San Martin cuando un detenido huy\u00f3 utilizando como medio de escape un patrullero perteneciente a la delegaci\u00f3n Luj\u00e1n de la Polic\u00eda Comunal.<\/p>\n\n\n\n<p>\u201cHab\u00eda sido detenido en febrero por integrar una banda delictiva dedicada al robo de camionetas en el Gran Buenos Aires. El m\u00f3vil policial fue encontrado en Lomas Hermosa, donde tiene domicilio el hamp\u00f3n que ahora est\u00e1 pr\u00f3fugo\u201d, inform\u00f3 El Civismo.<\/p>\n\n\n\n<p>El informe completo del bisemanario de la vecina ciudad en su edici\u00f3n digital cuanta que:<\/p>\n\n\n\n<p>Un delincuente logr\u00f3 escapar de la custodia policial tras robar un m\u00f3vil de la Comisar\u00eda Luj\u00e1n Primera. Los hechos ocurrieron este jueves, cuando la patrulla, un Chevrolet modelo Onix, fue sustra\u00edda durante el traslado hacia la Alcald\u00eda de San Mart\u00edn, perteneciente al Servicio Penitenciario Bonaerense (SPB).<\/p>\n\n\n\n<p>Seg\u00fan fuentes policiales, al llegar uno de los reclusos intent\u00f3 escapar a pie, mientras que el otro aprovech\u00f3 la oportunidad para abordar el veh\u00edculo policial y darse a la fuga.<\/p>\n\n\n\n<p>A pesar de un despliegue inmediato de operaciones de rastrillaje en la zona, hasta el momento solo se ha recuperado el m\u00f3vil perteneciente a nuestro distrito, encontrado abandonado cerca de la calle Mendoza y Pasaje San Felipe, en Loma Hermosa, a 2 kil\u00f3metros de la alcald\u00eda.<\/p>\n\n\n\n<p>El pr\u00f3fugo fue identificado como Marcelo Ezequiel \u00c1lvarez, de 25 a\u00f1os, cuyo domicilio registrado se encuentra en la misma localidad donde fue hallado el veh\u00edculo sustra\u00eddo.<\/p>\n\n\n\n<p>El ins\u00f3lito suceso fue capturado por las c\u00e1maras de seguridad de la alcald\u00eda. \u00c1lvarez hab\u00eda sido arrestado en febrero de este a\u00f1o junto a otros tres hombres sindicados de conformar una banda que se dedicaba a robar camionetas en el Gran Buenos Aires.<\/p>\n\n\n\n<p>Los veh\u00edculos luego eran tra\u00eddos a Luj\u00e1n donde le sacaban los dispositivos de rastreo satelital que ten\u00edan para interrumpir el sistema de geolocalizaci\u00f3n.<\/p>\n\n\n\n<p>La gavilla ten\u00eda conexi\u00f3n con un sujeto del barrio San Cayetano donde la Polic\u00eda hizo un allanamiento posteriormente al haber interceptado a dos veh\u00edculos en los que se movilizaban los asaltantes con sus parejas e hijos en uno de los ingresos a Luj\u00e1n.<\/p>\n\n\n\n<p>Fuente: <a href=\"https:\/\/www.elcivismo.com.ar\/notas\/53595\/un-preso-se-fugo-en-san-martin-en-un-patrullero-de-lujan-primera.html\" target=\"_blank\" rel=\"noopener\">El Civismo<\/a><\/p>\n","protected":false},"excerpt":{"rendered":"<p>Un hecho de pel\u00edcula se vivi\u00f3 en la localidad de San Martin cuando un detenido huy\u00f3 utilizando como medio de &#8230; <a title=\"Preso huy\u00f3 en un patrullero de la Comisar\u00eda Primera de Luj\u00e1n\" class=\"read-more\" href=\"https:\/\/www.hoymercedes.com.ar\/principal\/2024\/05\/25\/preso-huyo-en-un-patrullero-de-la-comisaria-primera-de-lujan\/\" aria-label=\"Leer m\u00e1s sobre Preso huy\u00f3 en un patrullero de la Comisar\u00eda Primera de Luj\u00e1n\">Leer m\u00e1s<\/a><\/p>\n","protected":false},"author":1,"featured_media":0,"comment_status":"closed","ping_status":"open","sticky":false,"template":"","format":"standard","meta":{"_monsterinsights_skip_tracking":false,"_monsterinsights_sitenote_active":false,"_monsterinsights_sitenote_note":"","_monsterinsights_sitenote_category":0,"jetpack_post_was_ever_published":false,"_jetpack_newsletter_access":"","_jetpack_dont_email_post_to_subs":false,"_jetpack_newsletter_tier_id":0,"_jetpack_memberships_contains_paywalled_content":false,"_jetpack_memberships_contains_paid_content":false,"footnotes":"","jetpack_publicize_message":"","jetpack_publicize_feature_enabled":true,"jetpack_social_post_already_shared":true,"jetpack_social_options":{"image_generator_settings":{"template":"highway","default_image_id":0,"font":"","enabled":false},"version":2},"_wpas_customize_per_network":false},"categories":[8],"tags":[],"class_list":["post-175939","post","type-post","status-publish","format-standard","hentry","category-sociedad","generate-columns","tablet-grid-50","mobile-grid-100","grid-parent","grid-50"],"jetpack_publicize_connections":[],"jetpack_featured_media_url":"","wps_subtitle":"","jetpack_sharing_enabled":true,"_links":{"self":[{"href":"https:\/\/www.hoymercedes.com.ar\/principal\/wp-json\/wp\/v2\/posts\/175939","targetHints":{"allow":["GET"]}}],"collection":[{"href":"https:\/\/www.hoymercedes.com.ar\/principal\/wp-json\/wp\/v2\/posts"}],"about":[{"href":"https:\/\/www.hoymercedes.com.ar\/principal\/wp-json\/wp\/v2\/types\/post"}],"author":[{"embeddable":true,"href":"https:\/\/www.hoymercedes.com.ar\/principal\/wp-json\/wp\/v2\/users\/1"}],"replies":[{"embeddable":true,"href":"https:\/\/www.hoymercedes.com.ar\/principal\/wp-json\/wp\/v2\/comments?post=175939"}],"version-history":[{"count":0,"href":"https:\/\/www.hoymercedes.com.ar\/principal\/wp-json\/wp\/v2\/posts\/175939\/revisions"}],"wp:attachment":[{"href":"https:\/\/www.hoymercedes.com.ar\/principal\/wp-json\/wp\/v2\/media?parent=175939"}],"wp:term":[{"taxonomy":"category","embeddable":true,"href":"https:\/\/www.hoymercedes.com.ar\/principal\/wp-json\/wp\/v2\/categories?post=175939"},{"taxonomy":"post_tag","embeddable":true,"href":"https:\/\/www.hoymercedes.com.ar\/principal\/wp-json\/wp\/v2\/tags?post=175939"}],"curies":[{"name":"wp","href":"https:\/\/api.w.org\/{rel}","templated":true}]}}