{"id":175961,"date":"2024-05-25T11:54:20","date_gmt":"2024-05-25T14:54:20","guid":{"rendered":"https:\/\/www.hoymercedes.com.ar\/principal\/?p=175961"},"modified":"2024-05-25T11:54:23","modified_gmt":"2024-05-25T14:54:23","slug":"charla-en-el-dia-de-la-salud-de-la-mujer","status":"publish","type":"post","link":"https:\/\/www.hoymercedes.com.ar\/principal\/2024\/05\/25\/charla-en-el-dia-de-la-salud-de-la-mujer\/","title":{"rendered":"Charla en el d\u00eda de la salud de la mujer"},"content":{"rendered":"\n<p>En el marco del D\u00eda de la Salud de la Mujer desde la Secretar\u00eda de Salud del Municipio de Mercedes, se llevar\u00e1 adelante el pr\u00f3ximo 28 de mayo, un encuentro con diferentes profesionales que hablar\u00e1n sobre los Mitos y Verdades sobre el C\u00e1ncer de Mama, Conociendo Tu Suelo P\u00e9lvico y C\u00f3mo debemos Alimentarnos. La misma se realizar\u00e1 en el MAMM (calle 23 N\u00b0383) a partir de las 09:30 horas y es libre y gratuito.\u00a0 \u00a0<\/p>\n\n\n<div class=\"wp-block-image\">\n<figure class=\"aligncenter size-full is-resized\"><img loading=\"lazy\" decoding=\"async\" width=\"526\" height=\"526\" data-attachment-id=\"175962\" data-permalink=\"https:\/\/www.hoymercedes.com.ar\/principal\/2024\/05\/25\/charla-en-el-dia-de-la-salud-de-la-mujer\/dia-de-la-salud-mujere\/#main\" data-orig-file=\"https:\/\/www.hoymercedes.com.ar\/principal\/wp-content\/uploads\/2024\/05\/dia-de-la-salud-mujere.jpg\" data-orig-size=\"526,526\" data-comments-opened=\"0\" data-image-meta=\"{&quot;aperture&quot;:&quot;0&quot;,&quot;credit&quot;:&quot;&quot;,&quot;camera&quot;:&quot;&quot;,&quot;caption&quot;:&quot;&quot;,&quot;created_timestamp&quot;:&quot;0&quot;,&quot;copyright&quot;:&quot;&quot;,&quot;focal_length&quot;:&quot;0&quot;,&quot;iso&quot;:&quot;0&quot;,&quot;shutter_speed&quot;:&quot;0&quot;,&quot;title&quot;:&quot;&quot;,&quot;orientation&quot;:&quot;0&quot;}\" data-image-title=\"dia de la salud mujere\" data-image-description=\"\" data-image-caption=\"\" data-large-file=\"https:\/\/www.hoymercedes.com.ar\/principal\/wp-content\/uploads\/2024\/05\/dia-de-la-salud-mujere.jpg\" src=\"https:\/\/www.hoymercedes.com.ar\/principal\/wp-content\/uploads\/2024\/05\/dia-de-la-salud-mujere.jpg\" alt=\"\" class=\"wp-image-175962\" style=\"width:642px;height:auto\" srcset=\"https:\/\/www.hoymercedes.com.ar\/principal\/wp-content\/uploads\/2024\/05\/dia-de-la-salud-mujere.jpg 526w, https:\/\/www.hoymercedes.com.ar\/principal\/wp-content\/uploads\/2024\/05\/dia-de-la-salud-mujere-150x150.jpg 150w\" sizes=\"auto, (max-width: 526px) 100vw, 526px\" \/><\/figure>\n<\/div>\n\n\n<p>Manuela Balaiche, profesora de Educaci\u00f3n F\u00edsica y personal trainer, con especializaci\u00f3n en c\u00e1ncer y ejercicio, quien es parte de la Secretar\u00eda de Salud, cont\u00f3 \u201ceste 28 de mayo nos vamos a juntar en el MAMM donde van a ver 3 disertantes quienes hablar\u00e1n sobre diferentes tem\u00e1ticas, las cuales son consultas o interrogantes que m\u00e1s surgen y que nos hacen habitualmente\u201d.<\/p>\n\n\n\n<p>\u201cLa idea es poder hablar temas que afectan a la salud de las mujeres y que muchas veces es un tab\u00fa y no se habla\u201d se\u00f1al\u00f3 Balaiche y apunt\u00f3 \u201ccomo as\u00ed tambi\u00e9n poder mejorarlo o rehabilitarlo\u201d.<\/p>\n\n\n\n<p>El D\u00eda Internacional de la Salud para las Mujeres se celebra el 28 de mayo de cada a\u00f1o, con el objetivo de concienciar y hacer frente a diversas enfermedades y padecimientos que sufren las mujeres y que en muchos casos se pueden prevenir.&nbsp;&nbsp;<\/p>\n\n\n\n<p>Fuente: Prensa Municipal<\/p>\n","protected":false},"excerpt":{"rendered":"<p>En el marco del D\u00eda de la Salud de la Mujer desde la Secretar\u00eda de Salud del Municipio de Mercedes, &#8230; <a title=\"Charla en el d\u00eda de la salud de la mujer\" class=\"read-more\" href=\"https:\/\/www.hoymercedes.com.ar\/principal\/2024\/05\/25\/charla-en-el-dia-de-la-salud-de-la-mujer\/\" aria-label=\"Leer m\u00e1s sobre Charla en el d\u00eda de la salud de la mujer\">Leer m\u00e1s<\/a><\/p>\n","protected":false},"author":1,"featured_media":175962,"comment_status":"closed","ping_status":"open","sticky":false,"template":"","format":"standard","meta":{"_monsterinsights_skip_tracking":false,"_monsterinsights_sitenote_active":false,"_monsterinsights_sitenote_note":"","_monsterinsights_sitenote_category":0,"jetpack_post_was_ever_published":false,"_jetpack_newsletter_access":"","_jetpack_dont_email_post_to_subs":false,"_jetpack_newsletter_tier_id":0,"_jetpack_memberships_contains_paywalled_content":false,"_jetpack_memberships_contains_paid_content":false,"footnotes":"","jetpack_publicize_message":"","jetpack_publicize_feature_enabled":true,"jetpack_social_post_already_shared":true,"jetpack_social_options":{"image_generator_settings":{"template":"highway","default_image_id":0,"font":"","enabled":false},"version":2},"_wpas_customize_per_network":false},"categories":[30],"tags":[244],"class_list":["post-175961","post","type-post","status-publish","format-standard","has-post-thumbnail","hentry","category-municipio","tag-municipio-2","generate-columns","tablet-grid-50","mobile-grid-100","grid-parent","grid-50"],"jetpack_publicize_connections":[],"jetpack_featured_media_url":"https:\/\/www.hoymercedes.com.ar\/principal\/wp-content\/uploads\/2024\/05\/dia-de-la-salud-mujere.jpg","wps_subtitle":"","jetpack_sharing_enabled":true,"_links":{"self":[{"href":"https:\/\/www.hoymercedes.com.ar\/principal\/wp-json\/wp\/v2\/posts\/175961","targetHints":{"allow":["GET"]}}],"collection":[{"href":"https:\/\/www.hoymercedes.com.ar\/principal\/wp-json\/wp\/v2\/posts"}],"about":[{"href":"https:\/\/www.hoymercedes.com.ar\/principal\/wp-json\/wp\/v2\/types\/post"}],"author":[{"embeddable":true,"href":"https:\/\/www.hoymercedes.com.ar\/principal\/wp-json\/wp\/v2\/users\/1"}],"replies":[{"embeddable":true,"href":"https:\/\/www.hoymercedes.com.ar\/principal\/wp-json\/wp\/v2\/comments?post=175961"}],"version-history":[{"count":0,"href":"https:\/\/www.hoymercedes.com.ar\/principal\/wp-json\/wp\/v2\/posts\/175961\/revisions"}],"wp:featuredmedia":[{"embeddable":true,"href":"https:\/\/www.hoymercedes.com.ar\/principal\/wp-json\/wp\/v2\/media\/175962"}],"wp:attachment":[{"href":"https:\/\/www.hoymercedes.com.ar\/principal\/wp-json\/wp\/v2\/media?parent=175961"}],"wp:term":[{"taxonomy":"category","embeddable":true,"href":"https:\/\/www.hoymercedes.com.ar\/principal\/wp-json\/wp\/v2\/categories?post=175961"},{"taxonomy":"post_tag","embeddable":true,"href":"https:\/\/www.hoymercedes.com.ar\/principal\/wp-json\/wp\/v2\/tags?post=175961"}],"curies":[{"name":"wp","href":"https:\/\/api.w.org\/{rel}","templated":true}]}}