{"id":176010,"date":"2024-05-28T12:36:00","date_gmt":"2024-05-28T15:36:00","guid":{"rendered":"https:\/\/www.hoymercedes.com.ar\/principal\/?p=176010"},"modified":"2024-05-27T19:56:15","modified_gmt":"2024-05-27T22:56:15","slug":"tenis-matias-re-gano-el-torneo-de-la-categoria-b","status":"publish","type":"post","link":"https:\/\/www.hoymercedes.com.ar\/principal\/2024\/05\/28\/tenis-matias-re-gano-el-torneo-de-la-categoria-b\/","title":{"rendered":"Tenis: Mat\u00edas Re gan\u00f3 el torneo de la categor\u00eda B"},"content":{"rendered":"\n<p>Mat\u00edas Re le gan\u00f3 4-2 a Juan Ramponi y se qued\u00f3 con el segundo torneo de la categor\u00eda B 2024, organizado por las escuelas de tenis de Hern\u00e1n Ricaldoni y Mauricio Pisoni el s\u00e1bado en la Liga de Padres.<\/p>\n\n\n<div class=\"wp-block-image\">\n<figure class=\"aligncenter size-full\"><img loading=\"lazy\" decoding=\"async\" width=\"800\" height=\"533\" data-attachment-id=\"176015\" data-permalink=\"https:\/\/www.hoymercedes.com.ar\/principal\/2024\/05\/28\/tenis-matias-re-gano-el-torneo-de-la-categoria-b\/img-20240526-wa0058\/#main\" data-orig-file=\"https:\/\/www.hoymercedes.com.ar\/principal\/wp-content\/uploads\/2024\/05\/IMG-20240526-WA0058.jpg\" data-orig-size=\"800,533\" data-comments-opened=\"0\" data-image-meta=\"{&quot;aperture&quot;:&quot;0&quot;,&quot;credit&quot;:&quot;&quot;,&quot;camera&quot;:&quot;&quot;,&quot;caption&quot;:&quot;&quot;,&quot;created_timestamp&quot;:&quot;0&quot;,&quot;copyright&quot;:&quot;&quot;,&quot;focal_length&quot;:&quot;0&quot;,&quot;iso&quot;:&quot;0&quot;,&quot;shutter_speed&quot;:&quot;0&quot;,&quot;title&quot;:&quot;&quot;,&quot;orientation&quot;:&quot;0&quot;}\" data-image-title=\"IMG-20240526-WA0058\" data-image-description=\"\" data-image-caption=\"\" data-large-file=\"https:\/\/www.hoymercedes.com.ar\/principal\/wp-content\/uploads\/2024\/05\/IMG-20240526-WA0058.jpg\" src=\"https:\/\/www.hoymercedes.com.ar\/principal\/wp-content\/uploads\/2024\/05\/IMG-20240526-WA0058.jpg\" alt=\"\" class=\"wp-image-176015\" srcset=\"https:\/\/www.hoymercedes.com.ar\/principal\/wp-content\/uploads\/2024\/05\/IMG-20240526-WA0058.jpg 800w, https:\/\/www.hoymercedes.com.ar\/principal\/wp-content\/uploads\/2024\/05\/IMG-20240526-WA0058-630x420.jpg 630w, https:\/\/www.hoymercedes.com.ar\/principal\/wp-content\/uploads\/2024\/05\/IMG-20240526-WA0058-150x100.jpg 150w, https:\/\/www.hoymercedes.com.ar\/principal\/wp-content\/uploads\/2024\/05\/IMG-20240526-WA0058-700x465.jpg 700w\" sizes=\"auto, (max-width: 800px) 100vw, 800px\" \/><\/figure>\n<\/div>\n\n\n<p>En una final muy pareja que hab\u00eda empezado dos games por lado para cada jugador, Mat\u00edas Re, de 14 a\u00f1os, logr\u00f3 destrabar el partido y quedarse con el primer puesto del certamen. De esta manera, es el nuevo campe\u00f3n de la categor\u00eda, dado que anteriormente la hab\u00eda ganado Miqueas Ascani.<\/p>\n\n\n\n<p>El torneo fue el quinto en lo que va del a\u00f1o, contando todos los niveles, organizado por las escuelas de tenis del Club Mercedes y la Liga de Padres. Adem\u00e1s, el evento estuvo supervisado por Alan Demattei y Emiliano Marcelo y cont\u00f3 con la participaci\u00f3n de 13 jugadores.<\/p>\n\n\n\n<p>Grupo A<br>1 Felipe Rivero<br>2 Sim\u00f3n Ferrero<br>3 Juan Boragno<br>4 Vicente Neila<\/p>\n\n\n\n<p>Grupo B<br>1 Manuel Cinto<br>2 Silvestre Ratto<br>3 Pedro Veppo<\/p>\n\n\n\n<p>Grupo C<br>1 Mat\u00edas Re<br>2 Enzo Del Giudice<br>3 Juana Perruolo<\/p>\n\n\n\n<p>Grupo D<br>1 Juan Ramponi<br>2 Felipe Ustarroz<br>3 Juan Linguer<\/p>\n\n\n\n<p>Cuartos de final:<br>_Felipe Rivero 4\/0 a Silvestre Ratto<br>_Mat\u00edas Re 4\/3 a Felipe Ustarroz<br>_Sim\u00f3n Ferrero 4\/1 a Manuel Cinto<br>_Juan Ramponi 4\/0 a Enzo Del Giudice<\/p>\n\n\n\n<p>Semifinales:<br>_Mat\u00edas Re 4\/0 a Felipe Rivero<br>_Juan Ramponi 4\/3 a Sim\u00f3n Ferrero<\/p>\n\n\n\n<p>Final:<br>_Mat\u00edas Re 4\/2 a Juan Ramponi<\/p>\n","protected":false},"excerpt":{"rendered":"<p>Mat\u00edas Re le gan\u00f3 4-2 a Juan Ramponi y se qued\u00f3 con el segundo torneo de la categor\u00eda B 2024, &#8230; <a title=\"Tenis: Mat\u00edas Re gan\u00f3 el torneo de la categor\u00eda B\" class=\"read-more\" href=\"https:\/\/www.hoymercedes.com.ar\/principal\/2024\/05\/28\/tenis-matias-re-gano-el-torneo-de-la-categoria-b\/\" aria-label=\"Leer m\u00e1s sobre Tenis: Mat\u00edas Re gan\u00f3 el torneo de la categor\u00eda B\">Leer m\u00e1s<\/a><\/p>\n","protected":false},"author":1,"featured_media":176015,"comment_status":"closed","ping_status":"open","sticky":false,"template":"","format":"standard","meta":{"_monsterinsights_skip_tracking":false,"_monsterinsights_sitenote_active":false,"_monsterinsights_sitenote_note":"","_monsterinsights_sitenote_category":0,"jetpack_post_was_ever_published":false,"_jetpack_newsletter_access":"","_jetpack_dont_email_post_to_subs":false,"_jetpack_newsletter_tier_id":0,"_jetpack_memberships_contains_paywalled_content":false,"_jetpack_memberships_contains_paid_content":false,"footnotes":"","jetpack_publicize_message":"","jetpack_publicize_feature_enabled":true,"jetpack_social_post_already_shared":true,"jetpack_social_options":{"image_generator_settings":{"template":"highway","default_image_id":0,"font":"","enabled":false},"version":2},"_wpas_customize_per_network":false},"categories":[8],"tags":[],"class_list":["post-176010","post","type-post","status-publish","format-standard","has-post-thumbnail","hentry","category-sociedad","generate-columns","tablet-grid-50","mobile-grid-100","grid-parent","grid-50"],"jetpack_publicize_connections":[],"jetpack_featured_media_url":"https:\/\/www.hoymercedes.com.ar\/principal\/wp-content\/uploads\/2024\/05\/IMG-20240526-WA0058.jpg","wps_subtitle":"","jetpack_sharing_enabled":true,"_links":{"self":[{"href":"https:\/\/www.hoymercedes.com.ar\/principal\/wp-json\/wp\/v2\/posts\/176010","targetHints":{"allow":["GET"]}}],"collection":[{"href":"https:\/\/www.hoymercedes.com.ar\/principal\/wp-json\/wp\/v2\/posts"}],"about":[{"href":"https:\/\/www.hoymercedes.com.ar\/principal\/wp-json\/wp\/v2\/types\/post"}],"author":[{"embeddable":true,"href":"https:\/\/www.hoymercedes.com.ar\/principal\/wp-json\/wp\/v2\/users\/1"}],"replies":[{"embeddable":true,"href":"https:\/\/www.hoymercedes.com.ar\/principal\/wp-json\/wp\/v2\/comments?post=176010"}],"version-history":[{"count":0,"href":"https:\/\/www.hoymercedes.com.ar\/principal\/wp-json\/wp\/v2\/posts\/176010\/revisions"}],"wp:featuredmedia":[{"embeddable":true,"href":"https:\/\/www.hoymercedes.com.ar\/principal\/wp-json\/wp\/v2\/media\/176015"}],"wp:attachment":[{"href":"https:\/\/www.hoymercedes.com.ar\/principal\/wp-json\/wp\/v2\/media?parent=176010"}],"wp:term":[{"taxonomy":"category","embeddable":true,"href":"https:\/\/www.hoymercedes.com.ar\/principal\/wp-json\/wp\/v2\/categories?post=176010"},{"taxonomy":"post_tag","embeddable":true,"href":"https:\/\/www.hoymercedes.com.ar\/principal\/wp-json\/wp\/v2\/tags?post=176010"}],"curies":[{"name":"wp","href":"https:\/\/api.w.org\/{rel}","templated":true}]}}