{"id":176049,"date":"2024-05-29T07:15:00","date_gmt":"2024-05-29T10:15:00","guid":{"rendered":"https:\/\/www.hoymercedes.com.ar\/principal\/?p=176049"},"modified":"2024-05-29T00:18:33","modified_gmt":"2024-05-29T03:18:33","slug":"vecinos-contra-el-peaje-fueron-recibidos-por-ustarroz","status":"publish","type":"post","link":"https:\/\/www.hoymercedes.com.ar\/principal\/2024\/05\/29\/vecinos-contra-el-peaje-fueron-recibidos-por-ustarroz\/","title":{"rendered":"Vecinos \u201ccontra el peaje\u201d fueron recibidos por Ustarroz"},"content":{"rendered":"\n<figure class=\"wp-block-image size-large\"><img loading=\"lazy\" decoding=\"async\" width=\"1024\" height=\"682\" data-attachment-id=\"176050\" data-permalink=\"https:\/\/www.hoymercedes.com.ar\/principal\/2024\/05\/29\/vecinos-contra-el-peaje-fueron-recibidos-por-ustarroz\/dsc02524\/#main\" data-orig-file=\"https:\/\/www.hoymercedes.com.ar\/principal\/wp-content\/uploads\/2024\/05\/DSC02524.jpg\" data-orig-size=\"1319,879\" data-comments-opened=\"0\" data-image-meta=\"{&quot;aperture&quot;:&quot;0&quot;,&quot;credit&quot;:&quot;&quot;,&quot;camera&quot;:&quot;&quot;,&quot;caption&quot;:&quot;&quot;,&quot;created_timestamp&quot;:&quot;0&quot;,&quot;copyright&quot;:&quot;&quot;,&quot;focal_length&quot;:&quot;0&quot;,&quot;iso&quot;:&quot;0&quot;,&quot;shutter_speed&quot;:&quot;0&quot;,&quot;title&quot;:&quot;&quot;,&quot;orientation&quot;:&quot;0&quot;}\" data-image-title=\"Vecinos \u201ccontra el peaje\u201d fueron recibidos por Ustarroz\" data-image-description=\"&lt;p&gt;Vecinos \u201ccontra el peaje\u201d fueron recibidos por Ustarroz&lt;\/p&gt;\n\" data-image-caption=\"&lt;p&gt;Vecinos \u201ccontra el peaje\u201d fueron recibidos por Ustarroz&lt;\/p&gt;\n\" data-large-file=\"https:\/\/www.hoymercedes.com.ar\/principal\/wp-content\/uploads\/2024\/05\/DSC02524-1024x682.jpg\" src=\"https:\/\/www.hoymercedes.com.ar\/principal\/wp-content\/uploads\/2024\/05\/DSC02524-1024x682.jpg\" alt=\"\" class=\"wp-image-176050\" srcset=\"https:\/\/www.hoymercedes.com.ar\/principal\/wp-content\/uploads\/2024\/05\/DSC02524-1024x682.jpg 1024w, https:\/\/www.hoymercedes.com.ar\/principal\/wp-content\/uploads\/2024\/05\/DSC02524-630x420.jpg 630w, https:\/\/www.hoymercedes.com.ar\/principal\/wp-content\/uploads\/2024\/05\/DSC02524-150x100.jpg 150w, https:\/\/www.hoymercedes.com.ar\/principal\/wp-content\/uploads\/2024\/05\/DSC02524-700x465.jpg 700w, https:\/\/www.hoymercedes.com.ar\/principal\/wp-content\/uploads\/2024\/05\/DSC02524.jpg 1319w\" sizes=\"auto, (max-width: 1024px) 100vw, 1024px\" \/><\/figure>\n\n\n\n<p>La Comisi\u00f3n de Mercedes contra el Peaje fue recibida por el Intendente Dr. Juan I. Ustarroz en un encuentro llevado adelante en el Palacio Municipal. All\u00ed fueron varios los que representaron a una comisi\u00f3n m\u00e1s amplia que desde hace a\u00f1os viene luchando por mejores condiciones para las y los mercedinos respecto al peaje de Olivera.<\/p>\n\n\n\n<p>Los constantes aumentos vividos en los \u00faltimos seis meses est\u00e1 haciendo la situaci\u00f3n sumamente dif\u00edcil. Cada mes el bolet\u00edn oficial determina una nueva suba.<\/p>\n\n\n\n<p>En un comunicado a la prensa la Comisi\u00f3n expres\u00f3 que \u201cya se hicieron peticiones a Vialidad Nacional y ahora tambi\u00e9n a Corredores Viales. La idea es generar reuniones donde est\u00e9n los vecinos, el poder pol\u00edtico, los comerciantes y el defensor del pueblo para lograr un acuerdo con Corredores Viales\u201d afirmaron.<\/p>\n\n\n\n<figure class=\"wp-block-image size-large\"><img loading=\"lazy\" decoding=\"async\" width=\"1024\" height=\"682\" data-attachment-id=\"176051\" data-permalink=\"https:\/\/www.hoymercedes.com.ar\/principal\/2024\/05\/29\/vecinos-contra-el-peaje-fueron-recibidos-por-ustarroz\/dsc02515\/#main\" data-orig-file=\"https:\/\/www.hoymercedes.com.ar\/principal\/wp-content\/uploads\/2024\/05\/DSC02515.jpg\" data-orig-size=\"1319,879\" data-comments-opened=\"0\" data-image-meta=\"{&quot;aperture&quot;:&quot;0&quot;,&quot;credit&quot;:&quot;&quot;,&quot;camera&quot;:&quot;&quot;,&quot;caption&quot;:&quot;&quot;,&quot;created_timestamp&quot;:&quot;0&quot;,&quot;copyright&quot;:&quot;&quot;,&quot;focal_length&quot;:&quot;0&quot;,&quot;iso&quot;:&quot;0&quot;,&quot;shutter_speed&quot;:&quot;0&quot;,&quot;title&quot;:&quot;&quot;,&quot;orientation&quot;:&quot;0&quot;}\" data-image-title=\"Vecinos \u201ccontra el peaje\u201d fueron recibidos por Ustarroz\" data-image-description=\"&lt;p&gt;Vecinos \u201ccontra el peaje\u201d fueron recibidos por Ustarroz&lt;\/p&gt;\n\" data-image-caption=\"&lt;p&gt;Vecinos \u201ccontra el peaje\u201d fueron recibidos por Ustarroz&lt;\/p&gt;\n\" data-large-file=\"https:\/\/www.hoymercedes.com.ar\/principal\/wp-content\/uploads\/2024\/05\/DSC02515-1024x682.jpg\" src=\"https:\/\/www.hoymercedes.com.ar\/principal\/wp-content\/uploads\/2024\/05\/DSC02515-1024x682.jpg\" alt=\"Vecinos \u201ccontra el peaje\u201d fueron recibidos por Ustarroz\" class=\"wp-image-176051\" srcset=\"https:\/\/www.hoymercedes.com.ar\/principal\/wp-content\/uploads\/2024\/05\/DSC02515-1024x682.jpg 1024w, https:\/\/www.hoymercedes.com.ar\/principal\/wp-content\/uploads\/2024\/05\/DSC02515-630x420.jpg 630w, https:\/\/www.hoymercedes.com.ar\/principal\/wp-content\/uploads\/2024\/05\/DSC02515-150x100.jpg 150w, https:\/\/www.hoymercedes.com.ar\/principal\/wp-content\/uploads\/2024\/05\/DSC02515-700x465.jpg 700w, https:\/\/www.hoymercedes.com.ar\/principal\/wp-content\/uploads\/2024\/05\/DSC02515.jpg 1319w\" sizes=\"auto, (max-width: 1024px) 100vw, 1024px\" \/><\/figure>\n\n\n\n<p>Tambi\u00e9n destacaron que \u201cpor el momento seguiremos todas estas cuestiones sin privarnos de seguir juntando vecinos, que de fracasar estas gestiones, se movilicen a las cabinas de peaje. La idea es&nbsp; realizar all\u00ed una protesta por el abusivo precio inconstitucional, por no tener colectora ni camino alternativo, por la falta de mantenimiento y obras, por el estado de abandono, pastizales, falta de luz, inseguridad a los usuarios viales\u201d narraron<\/p>\n\n\n\n<p>Adem\u00e1s especificaron que \u201cla Comisi\u00f3n est\u00e1 trabajando en todos frentes posibles para&nbsp; lograr un acuerdo similar al 2004 y para ello contamos tambi\u00e9n con el apoyo del Comit\u00e9 de defensa del usuario Vial que abarca toda la problem\u00e1tica del peaje en el pa\u00eds y de la Uni\u00f3n de Usuarios Viales que trabaja m\u00e1s en la provincia de Buenos Aires y ha tenido importantes reuniones con legisladores reclamando por las rutas nacionales como la ruta 5\u201d<\/p>\n\n\n\n<p>Antes de finalizar ratificaron que \u201cagotaremos todas las instancias de pedidos o reuniones antes de realizar una movilizaci\u00f3n que ya muchos vecinos nos piden. Como siempre aquellos que quieran unirse al grupo&nbsp; puede mensajear el 2324 580346\/ 696970 \/ 647853\/ 463812\u201d<\/p>\n","protected":false},"excerpt":{"rendered":"<p>Vecinos \u201ccontra el peaje\u201d fueron recibidos por Ustarroz<\/p>\n","protected":false},"author":1,"featured_media":176050,"comment_status":"closed","ping_status":"open","sticky":false,"template":"","format":"standard","meta":{"_monsterinsights_skip_tracking":false,"_monsterinsights_sitenote_active":false,"_monsterinsights_sitenote_note":"","_monsterinsights_sitenote_category":0,"jetpack_post_was_ever_published":false,"_jetpack_newsletter_access":"","_jetpack_dont_email_post_to_subs":false,"_jetpack_newsletter_tier_id":0,"_jetpack_memberships_contains_paywalled_content":false,"_jetpack_memberships_contains_paid_content":false,"footnotes":"","jetpack_publicize_message":"","jetpack_publicize_feature_enabled":true,"jetpack_social_post_already_shared":true,"jetpack_social_options":{"image_generator_settings":{"template":"highway","default_image_id":0,"font":"","enabled":false},"version":2},"_wpas_customize_per_network":false},"categories":[8],"tags":[3065,3064],"class_list":["post-176049","post","type-post","status-publish","format-standard","has-post-thumbnail","hentry","category-sociedad","tag-comision-de-vecinos-contra-el-peaje","tag-peaje-de-olivera","generate-columns","tablet-grid-50","mobile-grid-100","grid-parent","grid-50"],"jetpack_publicize_connections":[],"jetpack_featured_media_url":"https:\/\/www.hoymercedes.com.ar\/principal\/wp-content\/uploads\/2024\/05\/DSC02524.jpg","wps_subtitle":"Encuentro institucional","jetpack_sharing_enabled":true,"_links":{"self":[{"href":"https:\/\/www.hoymercedes.com.ar\/principal\/wp-json\/wp\/v2\/posts\/176049","targetHints":{"allow":["GET"]}}],"collection":[{"href":"https:\/\/www.hoymercedes.com.ar\/principal\/wp-json\/wp\/v2\/posts"}],"about":[{"href":"https:\/\/www.hoymercedes.com.ar\/principal\/wp-json\/wp\/v2\/types\/post"}],"author":[{"embeddable":true,"href":"https:\/\/www.hoymercedes.com.ar\/principal\/wp-json\/wp\/v2\/users\/1"}],"replies":[{"embeddable":true,"href":"https:\/\/www.hoymercedes.com.ar\/principal\/wp-json\/wp\/v2\/comments?post=176049"}],"version-history":[{"count":0,"href":"https:\/\/www.hoymercedes.com.ar\/principal\/wp-json\/wp\/v2\/posts\/176049\/revisions"}],"wp:featuredmedia":[{"embeddable":true,"href":"https:\/\/www.hoymercedes.com.ar\/principal\/wp-json\/wp\/v2\/media\/176050"}],"wp:attachment":[{"href":"https:\/\/www.hoymercedes.com.ar\/principal\/wp-json\/wp\/v2\/media?parent=176049"}],"wp:term":[{"taxonomy":"category","embeddable":true,"href":"https:\/\/www.hoymercedes.com.ar\/principal\/wp-json\/wp\/v2\/categories?post=176049"},{"taxonomy":"post_tag","embeddable":true,"href":"https:\/\/www.hoymercedes.com.ar\/principal\/wp-json\/wp\/v2\/tags?post=176049"}],"curies":[{"name":"wp","href":"https:\/\/api.w.org\/{rel}","templated":true}]}}