{"id":176064,"date":"2024-05-29T17:07:27","date_gmt":"2024-05-29T20:07:27","guid":{"rendered":"https:\/\/www.hoymercedes.com.ar\/principal\/?p=176064"},"modified":"2024-05-29T17:08:44","modified_gmt":"2024-05-29T20:08:44","slug":"suipacha-desaprueban-la-rendicion-de-cuentas-de-la-gestion-2023-de-federico","status":"publish","type":"post","link":"https:\/\/www.hoymercedes.com.ar\/principal\/2024\/05\/29\/suipacha-desaprueban-la-rendicion-de-cuentas-de-la-gestion-2023-de-federico\/","title":{"rendered":"Suipacha: desaprueban la Rendici\u00f3n de Cuentas de la gesti\u00f3n 2023 de Federico"},"content":{"rendered":"\n<figure class=\"wp-block-image size-full is-resized\"><img loading=\"lazy\" decoding=\"async\" width=\"800\" height=\"589\" data-attachment-id=\"176065\" data-permalink=\"https:\/\/www.hoymercedes.com.ar\/principal\/2024\/05\/29\/suipacha-desaprueban-la-rendicion-de-cuentas-de-la-gestion-2023-de-federico\/federico\/#main\" data-orig-file=\"https:\/\/www.hoymercedes.com.ar\/principal\/wp-content\/uploads\/2024\/05\/Federico.jpg\" data-orig-size=\"800,589\" data-comments-opened=\"0\" data-image-meta=\"{&quot;aperture&quot;:&quot;0&quot;,&quot;credit&quot;:&quot;&quot;,&quot;camera&quot;:&quot;&quot;,&quot;caption&quot;:&quot;&quot;,&quot;created_timestamp&quot;:&quot;0&quot;,&quot;copyright&quot;:&quot;&quot;,&quot;focal_length&quot;:&quot;0&quot;,&quot;iso&quot;:&quot;0&quot;,&quot;shutter_speed&quot;:&quot;0&quot;,&quot;title&quot;:&quot;&quot;,&quot;orientation&quot;:&quot;0&quot;}\" data-image-title=\"Concejo Deliberante desaprob\u00f3 la Rendici\u00f3n de Cuentas de la gesti\u00f3n 2023 de Federico\" data-image-description=\"&lt;p&gt;Concejo Deliberante desaprob\u00f3 la Rendici\u00f3n de Cuentas de la gesti\u00f3n 2023 de Federico&lt;\/p&gt;\n\" data-image-caption=\"&lt;p&gt;Concejo Deliberante desaprob\u00f3 la Rendici\u00f3n de Cuentas de la gesti\u00f3n 2023 de Federico&lt;\/p&gt;\n\" data-large-file=\"https:\/\/www.hoymercedes.com.ar\/principal\/wp-content\/uploads\/2024\/05\/Federico.jpg\" src=\"https:\/\/www.hoymercedes.com.ar\/principal\/wp-content\/uploads\/2024\/05\/Federico.jpg\" alt=\"Concejo Deliberante desaprob\u00f3 la Rendici\u00f3n de Cuentas de la gesti\u00f3n 2023 de Federico\" class=\"wp-image-176065\" style=\"width:960px;height:auto\" srcset=\"https:\/\/www.hoymercedes.com.ar\/principal\/wp-content\/uploads\/2024\/05\/Federico.jpg 800w, https:\/\/www.hoymercedes.com.ar\/principal\/wp-content\/uploads\/2024\/05\/Federico-630x464.jpg 630w, https:\/\/www.hoymercedes.com.ar\/principal\/wp-content\/uploads\/2024\/05\/Federico-150x110.jpg 150w\" sizes=\"auto, (max-width: 800px) 100vw, 800px\" \/><\/figure>\n\n\n\n<p>En una sesi\u00f3n de casi 3 horas y media de debate, el Concejo no aprob\u00f3 las cuentas presentadas en la \u00faltima gesti\u00f3n de Alejandro Federico. El d\u00e9ficit de 156 millones de pesos con el que dej\u00f3 el gobierno en diciembre fue el detonante.<\/p>\n\n\n\n<p>Con 6 votos por la desaprobaci\u00f3n, 5 por la aprobaci\u00f3n y la ausencia de la concejala Silvia Braghi, el Concejo Deliberante de Suipacha desaprob\u00f3 la rendici\u00f3n de cuentas del ejercicio 2023 de la gesti\u00f3n del ex intendente Alejandro Federico.<\/p>\n\n\n\n<p><br>Los concejales de Uni\u00f3n por la Patria argumentaron sobre el descalabro econ\u00f3mico generado por el ex intendente al haber iniciado el ejercicio 2023, a\u00f1o electoral, con $63 millones de super\u00e1vit m\u00e1s un aporte del tesoro provincial de $37 millones y haber entregado el gobierno el 10 de diciembre con un saldo negativo de &#8211; $156.270.157,91.<\/p>\n\n\n\n<p><br>Dentro del apartado econ\u00f3mico los concejales hicieron una descripci\u00f3n de la ca\u00edda abrupta y constante del CUD (\u00edndice de coparticipaci\u00f3n de los municipios) durante 5 a\u00f1os seguidos, lo que determin\u00f3 que en el 2023 ingresen de coparticipaci\u00f3n 290 millones de pesos menos, da\u00f1ando a\u00fan m\u00e1s la autonom\u00eda municipal y la prestaci\u00f3n de servicios a los vecinos.<\/p>\n\n\n\n<p><br>Tambi\u00e9n se hizo referencia al faltante de maquinaria que est\u00e1 en el inventario, pero no f\u00edsicamente en la Municipalidad sin documentaci\u00f3n que lo respalde.<\/p>\n\n\n\n<p><br>Adem\u00e1s, se expuso que se procedi\u00f3 a la venta de 11 lotes industriales a 24 propietarios sin las obras de infraestructura m\u00ednimas exigidas por ley como lo son apertura de calle y luz de obra, omitiendo este faltante en el visado y aprobaci\u00f3n de planos, por tanto se tratan de obras que figurar\u00edan como hechas pero que en la realidad no existen, y que se comprometieron al saneamiento de un predio privado en abril\/2023 en instancia judicial, que nunca cumpli\u00f3 con lo que se comprometi\u00f3 a realizar y que desde esa fecha corren a costas de la Municipalidad multas que rondan los $50 mil diarios.<\/p>\n\n\n\n<p><br>Otro tema que salt\u00f3 a discusi\u00f3n en el recinto fue el hallazgo de mil kilos de mercader\u00eda vencida, colchones y frazadas en mal estado en galpones municipales, que la anterior gesti\u00f3n de Federico no reparti\u00f3 a los ciudadanos de Suipacha con necesidades.<\/p>\n","protected":false},"excerpt":{"rendered":"<p>En una sesi\u00f3n de casi 3 horas y media de debate, el Concejo no aprob\u00f3 las cuentas presentadas en la &#8230; <a title=\"Suipacha: desaprueban la Rendici\u00f3n de Cuentas de la gesti\u00f3n 2023 de Federico\" class=\"read-more\" href=\"https:\/\/www.hoymercedes.com.ar\/principal\/2024\/05\/29\/suipacha-desaprueban-la-rendicion-de-cuentas-de-la-gestion-2023-de-federico\/\" aria-label=\"Leer m\u00e1s sobre Suipacha: desaprueban la Rendici\u00f3n de Cuentas de la gesti\u00f3n 2023 de Federico\">Leer m\u00e1s<\/a><\/p>\n","protected":false},"author":1,"featured_media":176065,"comment_status":"closed","ping_status":"open","sticky":false,"template":"","format":"standard","meta":{"_monsterinsights_skip_tracking":false,"_monsterinsights_sitenote_active":false,"_monsterinsights_sitenote_note":"","_monsterinsights_sitenote_category":0,"jetpack_post_was_ever_published":false,"_jetpack_newsletter_access":"","_jetpack_dont_email_post_to_subs":false,"_jetpack_newsletter_tier_id":0,"_jetpack_memberships_contains_paywalled_content":false,"_jetpack_memberships_contains_paid_content":false,"footnotes":"","jetpack_publicize_message":"","jetpack_publicize_feature_enabled":true,"jetpack_social_post_already_shared":true,"jetpack_social_options":{"image_generator_settings":{"template":"highway","default_image_id":0,"font":"","enabled":false},"version":2},"_wpas_customize_per_network":false},"categories":[5501],"tags":[7752,559],"class_list":["post-176064","post","type-post","status-publish","format-standard","has-post-thumbnail","hentry","category-region","tag-alejandro-federico","tag-suipacha","generate-columns","tablet-grid-50","mobile-grid-100","grid-parent","grid-50"],"jetpack_publicize_connections":[],"jetpack_featured_media_url":"https:\/\/www.hoymercedes.com.ar\/principal\/wp-content\/uploads\/2024\/05\/Federico.jpg","wps_subtitle":"Preocupante","jetpack_sharing_enabled":true,"_links":{"self":[{"href":"https:\/\/www.hoymercedes.com.ar\/principal\/wp-json\/wp\/v2\/posts\/176064","targetHints":{"allow":["GET"]}}],"collection":[{"href":"https:\/\/www.hoymercedes.com.ar\/principal\/wp-json\/wp\/v2\/posts"}],"about":[{"href":"https:\/\/www.hoymercedes.com.ar\/principal\/wp-json\/wp\/v2\/types\/post"}],"author":[{"embeddable":true,"href":"https:\/\/www.hoymercedes.com.ar\/principal\/wp-json\/wp\/v2\/users\/1"}],"replies":[{"embeddable":true,"href":"https:\/\/www.hoymercedes.com.ar\/principal\/wp-json\/wp\/v2\/comments?post=176064"}],"version-history":[{"count":0,"href":"https:\/\/www.hoymercedes.com.ar\/principal\/wp-json\/wp\/v2\/posts\/176064\/revisions"}],"wp:featuredmedia":[{"embeddable":true,"href":"https:\/\/www.hoymercedes.com.ar\/principal\/wp-json\/wp\/v2\/media\/176065"}],"wp:attachment":[{"href":"https:\/\/www.hoymercedes.com.ar\/principal\/wp-json\/wp\/v2\/media?parent=176064"}],"wp:term":[{"taxonomy":"category","embeddable":true,"href":"https:\/\/www.hoymercedes.com.ar\/principal\/wp-json\/wp\/v2\/categories?post=176064"},{"taxonomy":"post_tag","embeddable":true,"href":"https:\/\/www.hoymercedes.com.ar\/principal\/wp-json\/wp\/v2\/tags?post=176064"}],"curies":[{"name":"wp","href":"https:\/\/api.w.org\/{rel}","templated":true}]}}