{"id":176088,"date":"2024-05-29T21:54:34","date_gmt":"2024-05-30T00:54:34","guid":{"rendered":"https:\/\/www.hoymercedes.com.ar\/principal\/?p=176088"},"modified":"2024-05-29T21:54:35","modified_gmt":"2024-05-30T00:54:35","slug":"gobierno-logro-dictamen-para-tratar-la-ley-de-bases-en-el-senado","status":"publish","type":"post","link":"https:\/\/www.hoymercedes.com.ar\/principal\/2024\/05\/29\/gobierno-logro-dictamen-para-tratar-la-ley-de-bases-en-el-senado\/","title":{"rendered":"Gobierno logr\u00f3 dictamen para tratar la Ley de Bases en el Senado"},"content":{"rendered":"\n<p>Tras una jornada de muchas idas y vueltas finalmente el gobierno nacional obtuvo dictamen para poder elevar a tratamiento la \u201cLey bases\u201d que hace unas semanas obtuvo aprobaci\u00f3n en la C\u00e1mara de Diputados.<\/p>\n\n\n\n<p>\u201cSi bien el plenario de comisiones hab\u00eda terminado sin que La Libertad Avanza pudiera festejar la obtenci\u00f3n de un despacho de mayor\u00eda con ese proyecto, el titular del bloque Cambio Federal logr\u00f3 imponer su criterio: circular el expediente con las modificaciones aceptadas por el gobierno bajo el prop\u00f3sito de cosechar las voluntades que faltaban. A\u00fan as\u00ed, las dificultades pol\u00edticas del oficialismo obligaron al Jefe de Gabinete a visitar de urgencia la C\u00e1mara Alta, despu\u00e9s que Abdala y Atauche sacaran un nuevo cuarto intermedio esta tarde\u201d inform\u00f3 La Pol\u00edtica Online, el sitio especializado en gesti\u00f3n y pol\u00edtica,<\/p>\n\n\n\n<p>Finalmente, tras el arribo de Francos (jefe de gabinete) pudo lograr el tan anhelado dictamen para que Milei tenga m\u00e1s facultades.<\/p>\n","protected":false},"excerpt":{"rendered":"<p>Tras una jornada de muchas idas y vueltas finalmente el gobierno nacional obtuvo dictamen para poder elevar a tratamiento la &#8230; <a title=\"Gobierno logr\u00f3 dictamen para tratar la Ley de Bases en el Senado\" class=\"read-more\" href=\"https:\/\/www.hoymercedes.com.ar\/principal\/2024\/05\/29\/gobierno-logro-dictamen-para-tratar-la-ley-de-bases-en-el-senado\/\" aria-label=\"Leer m\u00e1s sobre Gobierno logr\u00f3 dictamen para tratar la Ley de Bases en el Senado\">Leer m\u00e1s<\/a><\/p>\n","protected":false},"author":1,"featured_media":170622,"comment_status":"closed","ping_status":"open","sticky":false,"template":"","format":"standard","meta":{"_monsterinsights_skip_tracking":false,"_monsterinsights_sitenote_active":false,"_monsterinsights_sitenote_note":"","_monsterinsights_sitenote_category":0,"jetpack_post_was_ever_published":false,"_jetpack_newsletter_access":"","_jetpack_dont_email_post_to_subs":false,"_jetpack_newsletter_tier_id":0,"_jetpack_memberships_contains_paywalled_content":false,"_jetpack_memberships_contains_paid_content":false,"footnotes":"","jetpack_publicize_message":"","jetpack_publicize_feature_enabled":true,"jetpack_social_post_already_shared":true,"jetpack_social_options":{"image_generator_settings":{"template":"highway","default_image_id":0,"font":"","enabled":false},"version":2},"_wpas_customize_per_network":false},"categories":[5210],"tags":[19520,18858],"class_list":["post-176088","post","type-post","status-publish","format-standard","has-post-thumbnail","hentry","category-politica-nacional","tag-ley-bases","tag-milei","generate-columns","tablet-grid-50","mobile-grid-100","grid-parent","grid-50"],"jetpack_publicize_connections":[],"jetpack_featured_media_url":"https:\/\/www.hoymercedes.com.ar\/principal\/wp-content\/uploads\/2023\/12\/JavierMilei.jpg","wps_subtitle":"Pol\u00edtica Nacional y Facultades","jetpack_sharing_enabled":true,"_links":{"self":[{"href":"https:\/\/www.hoymercedes.com.ar\/principal\/wp-json\/wp\/v2\/posts\/176088","targetHints":{"allow":["GET"]}}],"collection":[{"href":"https:\/\/www.hoymercedes.com.ar\/principal\/wp-json\/wp\/v2\/posts"}],"about":[{"href":"https:\/\/www.hoymercedes.com.ar\/principal\/wp-json\/wp\/v2\/types\/post"}],"author":[{"embeddable":true,"href":"https:\/\/www.hoymercedes.com.ar\/principal\/wp-json\/wp\/v2\/users\/1"}],"replies":[{"embeddable":true,"href":"https:\/\/www.hoymercedes.com.ar\/principal\/wp-json\/wp\/v2\/comments?post=176088"}],"version-history":[{"count":0,"href":"https:\/\/www.hoymercedes.com.ar\/principal\/wp-json\/wp\/v2\/posts\/176088\/revisions"}],"wp:featuredmedia":[{"embeddable":true,"href":"https:\/\/www.hoymercedes.com.ar\/principal\/wp-json\/wp\/v2\/media\/170622"}],"wp:attachment":[{"href":"https:\/\/www.hoymercedes.com.ar\/principal\/wp-json\/wp\/v2\/media?parent=176088"}],"wp:term":[{"taxonomy":"category","embeddable":true,"href":"https:\/\/www.hoymercedes.com.ar\/principal\/wp-json\/wp\/v2\/categories?post=176088"},{"taxonomy":"post_tag","embeddable":true,"href":"https:\/\/www.hoymercedes.com.ar\/principal\/wp-json\/wp\/v2\/tags?post=176088"}],"curies":[{"name":"wp","href":"https:\/\/api.w.org\/{rel}","templated":true}]}}