{"id":17612,"date":"2012-11-05T21:39:16","date_gmt":"2012-11-05T21:39:16","guid":{"rendered":"http:\/\/www.hoymercedes.com.ar\/principal\/?p=17612"},"modified":"2012-11-05T21:39:29","modified_gmt":"2012-11-05T21:39:29","slug":"eleccion-de-barrio-penaloza-en-prensa-nacional","status":"publish","type":"post","link":"https:\/\/www.hoymercedes.com.ar\/principal\/2012\/11\/05\/eleccion-de-barrio-penaloza-en-prensa-nacional\/","title":{"rendered":"Elecci\u00f3n de Barrio Pe\u00f1aloza en prensa nacional"},"content":{"rendered":"<p style=\"text-align: center;\"><a href=\"https:\/\/www.hoymercedes.com.ar\/principal\/wp-content\/uploads\/2012\/11\/LaPoliicaOnline-Pe\u00f1aloza.jpg\"><img loading=\"lazy\" decoding=\"async\" data-attachment-id=\"17614\" data-permalink=\"https:\/\/www.hoymercedes.com.ar\/principal\/2012\/11\/05\/eleccion-de-barrio-penaloza-en-prensa-nacional\/lapoliicaonline-penaloza\/#main\" data-orig-file=\"https:\/\/www.hoymercedes.com.ar\/principal\/wp-content\/uploads\/2012\/11\/LaPoliicaOnline-Pe\u00f1aloza.jpg\" data-orig-size=\"659,616\" data-comments-opened=\"1\" data-image-meta=\"{&quot;aperture&quot;:&quot;0&quot;,&quot;credit&quot;:&quot;&quot;,&quot;camera&quot;:&quot;&quot;,&quot;caption&quot;:&quot;&quot;,&quot;created_timestamp&quot;:&quot;0&quot;,&quot;copyright&quot;:&quot;&quot;,&quot;focal_length&quot;:&quot;0&quot;,&quot;iso&quot;:&quot;0&quot;,&quot;shutter_speed&quot;:&quot;0&quot;,&quot;title&quot;:&quot;&quot;}\" data-image-title=\"LaPoliicaOnline-Pe\u00f1aloza\" data-image-description=\"\" data-image-caption=\"\" data-large-file=\"https:\/\/www.hoymercedes.com.ar\/principal\/wp-content\/uploads\/2012\/11\/LaPoliicaOnline-Pe\u00f1aloza.jpg\" class=\"aligncenter  wp-image-17614\" title=\"LaPoliicaOnline-Pe\u00f1aloza\" src=\"https:\/\/www.hoymercedes.com.ar\/principal\/wp-content\/uploads\/2012\/11\/LaPoliicaOnline-Pe\u00f1aloza.jpg\" alt=\"\" width=\"616\" height=\"550\" \/><\/a><\/p>\n<p>La \u00faltima elecci\u00f3n en el barrio Pe\u00f1aloza de nuestra ciudad que tanto ruido trajo, con acusaciones cruzadas entre selvias y no selvistas, entre integrantes del barrio y no integrantes, lleg\u00f3 a la prensa nacional como una \u201cgran noticia\u201d porque seg\u00fan sostienen<em> \u201cLa C\u00e1mpora apost\u00f3 todo a una sociedad de fomento de Mercedes y perdi\u00f3\u201d<\/em><\/p>\n<p>El sitio pol\u00edtico oriundo de Capital Federal, La Pol\u00edtica Online, refleja la noticia donde habla del caso del barrio Pe\u00f1aloza de nuestra ciudad como un asunto paradigm\u00e1tico o cosa semejante. En la presentaci\u00f3n period\u00edstica toman declaraciones de Selva, hablan de la cantidad del electorado y explican, para \u201cotros p\u00fablicos\u201d, lo que es una sociedad de fomento.<\/p>\n<p>Lo m\u00e1s interesante, indudablente, surgue de las declaraciones de Selva qui\u00e9n, adem\u00e1s, ha estado dos veces en el mismo espacio de noticias nacionales en las \u00faltimas 24 horas.<\/p>\n<p>A continuaci\u00f3n la nota completa publicada en el medio digital, que para algunos no es m\u00e1s que una informaci\u00f3n contra La C\u00e1mpora, sin trascendencia nacional, m\u00e1s all\u00e1 de lo que localmente implique:<\/p>\n<h3 style=\"padding-left: 60px;\"><span style=\"color: #000080;\"><strong><em>La C\u00e1mpora apost\u00f3 todo a una sociedad de fomento de Mercedes y perdi\u00f3<\/em><\/strong><\/span><\/h3>\n<p style=\"padding-left: 60px;\"><em>La agrupaci\u00f3n ultrakirchnerista apost\u00f3 fuerte para ganar una de las 66 sociedades de fomento en Mercedes. Realiz\u00f3 una campa\u00f1a costosa e instal\u00f3 temas nacionales en el Barrio Pe\u00f1aloza. Sin embargo, cay\u00f3 derrotada frente a dos referentes del armado de Carlos Selva. \u201cViven cepill\u00e1ndome el lomo\u201d, dijo el intendente a LPO.<\/em><\/p>\n<p style=\"padding-left: 60px;\"><em><strong>La Politica Online (La Plata)<\/strong> | 05.11.2012<\/em><\/p>\n<p style=\"padding-left: 60px;\"><em>La C\u00e1mpora en la provincia de Buenos Aires no logra los mismos resultados que en Santa Fe. D\u00edas atr\u00e1s volvi\u00f3 a sufrir un fuerte rev\u00e9s en el distrito de Mercedes. All\u00ed, cay\u00f3 derrotada frente al armado de Carlos Selva en las elecciones por una agrupaci\u00f3n de fomento.<\/em><\/p>\n<p style=\"padding-left: 60px;\"><em>Luego del traspi\u00e9 en las elecciones del a\u00f1o pasado, la agrupaci\u00f3n ultrakirchnerista volvi\u00f3 a apostar fuerte y desembarc\u00f3 con toda su estructura para ganar una de las 66 sociedades de fomento.<\/em><\/p>\n<p style=\"padding-left: 60px;\"><em>Sin embargo, los esfuerzos del gobierno nacional no alcanzaron para imponerse frente al armado de Carlos Selva, el jefe comunal alineado al Partido Justicialista que resiste la embestida.<\/em><\/p>\n<p style=\"padding-left: 60px;\"><em>\u201cViven cepill\u00e1ndome el lomo\u201d, dijo Selva a La Pol\u00edtica Online, con un dejo de iron\u00eda.<\/em><\/p>\n<p style=\"padding-left: 60px;\"><em>En Mercedes las sociedades de fomento son el per\u00edmetro que delimitan los barrios. Funcionan como especie de juntas vecinales independientes del gobierno municipal y sus cargos son ad honorem<\/em><\/p>\n<p style=\"padding-left: 60px;\"><em>Las elecciones son controladas por el estado comunal, quien dispone de un veedor municipal que audita que se cumplan con los plazos previstos en cada elecci\u00f3n.<\/em><\/p>\n<p style=\"padding-left: 60px;\"><em>Esta vez, toc\u00f3 el turno en el Barrio Pe\u00f1aloza. Seg\u00fan reconoce el propio intendente, la elecci\u00f3n cobr\u00f3 una dimensi\u00f3n diferente al resto cuando La C\u00e1mpora presenta candidatos.<\/em><\/p>\n<p style=\"padding-left: 60px;\"><em>\u201cBajaron fierros, se metieron en el barrio y lograron instalar muy fuerte que hab\u00eda elecciones\u201d, explic\u00f3.<\/em><\/p>\n<p style=\"padding-left: 60px;\"><em>Sin embargo, esto no se tradujo en un resultado positivo para la agrupaci\u00f3n ultrakirchnerista. Mar\u00eda Alicia Arce y Claudia Sosa, referenciadas con el jefe comunal lograron imponerse en una elecci\u00f3n que super\u00f3 los 350 votantes. Un n\u00famero m\u00e1s que importante para un barrio de un distrito como Mercedes.<\/em><\/p>\n<p style=\"padding-left: 60px;\"><em>\u201cEl ejemplo de las chicas del Pe\u00f1aloza es de pura militancia; es nuestro deber ahora no dejarlas solas y acompa\u00f1arlas desde la gesti\u00f3n para que los vecinos tengan un mejor barrio\u201d, asegur\u00f3 Selva d\u00edas atr\u00e1s en un acto en homenaje a N\u00e9stor Kirchner.<\/em><\/p>\n<p style=\"padding-left: 60px;\"><em>La agrupaci\u00f3n de M\u00e1ximo Kirchner no logra hacer pie en Mercedes a trav\u00e9s del voto popular. En las elecciones del a\u00f1o pasado apost\u00f3 fuerte a Juan Ustarroz, hermano adoptivo de Eduardo \u201cWado\u201d de Pedro -uno de los cerebros de La C\u00e1mpora-, para destronar a Carlos Selva.<\/em><\/p>\n<p style=\"padding-left: 60px;\"><em>El apoyo a Ustarroz fue elocuente. Fue a uno de los pocos candidatos al que el secretario Legal y T\u00e9cnico de la Presidencia, Carlos Zannini, baj\u00f3 para apoyar en persona.<\/em><\/p>\n<p style=\"padding-left: 60px;\"><em>Las primarias fueron buenas para el candidato de La C\u00e1mpora. Por escaso margen logr\u00f3 imponerse a Selva.<\/em><\/p>\n<p style=\"padding-left: 60px;\"><em>Sin embargo, el electorado cambi\u00f3 su voto en las elecciones generales y Selva consigui\u00f3 su tercer mandato.<\/em><\/p>\n<p style=\"padding-left: 60px;\">Fuente: http:\/\/lapoliticaonline.com\/noticias\/val\/86462-106\/la-campora-aposto-todo-a-una-sociedad-de-fomento-de-mercedes-y-perdio.html<\/p>\n<p>&nbsp;<\/p>\n","protected":false},"excerpt":{"rendered":"<p>La \u00faltima elecci\u00f3n en el barrio Pe\u00f1aloza de nuestra ciudad que tanto ruido trajo, con acusaciones cruzadas entre selvias y &#8230; <a title=\"Elecci\u00f3n de Barrio Pe\u00f1aloza en prensa nacional\" class=\"read-more\" href=\"https:\/\/www.hoymercedes.com.ar\/principal\/2012\/11\/05\/eleccion-de-barrio-penaloza-en-prensa-nacional\/\" aria-label=\"Leer m\u00e1s sobre Elecci\u00f3n de Barrio Pe\u00f1aloza en prensa nacional\">Leer m\u00e1s<\/a><\/p>\n","protected":false},"author":1,"featured_media":0,"comment_status":"open","ping_status":"open","sticky":false,"template":"","format":"standard","meta":{"_monsterinsights_skip_tracking":false,"_monsterinsights_sitenote_active":false,"_monsterinsights_sitenote_note":"","_monsterinsights_sitenote_category":0,"jetpack_post_was_ever_published":false,"_jetpack_newsletter_access":"","_jetpack_dont_email_post_to_subs":false,"_jetpack_newsletter_tier_id":0,"_jetpack_memberships_contains_paywalled_content":false,"_jetpack_memberships_contains_paid_content":false,"footnotes":"","jetpack_publicize_message":"","jetpack_publicize_feature_enabled":true,"jetpack_social_post_already_shared":false,"jetpack_social_options":{"image_generator_settings":{"template":"highway","default_image_id":0,"font":"","enabled":false},"version":2},"_wpas_customize_per_network":false},"categories":[5],"tags":[2784,585,542,281],"class_list":["post-17612","post","type-post","status-publish","format-standard","hentry","category-politica","tag-barrio-penaloza","tag-juan-ustarroz","tag-la-campora-mercedes","tag-wado-de-pedro","generate-columns","tablet-grid-50","mobile-grid-100","grid-parent","grid-50"],"jetpack_publicize_connections":[],"jetpack_featured_media_url":"","wps_subtitle":"","jetpack_sharing_enabled":true,"_links":{"self":[{"href":"https:\/\/www.hoymercedes.com.ar\/principal\/wp-json\/wp\/v2\/posts\/17612","targetHints":{"allow":["GET"]}}],"collection":[{"href":"https:\/\/www.hoymercedes.com.ar\/principal\/wp-json\/wp\/v2\/posts"}],"about":[{"href":"https:\/\/www.hoymercedes.com.ar\/principal\/wp-json\/wp\/v2\/types\/post"}],"author":[{"embeddable":true,"href":"https:\/\/www.hoymercedes.com.ar\/principal\/wp-json\/wp\/v2\/users\/1"}],"replies":[{"embeddable":true,"href":"https:\/\/www.hoymercedes.com.ar\/principal\/wp-json\/wp\/v2\/comments?post=17612"}],"version-history":[{"count":0,"href":"https:\/\/www.hoymercedes.com.ar\/principal\/wp-json\/wp\/v2\/posts\/17612\/revisions"}],"wp:attachment":[{"href":"https:\/\/www.hoymercedes.com.ar\/principal\/wp-json\/wp\/v2\/media?parent=17612"}],"wp:term":[{"taxonomy":"category","embeddable":true,"href":"https:\/\/www.hoymercedes.com.ar\/principal\/wp-json\/wp\/v2\/categories?post=17612"},{"taxonomy":"post_tag","embeddable":true,"href":"https:\/\/www.hoymercedes.com.ar\/principal\/wp-json\/wp\/v2\/tags?post=17612"}],"curies":[{"name":"wp","href":"https:\/\/api.w.org\/{rel}","templated":true}]}}