{"id":176138,"date":"2024-06-01T17:28:01","date_gmt":"2024-06-01T20:28:01","guid":{"rendered":"https:\/\/www.hoymercedes.com.ar\/principal\/?p=176138"},"modified":"2024-06-01T17:32:22","modified_gmt":"2024-06-01T20:32:22","slug":"resultado-de-las-elecciones-en-el-colegio-de-abogados","status":"publish","type":"post","link":"https:\/\/www.hoymercedes.com.ar\/principal\/2024\/06\/01\/resultado-de-las-elecciones-en-el-colegio-de-abogados\/","title":{"rendered":"Resultado de las elecciones en el Colegio de Abogados"},"content":{"rendered":"\n<p>El 28 de mayo de 2024 se llev\u00f3 a cabo el acto eleccionario de renovaci\u00f3n parcial de autoridades del Colegio de Abogados del Departamento Judicial Mercedes. Se presentaron tres listas. La lista N\u00b0 2 \u201cVolver a Ser\u00bb fue la que obtuvo mayor cantidad de votos.<\/p>\n\n\n\n<p>El acto eleccionario se llev\u00f3 adelante con total normalidad, siendo ejemplo a nivel provincial, y todo gracias a la colaboraci\u00f3n de las Autoridades de Mesa (que desinteresadamente brindan su tiempo y esfuerzo), de los Apoderados de las listas (que allanaron de manera caballeresca cualquier obst\u00e1culo), y del personal del Colegio (que cubri\u00f3 con el profesionalismo de siempre cientos de tareas log\u00edsticas para llevar adelante algo tan delicado, en 9 ciudades en forma simultanea).<\/p>\n\n\n\n<p>Habi\u00e9ndose presentado tres listas, y comput\u00e1ndose 543 votos v\u00e1lidos, la Comisi\u00f3n de Escrutinio determin\u00f3 (sin perjuicio de las facultades de la Asamblea y Comisi\u00f3n de Poderes de la Caja de Previsi\u00f3n) que los resultados fueron los siguientes: 224 votos v\u00e1lidos a favor de la lista No 1 \u201cUnidad y Gesti\u00f3n\u201d, 240 votos v\u00e1lidos a favor de la lista No 2 \u201cVolver a Ser\u201d, y 79 votos v\u00e1lidos a favor de la lista No 3 \u201cPluralismo y Vocaci\u00f3n \u2013 Hechos, no palabras\u201d.<\/p>\n\n\n\n<p>En raz\u00f3n de este resultado, los candidatos electos fueron:<\/p>\n\n\n\n<p><strong>PARA CONSEJO DIRECTIVO.<\/strong><\/p>\n\n\n\n<p><strong>Consejeros Titulares por cuatro a\u00f1os<\/strong>:<br>Dr. Leandro Vero<br>Dra. Camila Maranessi<br>Dr. Franco Rossello<br>Dr. Horacio Oscar Deluca (N)<br>Dra. Andrea Fernanda Mignone<br>Dra. Valeria Costa Davico<\/p>\n\n\n\n<p><strong>Consejeros Suplentes por cuatro a\u00f1os:<\/strong><br>Dr. Eugenio Francisco Lisciotto<br>Dra. Yael Danura<br>Dr. Francisco Jos\u00e9 Falabella<br>Dra. Alejandra Cordal Waisman<\/p>\n\n\n\n<p><strong>Para Tribunal de Disciplina<\/strong><\/p>\n\n\n\n<p><strong>Miembros Titulares por cuatro a\u00f1os:<\/strong><br>Dr. Juan Rodolfo Mart\u00edn Ojea Espil<br>Dra. Ana Mar\u00eda Spinacci<br>Dr. Ricardo Gines Mart\u00ednez <\/p>\n\n\n\n<p><strong>Miembro Suplente por dos a\u00f1os:<\/strong><br>Dr. Santiago \u00c1lvarez <\/p>\n\n\n\n<p><strong>Miembros Suplentes por cuatro a\u00f1os:<\/strong><br>Dr. Hector Gast\u00f3n Ambrosino<br>Dra. Viviana Luj\u00e1n Morossini<\/p>\n\n\n\n<p><strong>Para la Caja de Previsi\u00f3n Social para Abogados de la Provincia De Buenos Aires.<\/strong><\/p>\n\n\n\n<p><strong>Director Titular por cuatro a\u00f1os<\/strong>:<br>Dr. Pablo Guidi<\/p>\n\n\n\n<p><strong>Director Suplente por cuatro a\u00f1os<\/strong>:<br>Dra. Maria Luz Ferreyra<\/p>\n\n\n\n<p><strong>Revisor de Cuentas Titular por cuatro a\u00f1os<\/strong>:<br>Dr. Ricardo Alberto M\u00fcller<\/p>\n\n\n\n<p><strong>Revisor de Cuentas Suplente por cuatro a\u00f1os<\/strong>:<br>Dr. Cayetano Francisco Burella<\/p>\n\n\n\n<hr class=\"wp-block-separator has-alpha-channel-opacity\"\/>\n\n\n\n<p><strong>Fuente:&nbsp;<\/strong>CADJMercedes<\/p>\n","protected":false},"excerpt":{"rendered":"<p>El 28 de mayo de 2024 se llev\u00f3 a cabo el acto eleccionario de renovaci\u00f3n parcial de autoridades del Colegio &#8230; <a title=\"Resultado de las elecciones en el Colegio de Abogados\" class=\"read-more\" href=\"https:\/\/www.hoymercedes.com.ar\/principal\/2024\/06\/01\/resultado-de-las-elecciones-en-el-colegio-de-abogados\/\" aria-label=\"Leer m\u00e1s sobre Resultado de las elecciones en el Colegio de Abogados\">Leer m\u00e1s<\/a><\/p>\n","protected":false},"author":1,"featured_media":176149,"comment_status":"closed","ping_status":"open","sticky":false,"template":"","format":"standard","meta":{"_monsterinsights_skip_tracking":false,"_monsterinsights_sitenote_active":false,"_monsterinsights_sitenote_note":"","_monsterinsights_sitenote_category":0,"jetpack_post_was_ever_published":false,"_jetpack_newsletter_access":"","_jetpack_dont_email_post_to_subs":false,"_jetpack_newsletter_tier_id":0,"_jetpack_memberships_contains_paywalled_content":false,"_jetpack_memberships_contains_paid_content":false,"footnotes":"","jetpack_publicize_message":"","jetpack_publicize_feature_enabled":true,"jetpack_social_post_already_shared":true,"jetpack_social_options":{"image_generator_settings":{"template":"highway","default_image_id":0,"font":"","enabled":false},"version":2},"_wpas_customize_per_network":false},"categories":[8],"tags":[],"class_list":["post-176138","post","type-post","status-publish","format-standard","has-post-thumbnail","hentry","category-sociedad","generate-columns","tablet-grid-50","mobile-grid-100","grid-parent","grid-50"],"jetpack_publicize_connections":[],"jetpack_featured_media_url":"https:\/\/www.hoymercedes.com.ar\/principal\/wp-content\/uploads\/2024\/06\/sede-abogados.jpg","wps_subtitle":"","jetpack_sharing_enabled":true,"_links":{"self":[{"href":"https:\/\/www.hoymercedes.com.ar\/principal\/wp-json\/wp\/v2\/posts\/176138","targetHints":{"allow":["GET"]}}],"collection":[{"href":"https:\/\/www.hoymercedes.com.ar\/principal\/wp-json\/wp\/v2\/posts"}],"about":[{"href":"https:\/\/www.hoymercedes.com.ar\/principal\/wp-json\/wp\/v2\/types\/post"}],"author":[{"embeddable":true,"href":"https:\/\/www.hoymercedes.com.ar\/principal\/wp-json\/wp\/v2\/users\/1"}],"replies":[{"embeddable":true,"href":"https:\/\/www.hoymercedes.com.ar\/principal\/wp-json\/wp\/v2\/comments?post=176138"}],"version-history":[{"count":0,"href":"https:\/\/www.hoymercedes.com.ar\/principal\/wp-json\/wp\/v2\/posts\/176138\/revisions"}],"wp:featuredmedia":[{"embeddable":true,"href":"https:\/\/www.hoymercedes.com.ar\/principal\/wp-json\/wp\/v2\/media\/176149"}],"wp:attachment":[{"href":"https:\/\/www.hoymercedes.com.ar\/principal\/wp-json\/wp\/v2\/media?parent=176138"}],"wp:term":[{"taxonomy":"category","embeddable":true,"href":"https:\/\/www.hoymercedes.com.ar\/principal\/wp-json\/wp\/v2\/categories?post=176138"},{"taxonomy":"post_tag","embeddable":true,"href":"https:\/\/www.hoymercedes.com.ar\/principal\/wp-json\/wp\/v2\/tags?post=176138"}],"curies":[{"name":"wp","href":"https:\/\/api.w.org\/{rel}","templated":true}]}}