{"id":176172,"date":"2024-06-02T19:12:00","date_gmt":"2024-06-02T22:12:00","guid":{"rendered":"https:\/\/www.hoymercedes.com.ar\/principal\/?p=176172"},"modified":"2024-06-02T18:16:14","modified_gmt":"2024-06-02T21:16:14","slug":"se-conmemoro-el-dia-del-bombero-voluntario","status":"publish","type":"post","link":"https:\/\/www.hoymercedes.com.ar\/principal\/2024\/06\/02\/se-conmemoro-el-dia-del-bombero-voluntario\/","title":{"rendered":"Se conmemor\u00f3 el D\u00eda del Bombero Voluntario"},"content":{"rendered":"\n<figure class=\"wp-block-image size-large\"><img loading=\"lazy\" decoding=\"async\" width=\"1024\" height=\"684\" data-attachment-id=\"176173\" data-permalink=\"https:\/\/www.hoymercedes.com.ar\/principal\/2024\/06\/02\/se-conmemoro-el-dia-del-bombero-voluntario\/447443904_994288018719932_1726298122275103070_n\/#main\" data-orig-file=\"https:\/\/www.hoymercedes.com.ar\/principal\/wp-content\/uploads\/2024\/06\/447443904_994288018719932_1726298122275103070_n.jpg\" data-orig-size=\"2048,1367\" data-comments-opened=\"0\" data-image-meta=\"{&quot;aperture&quot;:&quot;0&quot;,&quot;credit&quot;:&quot;&quot;,&quot;camera&quot;:&quot;&quot;,&quot;caption&quot;:&quot;&quot;,&quot;created_timestamp&quot;:&quot;0&quot;,&quot;copyright&quot;:&quot;&quot;,&quot;focal_length&quot;:&quot;0&quot;,&quot;iso&quot;:&quot;0&quot;,&quot;shutter_speed&quot;:&quot;0&quot;,&quot;title&quot;:&quot;&quot;,&quot;orientation&quot;:&quot;0&quot;}\" data-image-title=\"Se conmemor\u00f3 el D\u00eda del Bombero Voluntario\" data-image-description=\"&lt;p&gt;Se conmemor\u00f3 el D\u00eda del Bombero Voluntario&lt;\/p&gt;\n\" data-image-caption=\"&lt;p&gt;Se conmemor\u00f3 el D\u00eda del Bombero Voluntario&lt;\/p&gt;\n\" data-large-file=\"https:\/\/www.hoymercedes.com.ar\/principal\/wp-content\/uploads\/2024\/06\/447443904_994288018719932_1726298122275103070_n-1024x684.jpg\" src=\"https:\/\/www.hoymercedes.com.ar\/principal\/wp-content\/uploads\/2024\/06\/447443904_994288018719932_1726298122275103070_n-1024x684.jpg\" alt=\"Se conmemor\u00f3 el D\u00eda del Bombero Voluntario\" class=\"wp-image-176173\" srcset=\"https:\/\/www.hoymercedes.com.ar\/principal\/wp-content\/uploads\/2024\/06\/447443904_994288018719932_1726298122275103070_n-1024x684.jpg 1024w, https:\/\/www.hoymercedes.com.ar\/principal\/wp-content\/uploads\/2024\/06\/447443904_994288018719932_1726298122275103070_n-630x421.jpg 630w, https:\/\/www.hoymercedes.com.ar\/principal\/wp-content\/uploads\/2024\/06\/447443904_994288018719932_1726298122275103070_n-150x100.jpg 150w, https:\/\/www.hoymercedes.com.ar\/principal\/wp-content\/uploads\/2024\/06\/447443904_994288018719932_1726298122275103070_n-1536x1025.jpg 1536w, https:\/\/www.hoymercedes.com.ar\/principal\/wp-content\/uploads\/2024\/06\/447443904_994288018719932_1726298122275103070_n.jpg 2048w\" sizes=\"auto, (max-width: 1024px) 100vw, 1024px\" \/><\/figure>\n\n\n\n<p>El <strong>intendente Ustarroz acompa\u00f1\u00f3<\/strong> a las y los <strong>Bomberos Voluntarios<\/strong> en el acto protocolar por su d\u00eda. Fue el encuentro en Plaza San Luis, donde se encuentra el monumento en su reconocimiento. Hubo una amplia participaci\u00f3n de familiares.<\/p>\n\n\n\n<p>El acto se inici\u00f3 con el ingreso, casi desfilando, de las y los bomberos reconocidos en su d\u00eda para luego dar paso a los abanderados. Hubo colocaci\u00f3n de ofrendas florales por par del municipio, bomberos, veteranos, concejo deliberante, entre otros.<\/p>\n\n\n\n<p><strong>Mario Quaglia, <\/strong>jefe del cuartel, realiz\u00f3 un repaso hist\u00f3rico de los bomberos, siendo el primero fundado en la Boca, destacando que el acto, por la presencia, ya va quedando chico de espacio.<\/p>\n\n\n\n<figure class=\"wp-block-image size-large\"><img loading=\"lazy\" decoding=\"async\" width=\"1024\" height=\"684\" data-attachment-id=\"176174\" data-permalink=\"https:\/\/www.hoymercedes.com.ar\/principal\/2024\/06\/02\/se-conmemoro-el-dia-del-bombero-voluntario\/gpf877xxkaa8wug\/#main\" data-orig-file=\"https:\/\/www.hoymercedes.com.ar\/principal\/wp-content\/uploads\/2024\/06\/GPF877XXkAA8wug-scaled.jpg\" data-orig-size=\"2560,1709\" data-comments-opened=\"0\" data-image-meta=\"{&quot;aperture&quot;:&quot;0&quot;,&quot;credit&quot;:&quot;&quot;,&quot;camera&quot;:&quot;&quot;,&quot;caption&quot;:&quot;&quot;,&quot;created_timestamp&quot;:&quot;0&quot;,&quot;copyright&quot;:&quot;&quot;,&quot;focal_length&quot;:&quot;0&quot;,&quot;iso&quot;:&quot;0&quot;,&quot;shutter_speed&quot;:&quot;0&quot;,&quot;title&quot;:&quot;&quot;,&quot;orientation&quot;:&quot;0&quot;}\" data-image-title=\"Se conmemor\u00f3 el D\u00eda del Bombero Voluntario\" data-image-description=\"&lt;p&gt;Se conmemor\u00f3 el D\u00eda del Bombero Voluntario&lt;\/p&gt;\n\" data-image-caption=\"&lt;p&gt;Se conmemor\u00f3 el D\u00eda del Bombero Voluntario&lt;\/p&gt;\n\" data-large-file=\"https:\/\/www.hoymercedes.com.ar\/principal\/wp-content\/uploads\/2024\/06\/GPF877XXkAA8wug-1024x684.jpg\" src=\"https:\/\/www.hoymercedes.com.ar\/principal\/wp-content\/uploads\/2024\/06\/GPF877XXkAA8wug-1024x684.jpg\" alt=\"Se conmemor\u00f3 el D\u00eda del Bombero Voluntario\" class=\"wp-image-176174\" srcset=\"https:\/\/www.hoymercedes.com.ar\/principal\/wp-content\/uploads\/2024\/06\/GPF877XXkAA8wug-1024x684.jpg 1024w, https:\/\/www.hoymercedes.com.ar\/principal\/wp-content\/uploads\/2024\/06\/GPF877XXkAA8wug-630x421.jpg 630w, https:\/\/www.hoymercedes.com.ar\/principal\/wp-content\/uploads\/2024\/06\/GPF877XXkAA8wug-150x100.jpg 150w, https:\/\/www.hoymercedes.com.ar\/principal\/wp-content\/uploads\/2024\/06\/GPF877XXkAA8wug-1536x1025.jpg 1536w, https:\/\/www.hoymercedes.com.ar\/principal\/wp-content\/uploads\/2024\/06\/GPF877XXkAA8wug-2048x1367.jpg 2048w\" sizes=\"auto, (max-width: 1024px) 100vw, 1024px\" \/><\/figure>\n\n\n\n<p>Sobre el Cuerpo record\u00f3 que \u201ces una instituci\u00f3n muy din\u00e1mica que crece d\u00eda a d\u00eda y a veces hora a hora. Y venimos proyectando de esa forma para poder seguir creciendo. Pero nada de esto se podr\u00eda hacer si no lo acompa\u00f1ar\u00eda la familia. La familia es un puntal necesario para el hombre, para que se pueda desarrollar, no solamente dentro de la instituci\u00f3n, sino tambi\u00e9n en la vida\u201d coment\u00f3.<\/p>\n\n\n\n<p>Dijo que \u201c<strong>agradezco mucho que nos hayan acompa\u00f1ado. Le agradezco al personal <\/strong>siempre por el esfuerzo que pone. Y tenemos que seguir creciendo\u201d y \u201cgracias por estar presente. Siempre trabajemos por una Mercedes mejor. Por un Mercedes que nos merecemos\u201d.<\/p>\n\n\n\n<p>Por su parte el jefe comunal, Juani Ustarroz, coment\u00f3 que \u201creci\u00e9n Mario dec\u00eda que el clima no acompa\u00f1aba, pero lo que acompa\u00f1a a los bomberos de nuestra ciudad es el pueblo y puedo decir que de manera un\u00e1nime hay un sentimiento de gratitud, hay un sentimiento de reconocimiento a esa labor dif\u00edcil, a esa labor necesaria que hacen de manera voluntaria\u201d dijo.<\/p>\n\n\n\n<figure class=\"wp-block-image size-large\"><img loading=\"lazy\" decoding=\"async\" width=\"1024\" height=\"684\" data-attachment-id=\"176175\" data-permalink=\"https:\/\/www.hoymercedes.com.ar\/principal\/2024\/06\/02\/se-conmemoro-el-dia-del-bombero-voluntario\/447573384_994290272053040_1483532238673763318_n\/#main\" data-orig-file=\"https:\/\/www.hoymercedes.com.ar\/principal\/wp-content\/uploads\/2024\/06\/447573384_994290272053040_1483532238673763318_n.jpg\" data-orig-size=\"2048,1367\" data-comments-opened=\"0\" data-image-meta=\"{&quot;aperture&quot;:&quot;0&quot;,&quot;credit&quot;:&quot;&quot;,&quot;camera&quot;:&quot;&quot;,&quot;caption&quot;:&quot;&quot;,&quot;created_timestamp&quot;:&quot;0&quot;,&quot;copyright&quot;:&quot;&quot;,&quot;focal_length&quot;:&quot;0&quot;,&quot;iso&quot;:&quot;0&quot;,&quot;shutter_speed&quot;:&quot;0&quot;,&quot;title&quot;:&quot;&quot;,&quot;orientation&quot;:&quot;0&quot;}\" data-image-title=\"Se conmemor\u00f3 el D\u00eda del Bombero Voluntario\" data-image-description=\"&lt;p&gt;Se conmemor\u00f3 el D\u00eda del Bombero Voluntario&lt;\/p&gt;\n\" data-image-caption=\"&lt;p&gt;Se conmemor\u00f3 el D\u00eda del Bombero Voluntario&lt;\/p&gt;\n\" data-large-file=\"https:\/\/www.hoymercedes.com.ar\/principal\/wp-content\/uploads\/2024\/06\/447573384_994290272053040_1483532238673763318_n-1024x684.jpg\" src=\"https:\/\/www.hoymercedes.com.ar\/principal\/wp-content\/uploads\/2024\/06\/447573384_994290272053040_1483532238673763318_n-1024x684.jpg\" alt=\"Se conmemor\u00f3 el D\u00eda del Bombero Voluntario\" class=\"wp-image-176175\" srcset=\"https:\/\/www.hoymercedes.com.ar\/principal\/wp-content\/uploads\/2024\/06\/447573384_994290272053040_1483532238673763318_n-1024x684.jpg 1024w, https:\/\/www.hoymercedes.com.ar\/principal\/wp-content\/uploads\/2024\/06\/447573384_994290272053040_1483532238673763318_n-630x421.jpg 630w, https:\/\/www.hoymercedes.com.ar\/principal\/wp-content\/uploads\/2024\/06\/447573384_994290272053040_1483532238673763318_n-150x100.jpg 150w, https:\/\/www.hoymercedes.com.ar\/principal\/wp-content\/uploads\/2024\/06\/447573384_994290272053040_1483532238673763318_n-1536x1025.jpg 1536w, https:\/\/www.hoymercedes.com.ar\/principal\/wp-content\/uploads\/2024\/06\/447573384_994290272053040_1483532238673763318_n.jpg 2048w\" sizes=\"auto, (max-width: 1024px) 100vw, 1024px\" \/><\/figure>\n\n\n\n<p>Tambi\u00e9n que \u201ces muy lindo ver a los cadetes junto a los bomberos m\u00e1s experimentados poder seguir ese camino\u201d para \u201cagradecer a las familia, porque detr\u00e1s de cada uno de ustedes siempre hay una familia que los sostiene, que los apoya, que los acompa\u00f1a para que ustedes puedan cumplir con esta funci\u00f3n tan pero tan importante para nuestra sociedad\u201d<\/p>\n\n\n\n<p>\u201cSabemos que la instituci\u00f3n Bomberos Voluntarios es una instituci\u00f3n modelo en transparencia, en eficiencia\u201d entre otros conceptos.<\/p>\n\n\n\n<p>Qui\u00e9n particip\u00f3 tambi\u00e9n, a la distancia, fue \u00a0<strong>+Jorge Eduardo<\/strong> quien agradeci\u00f3 \u201cpor la generosidad y la entrega\u201d y \u201custedes son en las ciudades y pueblos el testimonio vivo de lo que Jes\u00fas nos invita a vivir, que es el amor, entregar la vida, un amor concreto, en el servicio a los otros y ustedes siempre est\u00e1n disponibles\u201d apreci\u00f3 entre otras palabras en conmemoraci\u00f3n.<\/p>\n\n\n\n<figure class=\"wp-block-image size-large\"><img loading=\"lazy\" decoding=\"async\" width=\"1024\" height=\"684\" data-attachment-id=\"176176\" data-permalink=\"https:\/\/www.hoymercedes.com.ar\/principal\/2024\/06\/02\/se-conmemoro-el-dia-del-bombero-voluntario\/447701888_994289132053154_1711507662028919167_n\/#main\" data-orig-file=\"https:\/\/www.hoymercedes.com.ar\/principal\/wp-content\/uploads\/2024\/06\/447701888_994289132053154_1711507662028919167_n.jpg\" data-orig-size=\"2048,1367\" data-comments-opened=\"0\" data-image-meta=\"{&quot;aperture&quot;:&quot;0&quot;,&quot;credit&quot;:&quot;&quot;,&quot;camera&quot;:&quot;&quot;,&quot;caption&quot;:&quot;&quot;,&quot;created_timestamp&quot;:&quot;0&quot;,&quot;copyright&quot;:&quot;&quot;,&quot;focal_length&quot;:&quot;0&quot;,&quot;iso&quot;:&quot;0&quot;,&quot;shutter_speed&quot;:&quot;0&quot;,&quot;title&quot;:&quot;&quot;,&quot;orientation&quot;:&quot;0&quot;}\" data-image-title=\"Se conmemor\u00f3 el D\u00eda del Bombero Voluntario\" data-image-description=\"&lt;p&gt;Se conmemor\u00f3 el D\u00eda del Bombero Voluntario&lt;\/p&gt;\n\" data-image-caption=\"&lt;p&gt;Se conmemor\u00f3 el D\u00eda del Bombero Voluntario&lt;\/p&gt;\n\" data-large-file=\"https:\/\/www.hoymercedes.com.ar\/principal\/wp-content\/uploads\/2024\/06\/447701888_994289132053154_1711507662028919167_n-1024x684.jpg\" src=\"https:\/\/www.hoymercedes.com.ar\/principal\/wp-content\/uploads\/2024\/06\/447701888_994289132053154_1711507662028919167_n-1024x684.jpg\" alt=\"Se conmemor\u00f3 el D\u00eda del Bombero Voluntario\" class=\"wp-image-176176\" srcset=\"https:\/\/www.hoymercedes.com.ar\/principal\/wp-content\/uploads\/2024\/06\/447701888_994289132053154_1711507662028919167_n-1024x684.jpg 1024w, https:\/\/www.hoymercedes.com.ar\/principal\/wp-content\/uploads\/2024\/06\/447701888_994289132053154_1711507662028919167_n-630x421.jpg 630w, https:\/\/www.hoymercedes.com.ar\/principal\/wp-content\/uploads\/2024\/06\/447701888_994289132053154_1711507662028919167_n-150x100.jpg 150w, https:\/\/www.hoymercedes.com.ar\/principal\/wp-content\/uploads\/2024\/06\/447701888_994289132053154_1711507662028919167_n-1536x1025.jpg 1536w, https:\/\/www.hoymercedes.com.ar\/principal\/wp-content\/uploads\/2024\/06\/447701888_994289132053154_1711507662028919167_n.jpg 2048w\" sizes=\"auto, (max-width: 1024px) 100vw, 1024px\" \/><\/figure>\n\n\n\n<p>Por su parte, <strong>Jonathan Sirch<\/strong>, flamante presidente de la Cooperadora de Bomberos, destac\u00f3 la vocaci\u00f3n de trabajo \u201csin fiestas, cumplea\u00f1os, feriados\u201d y \u201cen pos del cuidado de la comunidad\u201d.<\/p>\n\n\n\n<p>Antes de finalizar el acto <strong>Graciela Medina <\/strong>ley\u00f3 un cuento en relaci\u00f3n a la jornada. Hubo tambi\u00e9n un emotivo momento al reconocer la tarea de <strong>Pedro Di Cecco<\/strong> quien hace poco dej\u00f3 el cargo de presidente de la cooperadora tras d\u00e9cadas de servicios.<\/p>\n","protected":false},"excerpt":{"rendered":"<p>El intendente Ustarroz acompa\u00f1\u00f3 a las y los Bomberos Voluntarios en el acto protocolar por su d\u00eda. Fue el encuentro &#8230; <a title=\"Se conmemor\u00f3 el D\u00eda del Bombero Voluntario\" class=\"read-more\" href=\"https:\/\/www.hoymercedes.com.ar\/principal\/2024\/06\/02\/se-conmemoro-el-dia-del-bombero-voluntario\/\" aria-label=\"Leer m\u00e1s sobre Se conmemor\u00f3 el D\u00eda del Bombero Voluntario\">Leer m\u00e1s<\/a><\/p>\n","protected":false},"author":1,"featured_media":176173,"comment_status":"closed","ping_status":"open","sticky":false,"template":"","format":"standard","meta":{"_monsterinsights_skip_tracking":false,"_monsterinsights_sitenote_active":false,"_monsterinsights_sitenote_note":"","_monsterinsights_sitenote_category":0,"jetpack_post_was_ever_published":false,"_jetpack_newsletter_access":"","_jetpack_dont_email_post_to_subs":false,"_jetpack_newsletter_tier_id":0,"_jetpack_memberships_contains_paywalled_content":false,"_jetpack_memberships_contains_paid_content":false,"footnotes":"","jetpack_publicize_message":"","jetpack_publicize_feature_enabled":true,"jetpack_social_post_already_shared":true,"jetpack_social_options":{"image_generator_settings":{"template":"highway","default_image_id":0,"font":"","enabled":false},"version":2},"_wpas_customize_per_network":false},"categories":[8],"tags":[18387,424],"class_list":["post-176172","post","type-post","status-publish","format-standard","has-post-thumbnail","hentry","category-sociedad","tag-dia-del-bombero-2","tag-ustarroz","generate-columns","tablet-grid-50","mobile-grid-100","grid-parent","grid-50"],"jetpack_publicize_connections":[],"jetpack_featured_media_url":"https:\/\/www.hoymercedes.com.ar\/principal\/wp-content\/uploads\/2024\/06\/447443904_994288018719932_1726298122275103070_n.jpg","wps_subtitle":"Reconocimiento institucional ","jetpack_sharing_enabled":true,"_links":{"self":[{"href":"https:\/\/www.hoymercedes.com.ar\/principal\/wp-json\/wp\/v2\/posts\/176172","targetHints":{"allow":["GET"]}}],"collection":[{"href":"https:\/\/www.hoymercedes.com.ar\/principal\/wp-json\/wp\/v2\/posts"}],"about":[{"href":"https:\/\/www.hoymercedes.com.ar\/principal\/wp-json\/wp\/v2\/types\/post"}],"author":[{"embeddable":true,"href":"https:\/\/www.hoymercedes.com.ar\/principal\/wp-json\/wp\/v2\/users\/1"}],"replies":[{"embeddable":true,"href":"https:\/\/www.hoymercedes.com.ar\/principal\/wp-json\/wp\/v2\/comments?post=176172"}],"version-history":[{"count":0,"href":"https:\/\/www.hoymercedes.com.ar\/principal\/wp-json\/wp\/v2\/posts\/176172\/revisions"}],"wp:featuredmedia":[{"embeddable":true,"href":"https:\/\/www.hoymercedes.com.ar\/principal\/wp-json\/wp\/v2\/media\/176173"}],"wp:attachment":[{"href":"https:\/\/www.hoymercedes.com.ar\/principal\/wp-json\/wp\/v2\/media?parent=176172"}],"wp:term":[{"taxonomy":"category","embeddable":true,"href":"https:\/\/www.hoymercedes.com.ar\/principal\/wp-json\/wp\/v2\/categories?post=176172"},{"taxonomy":"post_tag","embeddable":true,"href":"https:\/\/www.hoymercedes.com.ar\/principal\/wp-json\/wp\/v2\/tags?post=176172"}],"curies":[{"name":"wp","href":"https:\/\/api.w.org\/{rel}","templated":true}]}}