{"id":176179,"date":"2024-06-03T07:10:00","date_gmt":"2024-06-03T10:10:00","guid":{"rendered":"https:\/\/www.hoymercedes.com.ar\/principal\/?p=176179"},"modified":"2024-06-03T01:14:44","modified_gmt":"2024-06-03T04:14:44","slug":"para-ahorrar-ante-alza-de-precios-en-alimentos-crecen-los-mayoristas","status":"publish","type":"post","link":"https:\/\/www.hoymercedes.com.ar\/principal\/2024\/06\/03\/para-ahorrar-ante-alza-de-precios-en-alimentos-crecen-los-mayoristas\/","title":{"rendered":"Para ahorrar ante alza de precios en alimentos crecen los mayoristas"},"content":{"rendered":"\n<p><strong>Los mercedinos viajan mucho a J\u00e1uregui y Moreno<\/strong>. Otros eligen opciones locales, pero la realidad indica que para luchar contra la inflaci\u00f3n las familias cada vez m\u00e1s compran en mayoristas, destac\u00f3 <strong>la c\u00e1mara que engloba a los autoservicios del sector (CADAM).<\/strong><\/p>\n\n\n\n<p><em>\u201cNo obstante, seg\u00fan especialistas, lo que parece un dato positivo en realidad no lo es tanto, ya que la b\u00fasqueda casi in\u00e9dita de los consumidores para acudir a los mayoristas es una reacci\u00f3n ante la disparada de precios que se produjo en diciembre \u00faltimo y los primeros meses del a\u00f1o<\/em>\u201d inform\u00f3 el medio especializado en econom\u00eda, El Cronista Comercial.<\/p>\n\n\n\n<p>CADAM desarrolla su propio modelo de estad\u00edstica, distinto a los oficiales, como el Indec, y determina sus propios resultados.<\/p>\n\n\n\n<p>La informaci\u00f3n de la C\u00e1mara empresarial explica que las familias est\u00e1n haciendo un fuerte recorte de productos no esenciales y, ante ellos, buscando precios en mayoristas para poder sostener determinados alimentos esenciales, que en minoristas y supermercados las alzas son constantes.<\/p>\n","protected":false},"excerpt":{"rendered":"<p>Los mercedinos viajan mucho a J\u00e1uregui y Moreno. Otros eligen opciones locales, pero la realidad indica que para luchar contra &#8230; <a title=\"Para ahorrar ante alza de precios en alimentos crecen los mayoristas\" class=\"read-more\" href=\"https:\/\/www.hoymercedes.com.ar\/principal\/2024\/06\/03\/para-ahorrar-ante-alza-de-precios-en-alimentos-crecen-los-mayoristas\/\" aria-label=\"Leer m\u00e1s sobre Para ahorrar ante alza de precios en alimentos crecen los mayoristas\">Leer m\u00e1s<\/a><\/p>\n","protected":false},"author":1,"featured_media":174130,"comment_status":"closed","ping_status":"open","sticky":false,"template":"","format":"standard","meta":{"_monsterinsights_skip_tracking":false,"_monsterinsights_sitenote_active":false,"_monsterinsights_sitenote_note":"","_monsterinsights_sitenote_category":0,"jetpack_post_was_ever_published":false,"_jetpack_newsletter_access":"","_jetpack_dont_email_post_to_subs":false,"_jetpack_newsletter_tier_id":0,"_jetpack_memberships_contains_paywalled_content":false,"_jetpack_memberships_contains_paid_content":false,"footnotes":"","jetpack_publicize_message":"","jetpack_publicize_feature_enabled":true,"jetpack_social_post_already_shared":true,"jetpack_social_options":{"image_generator_settings":{"template":"highway","default_image_id":0,"font":"","enabled":false},"version":2},"_wpas_customize_per_network":false},"categories":[8],"tags":[19529,19528,19530],"class_list":["post-176179","post","type-post","status-publish","format-standard","has-post-thumbnail","hentry","category-sociedad","tag-ahorro","tag-caida-de-ventas","tag-compra-mayorisas","generate-columns","tablet-grid-50","mobile-grid-100","grid-parent","grid-50"],"jetpack_publicize_connections":[],"jetpack_featured_media_url":"https:\/\/www.hoymercedes.com.ar\/principal\/wp-content\/uploads\/2024\/03\/supermercados.jpg","wps_subtitle":"Preocupante","jetpack_sharing_enabled":true,"_links":{"self":[{"href":"https:\/\/www.hoymercedes.com.ar\/principal\/wp-json\/wp\/v2\/posts\/176179","targetHints":{"allow":["GET"]}}],"collection":[{"href":"https:\/\/www.hoymercedes.com.ar\/principal\/wp-json\/wp\/v2\/posts"}],"about":[{"href":"https:\/\/www.hoymercedes.com.ar\/principal\/wp-json\/wp\/v2\/types\/post"}],"author":[{"embeddable":true,"href":"https:\/\/www.hoymercedes.com.ar\/principal\/wp-json\/wp\/v2\/users\/1"}],"replies":[{"embeddable":true,"href":"https:\/\/www.hoymercedes.com.ar\/principal\/wp-json\/wp\/v2\/comments?post=176179"}],"version-history":[{"count":0,"href":"https:\/\/www.hoymercedes.com.ar\/principal\/wp-json\/wp\/v2\/posts\/176179\/revisions"}],"wp:featuredmedia":[{"embeddable":true,"href":"https:\/\/www.hoymercedes.com.ar\/principal\/wp-json\/wp\/v2\/media\/174130"}],"wp:attachment":[{"href":"https:\/\/www.hoymercedes.com.ar\/principal\/wp-json\/wp\/v2\/media?parent=176179"}],"wp:term":[{"taxonomy":"category","embeddable":true,"href":"https:\/\/www.hoymercedes.com.ar\/principal\/wp-json\/wp\/v2\/categories?post=176179"},{"taxonomy":"post_tag","embeddable":true,"href":"https:\/\/www.hoymercedes.com.ar\/principal\/wp-json\/wp\/v2\/tags?post=176179"}],"curies":[{"name":"wp","href":"https:\/\/api.w.org\/{rel}","templated":true}]}}