{"id":176222,"date":"2024-06-04T22:14:50","date_gmt":"2024-06-05T01:14:50","guid":{"rendered":"https:\/\/www.hoymercedes.com.ar\/principal\/?p=176222"},"modified":"2024-06-05T00:21:40","modified_gmt":"2024-06-05T03:21:40","slug":"este-finde-llega-la-pre-fiesta-del-salame","status":"publish","type":"post","link":"https:\/\/www.hoymercedes.com.ar\/principal\/2024\/06\/04\/este-finde-llega-la-pre-fiesta-del-salame\/","title":{"rendered":"Este finde llega la Pre Fiesta del Salame"},"content":{"rendered":"\n<figure class=\"wp-block-image size-large\"><img loading=\"lazy\" decoding=\"async\" width=\"1024\" height=\"682\" data-attachment-id=\"176223\" data-permalink=\"https:\/\/www.hoymercedes.com.ar\/principal\/2024\/06\/04\/este-finde-llega-la-pre-fiesta-del-salame\/salamequintero-mercedes-4\/#main\" data-orig-file=\"https:\/\/www.hoymercedes.com.ar\/principal\/wp-content\/uploads\/2024\/06\/SalameQuintero-Mercedes-4.jpg\" data-orig-size=\"1319,879\" data-comments-opened=\"0\" data-image-meta=\"{&quot;aperture&quot;:&quot;0&quot;,&quot;credit&quot;:&quot;&quot;,&quot;camera&quot;:&quot;&quot;,&quot;caption&quot;:&quot;&quot;,&quot;created_timestamp&quot;:&quot;0&quot;,&quot;copyright&quot;:&quot;&quot;,&quot;focal_length&quot;:&quot;0&quot;,&quot;iso&quot;:&quot;0&quot;,&quot;shutter_speed&quot;:&quot;0&quot;,&quot;title&quot;:&quot;&quot;,&quot;orientation&quot;:&quot;0&quot;}\" data-image-title=\"SalameQuintero-Mercedes-4\" data-image-description=\"&lt;p&gt;Este finde llega la Pre Fiesta del Salame&lt;\/p&gt;\n\" data-image-caption=\"&lt;p&gt;Este finde llega la Pre Fiesta del Salame&lt;\/p&gt;\n\" data-large-file=\"https:\/\/www.hoymercedes.com.ar\/principal\/wp-content\/uploads\/2024\/06\/SalameQuintero-Mercedes-4-1024x682.jpg\" src=\"https:\/\/www.hoymercedes.com.ar\/principal\/wp-content\/uploads\/2024\/06\/SalameQuintero-Mercedes-4-1024x682.jpg\" alt=\"Este finde llega la Pre Fiesta del Salame\" class=\"wp-image-176223\" srcset=\"https:\/\/www.hoymercedes.com.ar\/principal\/wp-content\/uploads\/2024\/06\/SalameQuintero-Mercedes-4-1024x682.jpg 1024w, https:\/\/www.hoymercedes.com.ar\/principal\/wp-content\/uploads\/2024\/06\/SalameQuintero-Mercedes-4-630x420.jpg 630w, https:\/\/www.hoymercedes.com.ar\/principal\/wp-content\/uploads\/2024\/06\/SalameQuintero-Mercedes-4-150x100.jpg 150w, https:\/\/www.hoymercedes.com.ar\/principal\/wp-content\/uploads\/2024\/06\/SalameQuintero-Mercedes-4-700x465.jpg 700w, https:\/\/www.hoymercedes.com.ar\/principal\/wp-content\/uploads\/2024\/06\/SalameQuintero-Mercedes-4.jpg 1319w\" sizes=\"auto, (max-width: 1024px) 100vw, 1024px\" \/><\/figure>\n\n\n\n<p>El pr\u00f3ximo 8 y 9 de junio se llevar\u00e1 adelante en la ciudad la Pre Fiesta del Salame en el parque Municipal independencia. Habr\u00e1 carpa de salameros, espacio de juegos infantiles, shows en vivo, artesanos, patio cervecero, gastronom\u00eda. Es al aire libre y pet friendly.<\/p>\n\n\n\n<p>Esta iniciativa es llevada adelante por el Municipio de Mercedes junto a productores de salame. Comienza a partir de las 10:00 de la ma\u00f1ana y el valor de las entradas de manera anticipada es de 1.500 pesos y en la puerta es de 2000 pesos. &nbsp;<\/p>\n\n\n\n<p><strong>Comunidad<\/strong><\/p>\n\n\n\n<p>El intendente Juan Ignacio Ustarroz expres\u00f3 \u201cquiero agradecer a los productores de salame fundamentalmente por la gran fiesta que hacen siempre, y en esta ocasi\u00f3n se pusieron esta pre fiesta al hombro, por lo que trabajaron much\u00edsimo para poder conseguir sponsor, recursos del sector privado y as\u00ed poder financiar parte de la inversi\u00f3n que hay que hacer para llevar adelante esta propuesta\u201d.<\/p>\n\n\n\n<p>En este sentido, el intendente Ustarroz dijo \u201cvamos a tener ferias de artesanos, a nuestros artistas con un escenario, promoviendo el turismo, esperando que venga gente de diferentes localidades\u201d y agreg\u00f3 \u201ctrabajar en unidad hacia adentro de nuestra comunidad, porque sabemos que la situaci\u00f3n est\u00e1 dif\u00edcil, pero cuando todos aportamos nuestro granito de arena podemos hacer las cosas mejor\u201d<\/p>\n\n\n\n<figure class=\"wp-block-image size-large\"><img loading=\"lazy\" decoding=\"async\" width=\"1024\" height=\"682\" data-attachment-id=\"176224\" data-permalink=\"https:\/\/www.hoymercedes.com.ar\/principal\/2024\/06\/04\/este-finde-llega-la-pre-fiesta-del-salame\/salamequintero-mercedes-5\/#main\" data-orig-file=\"https:\/\/www.hoymercedes.com.ar\/principal\/wp-content\/uploads\/2024\/06\/SalameQuintero-Mercedes-5.jpg\" data-orig-size=\"1319,879\" data-comments-opened=\"0\" data-image-meta=\"{&quot;aperture&quot;:&quot;0&quot;,&quot;credit&quot;:&quot;&quot;,&quot;camera&quot;:&quot;&quot;,&quot;caption&quot;:&quot;&quot;,&quot;created_timestamp&quot;:&quot;0&quot;,&quot;copyright&quot;:&quot;&quot;,&quot;focal_length&quot;:&quot;0&quot;,&quot;iso&quot;:&quot;0&quot;,&quot;shutter_speed&quot;:&quot;0&quot;,&quot;title&quot;:&quot;&quot;,&quot;orientation&quot;:&quot;0&quot;}\" data-image-title=\"SalameQuintero-Mercedes-5\" data-image-description=\"&lt;p&gt;Este finde llega la Pre Fiesta del Salame&lt;\/p&gt;\n\" data-image-caption=\"&lt;p&gt;Este finde llega la Pre Fiesta del Salame&lt;\/p&gt;\n\" data-large-file=\"https:\/\/www.hoymercedes.com.ar\/principal\/wp-content\/uploads\/2024\/06\/SalameQuintero-Mercedes-5-1024x682.jpg\" src=\"https:\/\/www.hoymercedes.com.ar\/principal\/wp-content\/uploads\/2024\/06\/SalameQuintero-Mercedes-5-1024x682.jpg\" alt=\"Este finde llega la Pre Fiesta del Salame\" class=\"wp-image-176224\" srcset=\"https:\/\/www.hoymercedes.com.ar\/principal\/wp-content\/uploads\/2024\/06\/SalameQuintero-Mercedes-5-1024x682.jpg 1024w, https:\/\/www.hoymercedes.com.ar\/principal\/wp-content\/uploads\/2024\/06\/SalameQuintero-Mercedes-5-630x420.jpg 630w, https:\/\/www.hoymercedes.com.ar\/principal\/wp-content\/uploads\/2024\/06\/SalameQuintero-Mercedes-5-150x100.jpg 150w, https:\/\/www.hoymercedes.com.ar\/principal\/wp-content\/uploads\/2024\/06\/SalameQuintero-Mercedes-5-700x465.jpg 700w, https:\/\/www.hoymercedes.com.ar\/principal\/wp-content\/uploads\/2024\/06\/SalameQuintero-Mercedes-5.jpg 1319w\" sizes=\"auto, (max-width: 1024px) 100vw, 1024px\" \/><\/figure>\n\n\n\n<p>\u201cOjal\u00e1 que tengamos dos d\u00edas muy lindos y que venga gente de todos lados y tengamos una gran fiesta en beneficio de toda nuestra comunidad\u201d remarc\u00f3 el intendente Ustarroz y agreg\u00f3 \u201cesta es una fiesta de todo el pueblo de Mercedes que nos une y nos permite trabajar y disfrutar de los lindos lugares que tenemos en la ciudad\u201d.<\/p>\n\n\n\n<p><strong>Turismo<\/strong><\/p>\n\n\n\n<p>Francisco Dinova, director de turismo dijo \u201cagradecer a todos los diferentes actores que participan de las distintas fiestas en nuestra ciudad por estar en esta presentaci\u00f3n, de la segunda edici\u00f3n consecutiva de la previa del Salame Quintero que se realizar\u00e1 este pr\u00f3ximo fin de semana\u201d y destac\u00f3 \u201cel trabajo junto a los productores de salame quintero que han hecho un gran esfuerzo junto al Municipio de Mercedes para que se pueda realizar esta previa\u201d.<\/p>\n\n\n\n<p>\u201cHabr\u00e1 propuestas para toda la familia, un escenario coordinado por la Direcci\u00f3n de Cultura desde las 14:00 horas por lo que est\u00e1 todo dado para que sean dos jornadas muy lindas, los esperamos\u201d destac\u00f3 Francisco Dinova.<\/p>\n\n\n\n<p><strong>Productores<\/strong><\/p>\n\n\n\n<p>El productor de salame \u201cMoncho\u201d Manzano dijo \u201cgracias a todos por estar, al Municipio como siempre por este esfuerzo que estamos haciendo entre todos, para que se pueda realizar esta fiesta. Los esperamos a todos para que vengan a probar el mejor salame y pasar un muy lindo fin de semana\u201d.<\/p>\n\n\n\n<figure class=\"wp-block-image size-large\"><img loading=\"lazy\" decoding=\"async\" width=\"1024\" height=\"682\" data-attachment-id=\"176225\" data-permalink=\"https:\/\/www.hoymercedes.com.ar\/principal\/2024\/06\/04\/este-finde-llega-la-pre-fiesta-del-salame\/salamequintero-mercedes-2\/#main\" data-orig-file=\"https:\/\/www.hoymercedes.com.ar\/principal\/wp-content\/uploads\/2024\/06\/SalameQuintero-Mercedes-2.jpg\" data-orig-size=\"1319,879\" data-comments-opened=\"0\" data-image-meta=\"{&quot;aperture&quot;:&quot;0&quot;,&quot;credit&quot;:&quot;&quot;,&quot;camera&quot;:&quot;&quot;,&quot;caption&quot;:&quot;&quot;,&quot;created_timestamp&quot;:&quot;0&quot;,&quot;copyright&quot;:&quot;&quot;,&quot;focal_length&quot;:&quot;0&quot;,&quot;iso&quot;:&quot;0&quot;,&quot;shutter_speed&quot;:&quot;0&quot;,&quot;title&quot;:&quot;&quot;,&quot;orientation&quot;:&quot;0&quot;}\" data-image-title=\"SalameQuintero-Mercedes-2\" data-image-description=\"&lt;p&gt;Este finde llega la Pre Fiesta del Salame&lt;\/p&gt;\n\" data-image-caption=\"&lt;p&gt;Este finde llega la Pre Fiesta del Salame&lt;\/p&gt;\n\" data-large-file=\"https:\/\/www.hoymercedes.com.ar\/principal\/wp-content\/uploads\/2024\/06\/SalameQuintero-Mercedes-2-1024x682.jpg\" src=\"https:\/\/www.hoymercedes.com.ar\/principal\/wp-content\/uploads\/2024\/06\/SalameQuintero-Mercedes-2-1024x682.jpg\" alt=\"Este finde llega la Pre Fiesta del Salame\" class=\"wp-image-176225\" srcset=\"https:\/\/www.hoymercedes.com.ar\/principal\/wp-content\/uploads\/2024\/06\/SalameQuintero-Mercedes-2-1024x682.jpg 1024w, https:\/\/www.hoymercedes.com.ar\/principal\/wp-content\/uploads\/2024\/06\/SalameQuintero-Mercedes-2-630x420.jpg 630w, https:\/\/www.hoymercedes.com.ar\/principal\/wp-content\/uploads\/2024\/06\/SalameQuintero-Mercedes-2-150x100.jpg 150w, https:\/\/www.hoymercedes.com.ar\/principal\/wp-content\/uploads\/2024\/06\/SalameQuintero-Mercedes-2-700x465.jpg 700w, https:\/\/www.hoymercedes.com.ar\/principal\/wp-content\/uploads\/2024\/06\/SalameQuintero-Mercedes-2.jpg 1319w\" sizes=\"auto, (max-width: 1024px) 100vw, 1024px\" \/><\/figure>\n\n\n\n<p><strong>Embajador<\/strong><\/p>\n\n\n\n<p>Por su parte, Oscar Rosello, artista mercedino agradeci\u00f3 \u201cal intendente Ustarroz y los productores por seguir apostando a nuestras fiestas, los esperamos a todos a esta pre fiesta del salame, para disfrutar de dos jornadas en familia\u201d.<\/p>\n","protected":false},"excerpt":{"rendered":"<p>El pr\u00f3ximo 8 y 9 de junio se llevar\u00e1 adelante en la ciudad la Pre Fiesta del Salame en el &#8230; <a title=\"Este finde llega la Pre Fiesta del Salame\" class=\"read-more\" href=\"https:\/\/www.hoymercedes.com.ar\/principal\/2024\/06\/04\/este-finde-llega-la-pre-fiesta-del-salame\/\" aria-label=\"Leer m\u00e1s sobre Este finde llega la Pre Fiesta del Salame\">Leer m\u00e1s<\/a><\/p>\n","protected":false},"author":1,"featured_media":176223,"comment_status":"closed","ping_status":"open","sticky":false,"template":"","format":"standard","meta":{"_monsterinsights_skip_tracking":false,"_monsterinsights_sitenote_active":false,"_monsterinsights_sitenote_note":"","_monsterinsights_sitenote_category":0,"jetpack_post_was_ever_published":false,"_jetpack_newsletter_access":"","_jetpack_dont_email_post_to_subs":false,"_jetpack_newsletter_tier_id":0,"_jetpack_memberships_contains_paywalled_content":false,"_jetpack_memberships_contains_paid_content":false,"footnotes":"","jetpack_publicize_message":"","jetpack_publicize_feature_enabled":true,"jetpack_social_post_already_shared":true,"jetpack_social_options":{"image_generator_settings":{"template":"highway","default_image_id":0,"font":"","enabled":false},"version":2},"_wpas_customize_per_network":false},"categories":[8],"tags":[19533,3830,1169,424],"class_list":["post-176222","post","type-post","status-publish","format-standard","has-post-thumbnail","hentry","category-sociedad","tag-moncho-marzano","tag-pre-fiesta-del-salame","tag-salame-quintero","tag-ustarroz","generate-columns","tablet-grid-50","mobile-grid-100","grid-parent","grid-50"],"jetpack_publicize_connections":[],"jetpack_featured_media_url":"https:\/\/www.hoymercedes.com.ar\/principal\/wp-content\/uploads\/2024\/06\/SalameQuintero-Mercedes-4.jpg","wps_subtitle":"Fiestas Populares","jetpack_sharing_enabled":true,"_links":{"self":[{"href":"https:\/\/www.hoymercedes.com.ar\/principal\/wp-json\/wp\/v2\/posts\/176222","targetHints":{"allow":["GET"]}}],"collection":[{"href":"https:\/\/www.hoymercedes.com.ar\/principal\/wp-json\/wp\/v2\/posts"}],"about":[{"href":"https:\/\/www.hoymercedes.com.ar\/principal\/wp-json\/wp\/v2\/types\/post"}],"author":[{"embeddable":true,"href":"https:\/\/www.hoymercedes.com.ar\/principal\/wp-json\/wp\/v2\/users\/1"}],"replies":[{"embeddable":true,"href":"https:\/\/www.hoymercedes.com.ar\/principal\/wp-json\/wp\/v2\/comments?post=176222"}],"version-history":[{"count":0,"href":"https:\/\/www.hoymercedes.com.ar\/principal\/wp-json\/wp\/v2\/posts\/176222\/revisions"}],"wp:featuredmedia":[{"embeddable":true,"href":"https:\/\/www.hoymercedes.com.ar\/principal\/wp-json\/wp\/v2\/media\/176223"}],"wp:attachment":[{"href":"https:\/\/www.hoymercedes.com.ar\/principal\/wp-json\/wp\/v2\/media?parent=176222"}],"wp:term":[{"taxonomy":"category","embeddable":true,"href":"https:\/\/www.hoymercedes.com.ar\/principal\/wp-json\/wp\/v2\/categories?post=176222"},{"taxonomy":"post_tag","embeddable":true,"href":"https:\/\/www.hoymercedes.com.ar\/principal\/wp-json\/wp\/v2\/tags?post=176222"}],"curies":[{"name":"wp","href":"https:\/\/api.w.org\/{rel}","templated":true}]}}