{"id":176248,"date":"2024-06-05T22:30:00","date_gmt":"2024-06-06T01:30:00","guid":{"rendered":"https:\/\/www.hoymercedes.com.ar\/principal\/?p=176248"},"modified":"2024-06-05T21:51:48","modified_gmt":"2024-06-06T00:51:48","slug":"proeba-suma-una-nueva-sede-de-acompanamiento-educativo-a-las-familias","status":"publish","type":"post","link":"https:\/\/www.hoymercedes.com.ar\/principal\/2024\/06\/05\/proeba-suma-una-nueva-sede-de-acompanamiento-educativo-a-las-familias\/","title":{"rendered":"ProEBa suma una nueva sede de acompa\u00f1amiento educativo a las familias"},"content":{"rendered":"\n<figure class=\"wp-block-image size-large\"><img loading=\"lazy\" decoding=\"async\" width=\"1024\" height=\"682\" data-attachment-id=\"176249\" data-permalink=\"https:\/\/www.hoymercedes.com.ar\/principal\/2024\/06\/05\/proeba-suma-una-nueva-sede-de-acompanamiento-educativo-a-las-familias\/dsc04747\/#main\" data-orig-file=\"https:\/\/www.hoymercedes.com.ar\/principal\/wp-content\/uploads\/2024\/06\/DSC04747.jpg\" data-orig-size=\"1319,879\" data-comments-opened=\"0\" data-image-meta=\"{&quot;aperture&quot;:&quot;0&quot;,&quot;credit&quot;:&quot;&quot;,&quot;camera&quot;:&quot;&quot;,&quot;caption&quot;:&quot;&quot;,&quot;created_timestamp&quot;:&quot;0&quot;,&quot;copyright&quot;:&quot;&quot;,&quot;focal_length&quot;:&quot;0&quot;,&quot;iso&quot;:&quot;0&quot;,&quot;shutter_speed&quot;:&quot;0&quot;,&quot;title&quot;:&quot;&quot;,&quot;orientation&quot;:&quot;0&quot;}\" data-image-title=\"ProEBa suma una nueva sede de acompa\u00f1amiento educativo a las familias\" data-image-description=\"&lt;p&gt;ProEBa suma una nueva sede de acompa\u00f1amiento educativo a las familias&lt;\/p&gt;\n\" data-image-caption=\"&lt;p&gt;ProEBa suma una nueva sede de acompa\u00f1amiento educativo a las familias&lt;\/p&gt;\n\" data-large-file=\"https:\/\/www.hoymercedes.com.ar\/principal\/wp-content\/uploads\/2024\/06\/DSC04747-1024x682.jpg\" src=\"https:\/\/www.hoymercedes.com.ar\/principal\/wp-content\/uploads\/2024\/06\/DSC04747-1024x682.jpg\" alt=\"ProEBa suma una nueva sede de acompa\u00f1amiento educativo a las familias\" class=\"wp-image-176249\" srcset=\"https:\/\/www.hoymercedes.com.ar\/principal\/wp-content\/uploads\/2024\/06\/DSC04747-1024x682.jpg 1024w, https:\/\/www.hoymercedes.com.ar\/principal\/wp-content\/uploads\/2024\/06\/DSC04747-630x420.jpg 630w, https:\/\/www.hoymercedes.com.ar\/principal\/wp-content\/uploads\/2024\/06\/DSC04747-150x100.jpg 150w, https:\/\/www.hoymercedes.com.ar\/principal\/wp-content\/uploads\/2024\/06\/DSC04747-700x465.jpg 700w, https:\/\/www.hoymercedes.com.ar\/principal\/wp-content\/uploads\/2024\/06\/DSC04747.jpg 1319w\" sizes=\"auto, (max-width: 1024px) 100vw, 1024px\" \/><\/figure>\n\n\n\n<p>Se suma en la ciudad una nueva sede del programa del Programa de Educaci\u00f3n Barrial a las m\u00e1s de 50 que ya contiene Mercedes, en la zona urbana, barrial y rural. La misma se produce gracias a la firma del convenio con SUTEBA que brindar\u00e1 apoyo escolar en su sede de calle 18, 21 y 23. &nbsp;&nbsp;<\/p>\n\n\n\n<p>El intendente Juan Ignacio Ustarroz manifest\u00f3 \u201cestamos muy contentos por esta noticia y la de poder sostener durante a\u00f1os un programa como el ProEBa que ya tiene 50 sedes\u201d y agreg\u00f3 \u201cfuncionan durante todo el a\u00f1o, de lunes a viernes en sindicatos, iglesias, sociedades de fomento, centros culturales, diferentes instituciones de nuestra comunidad, lo que es muy importante porque habla a las claras el grado de compromiso y participaci\u00f3n por parte de quienes integran las instituciones de la comunidad de Mercedes\u201d.<\/p>\n\n\n\n<p>\u201cNosotros nos animamos a m\u00e1s por eso impulsamos el programa Mercedes Aprende Unida donde ponemos el eje en la educaci\u00f3n desde los hechos y esto es muy importante, porque se brinda mayor grado de acompa\u00f1amiento\u201d asegur\u00f3 el intendente Ustarroz y destac\u00f3 \u201ccon profesionales de la educaci\u00f3n que promueven la participaci\u00f3n de nuestra comunidad algo que en estos tiempos de crisis es muy importante\u201d.<\/p>\n\n\n\n<p>En este sentido, Ustarroz expres\u00f3 \u201ccelebramos esta iniciativa de SUTEBA por su compromiso con la educaci\u00f3n, que no es de hoy, sino de siempre, quienes demuestran que son parte de la soluci\u00f3n, como as\u00ed tambi\u00e9n lo son los j\u00f3venes, la participaci\u00f3n de la familia y el estado como un todo que pueda replantear cual es el rol y el norte de la educaci\u00f3n\u201d.<\/p>\n\n\n\n<p>La Licenciada Florencia Comalini dijo \u201cesto es important\u00edsimo para el proEBa y en este caso en particular con el SUTEBA (Sindicato \u00danico de los Trabajadores de la Educaci\u00f3n de Buenos Aires) en la sede de calle 18, 21 y 23\u201d y apunt\u00f3 \u201cdonde se brindar\u00e1 acompa\u00f1amiento escolar espec\u00edficamente a nivel primario, secundario, ni\u00f1os, ni\u00f1as y adolescentes, j\u00f3venes y adultos que est\u00e9n finalizando sus estudios\u201d.<\/p>\n\n\n\n<p>Fabi\u00e1n D\u00edaz, docente y quien es parte de SUTEBA Mercedes se\u00f1al\u00f3 \u201cpara nosotros es un honor y una enorme alegr\u00eda de acompa\u00f1ar este proyecto, lo cual es sumamente importante para no tener perdida de matr\u00edcula\u201d y apunt\u00f3 \u201cac\u00e1 va a funcionar un refuerzo de matem\u00e1tica, fisicoqu\u00edmica, materias que a los chicos m\u00e1s les cuesta por lo que va a ser important\u00edsimo\u201d.<\/p>\n\n\n\n<p>Fueron tambi\u00e9n parte del encuentro el Secretario de Educaci\u00f3n, Jos\u00e9 Lu\u00eds Pisano, la consejera Daniela Turnes y equipos de trabajo del gremio.<\/p>\n","protected":false},"excerpt":{"rendered":"<p>Se suma en la ciudad una nueva sede del programa del Programa de Educaci\u00f3n Barrial a las m\u00e1s de 50 &#8230; <a title=\"ProEBa suma una nueva sede de acompa\u00f1amiento educativo a las familias\" class=\"read-more\" href=\"https:\/\/www.hoymercedes.com.ar\/principal\/2024\/06\/05\/proeba-suma-una-nueva-sede-de-acompanamiento-educativo-a-las-familias\/\" aria-label=\"Leer m\u00e1s sobre ProEBa suma una nueva sede de acompa\u00f1amiento educativo a las familias\">Leer m\u00e1s<\/a><\/p>\n","protected":false},"author":1,"featured_media":176249,"comment_status":"closed","ping_status":"open","sticky":false,"template":"","format":"standard","meta":{"_monsterinsights_skip_tracking":false,"_monsterinsights_sitenote_active":false,"_monsterinsights_sitenote_note":"","_monsterinsights_sitenote_category":0,"jetpack_post_was_ever_published":false,"_jetpack_newsletter_access":"","_jetpack_dont_email_post_to_subs":false,"_jetpack_newsletter_tier_id":0,"_jetpack_memberships_contains_paywalled_content":false,"_jetpack_memberships_contains_paid_content":false,"footnotes":"","jetpack_publicize_message":"","jetpack_publicize_feature_enabled":true,"jetpack_social_post_already_shared":true,"jetpack_social_options":{"image_generator_settings":{"template":"highway","default_image_id":0,"font":"","enabled":false},"version":2},"_wpas_customize_per_network":false},"categories":[23],"tags":[17947,9195,37,424],"class_list":["post-176248","post","type-post","status-publish","format-standard","has-post-thumbnail","hentry","category-educacion","tag-mercedes-aprende-unida","tag-proeba","tag-suteba","tag-ustarroz","generate-columns","tablet-grid-50","mobile-grid-100","grid-parent","grid-50"],"jetpack_publicize_connections":[],"jetpack_featured_media_url":"https:\/\/www.hoymercedes.com.ar\/principal\/wp-content\/uploads\/2024\/06\/DSC04747.jpg","wps_subtitle":"","jetpack_sharing_enabled":true,"_links":{"self":[{"href":"https:\/\/www.hoymercedes.com.ar\/principal\/wp-json\/wp\/v2\/posts\/176248","targetHints":{"allow":["GET"]}}],"collection":[{"href":"https:\/\/www.hoymercedes.com.ar\/principal\/wp-json\/wp\/v2\/posts"}],"about":[{"href":"https:\/\/www.hoymercedes.com.ar\/principal\/wp-json\/wp\/v2\/types\/post"}],"author":[{"embeddable":true,"href":"https:\/\/www.hoymercedes.com.ar\/principal\/wp-json\/wp\/v2\/users\/1"}],"replies":[{"embeddable":true,"href":"https:\/\/www.hoymercedes.com.ar\/principal\/wp-json\/wp\/v2\/comments?post=176248"}],"version-history":[{"count":0,"href":"https:\/\/www.hoymercedes.com.ar\/principal\/wp-json\/wp\/v2\/posts\/176248\/revisions"}],"wp:featuredmedia":[{"embeddable":true,"href":"https:\/\/www.hoymercedes.com.ar\/principal\/wp-json\/wp\/v2\/media\/176249"}],"wp:attachment":[{"href":"https:\/\/www.hoymercedes.com.ar\/principal\/wp-json\/wp\/v2\/media?parent=176248"}],"wp:term":[{"taxonomy":"category","embeddable":true,"href":"https:\/\/www.hoymercedes.com.ar\/principal\/wp-json\/wp\/v2\/categories?post=176248"},{"taxonomy":"post_tag","embeddable":true,"href":"https:\/\/www.hoymercedes.com.ar\/principal\/wp-json\/wp\/v2\/tags?post=176248"}],"curies":[{"name":"wp","href":"https:\/\/api.w.org\/{rel}","templated":true}]}}