{"id":176251,"date":"2024-06-05T22:00:33","date_gmt":"2024-06-06T01:00:33","guid":{"rendered":"https:\/\/www.hoymercedes.com.ar\/principal\/?p=176251"},"modified":"2024-06-05T22:00:34","modified_gmt":"2024-06-06T01:00:34","slug":"reunion-en-vialidad-nacional-por-el-peaje-de-olivera","status":"publish","type":"post","link":"https:\/\/www.hoymercedes.com.ar\/principal\/2024\/06\/05\/reunion-en-vialidad-nacional-por-el-peaje-de-olivera\/","title":{"rendered":"Reuni\u00f3n en Vialidad Nacional por el Peaje de Olivera"},"content":{"rendered":"\n<figure class=\"wp-block-image size-large\"><img loading=\"lazy\" decoding=\"async\" width=\"1024\" height=\"682\" data-attachment-id=\"176252\" data-permalink=\"https:\/\/www.hoymercedes.com.ar\/principal\/2024\/06\/05\/reunion-en-vialidad-nacional-por-el-peaje-de-olivera\/dsc04884\/#main\" data-orig-file=\"https:\/\/www.hoymercedes.com.ar\/principal\/wp-content\/uploads\/2024\/06\/DSC04884.jpg\" data-orig-size=\"1319,879\" data-comments-opened=\"0\" data-image-meta=\"{&quot;aperture&quot;:&quot;0&quot;,&quot;credit&quot;:&quot;&quot;,&quot;camera&quot;:&quot;&quot;,&quot;caption&quot;:&quot;&quot;,&quot;created_timestamp&quot;:&quot;0&quot;,&quot;copyright&quot;:&quot;&quot;,&quot;focal_length&quot;:&quot;0&quot;,&quot;iso&quot;:&quot;0&quot;,&quot;shutter_speed&quot;:&quot;0&quot;,&quot;title&quot;:&quot;&quot;,&quot;orientation&quot;:&quot;0&quot;}\" data-image-title=\"Reuni\u00f3n en Vialidad Nacional por el Peaje de Olivera\" data-image-description=\"&lt;p&gt;Reuni\u00f3n en Vialidad Nacional por el Peaje de Olivera&lt;\/p&gt;\n\" data-image-caption=\"&lt;p&gt;Reuni\u00f3n en Vialidad Nacional por el Peaje de Olivera&lt;\/p&gt;\n\" data-large-file=\"https:\/\/www.hoymercedes.com.ar\/principal\/wp-content\/uploads\/2024\/06\/DSC04884-1024x682.jpg\" src=\"https:\/\/www.hoymercedes.com.ar\/principal\/wp-content\/uploads\/2024\/06\/DSC04884-1024x682.jpg\" alt=\"La Comisi\u00f3n de Vecinos contra el Peaje mantuvo un encuentro en Vialidad Nacional por el peaje de Olivera. Estuvo presente el intendente Juan I. Ustarroz qui\u00e9n los hab\u00eda recibido hace una semana. El encuentro fue con Ezequiel Galli, funcionario nacional y ex intendente de Juntos. \nCon participaci\u00f3n de la Comisi\u00f3n de Vecinos, referentes de Gowland y Agote, C\u00e1mara Econ\u00f3mica, integrantes de todos los bloques del Concejo Deliberante y su presidenta Mariana San Mart\u00edn se concret\u00f3 el encuentro en Capital Federal.\nSi bien no hubo avances concretos en la agenda acercada, que inclu\u00eda pases libres, descuentos, construcci\u00f3n de un puente, caminos alternativos, entre otras cuestiones, qued\u00f3 el compromiso de reencontrarse en unas semanas con la previa elaboraci\u00f3n de un informe compartido entre los actores involucrados.\nEl tema es, adem\u00e1s, sumamente complejo por los constantes aumentos efectuados y por la voluntad del gobierno de Milei de privatizar la concesi\u00f3n. \n\" class=\"wp-image-176252\" srcset=\"https:\/\/www.hoymercedes.com.ar\/principal\/wp-content\/uploads\/2024\/06\/DSC04884-1024x682.jpg 1024w, https:\/\/www.hoymercedes.com.ar\/principal\/wp-content\/uploads\/2024\/06\/DSC04884-630x420.jpg 630w, https:\/\/www.hoymercedes.com.ar\/principal\/wp-content\/uploads\/2024\/06\/DSC04884-150x100.jpg 150w, https:\/\/www.hoymercedes.com.ar\/principal\/wp-content\/uploads\/2024\/06\/DSC04884-700x465.jpg 700w, https:\/\/www.hoymercedes.com.ar\/principal\/wp-content\/uploads\/2024\/06\/DSC04884.jpg 1319w\" sizes=\"auto, (max-width: 1024px) 100vw, 1024px\" \/><\/figure>\n\n\n\n<p>La Comisi\u00f3n de Vecinos contra el Peaje mantuvo un encuentro en Vialidad Nacional por el peaje de Olivera. Estuvo presente el intendente Juan I. Ustarroz qui\u00e9n los hab\u00eda recibido hace una semana. El encuentro fue con Ezequiel Galli, funcionario nacional y ex intendente de Juntos.<\/p>\n\n\n\n<p>Con participaci\u00f3n de la Comisi\u00f3n de Vecinos, referentes de Gowland y Agote, C\u00e1mara Econ\u00f3mica, integrantes de todos los bloques del Concejo Deliberante y su presidenta Mariana San Mart\u00edn se concret\u00f3 el encuentro en Capital Federal.<\/p>\n\n\n\n<p>Si bien no hubo avances concretos en la agenda acercada, que inclu\u00eda pases libres, descuentos, construcci\u00f3n de un puente, caminos alternativos, entre otras cuestiones, qued\u00f3 el compromiso de reencontrarse en unas semanas con la previa elaboraci\u00f3n de un informe compartido entre los actores involucrados.<\/p>\n\n\n\n<p>El tema es, adem\u00e1s, sumamente complejo por los constantes aumentos efectuados y por la voluntad del gobierno de Milei de privatizar la concesi\u00f3n.<\/p>\n","protected":false},"excerpt":{"rendered":"<p>La Comisi\u00f3n de Vecinos contra el Peaje mantuvo un encuentro en Vialidad Nacional por el peaje de Olivera. Estuvo presente &#8230; <a title=\"Reuni\u00f3n en Vialidad Nacional por el Peaje de Olivera\" class=\"read-more\" href=\"https:\/\/www.hoymercedes.com.ar\/principal\/2024\/06\/05\/reunion-en-vialidad-nacional-por-el-peaje-de-olivera\/\" aria-label=\"Leer m\u00e1s sobre Reuni\u00f3n en Vialidad Nacional por el Peaje de Olivera\">Leer m\u00e1s<\/a><\/p>\n","protected":false},"author":1,"featured_media":176252,"comment_status":"closed","ping_status":"open","sticky":false,"template":"","format":"standard","meta":{"_monsterinsights_skip_tracking":false,"_monsterinsights_sitenote_active":false,"_monsterinsights_sitenote_note":"","_monsterinsights_sitenote_category":0,"jetpack_post_was_ever_published":false,"_jetpack_newsletter_access":"","_jetpack_dont_email_post_to_subs":false,"_jetpack_newsletter_tier_id":0,"_jetpack_memberships_contains_paywalled_content":false,"_jetpack_memberships_contains_paid_content":false,"footnotes":"","jetpack_publicize_message":"","jetpack_publicize_feature_enabled":true,"jetpack_social_post_already_shared":true,"jetpack_social_options":{"image_generator_settings":{"template":"highway","default_image_id":0,"font":"","enabled":false},"version":2},"_wpas_customize_per_network":false},"categories":[8],"tags":[],"class_list":["post-176251","post","type-post","status-publish","format-standard","has-post-thumbnail","hentry","category-sociedad","generate-columns","tablet-grid-50","mobile-grid-100","grid-parent","grid-50"],"jetpack_publicize_connections":[],"jetpack_featured_media_url":"https:\/\/www.hoymercedes.com.ar\/principal\/wp-content\/uploads\/2024\/06\/DSC04884.jpg","wps_subtitle":"Tarifazos y abandono","jetpack_sharing_enabled":true,"_links":{"self":[{"href":"https:\/\/www.hoymercedes.com.ar\/principal\/wp-json\/wp\/v2\/posts\/176251","targetHints":{"allow":["GET"]}}],"collection":[{"href":"https:\/\/www.hoymercedes.com.ar\/principal\/wp-json\/wp\/v2\/posts"}],"about":[{"href":"https:\/\/www.hoymercedes.com.ar\/principal\/wp-json\/wp\/v2\/types\/post"}],"author":[{"embeddable":true,"href":"https:\/\/www.hoymercedes.com.ar\/principal\/wp-json\/wp\/v2\/users\/1"}],"replies":[{"embeddable":true,"href":"https:\/\/www.hoymercedes.com.ar\/principal\/wp-json\/wp\/v2\/comments?post=176251"}],"version-history":[{"count":0,"href":"https:\/\/www.hoymercedes.com.ar\/principal\/wp-json\/wp\/v2\/posts\/176251\/revisions"}],"wp:featuredmedia":[{"embeddable":true,"href":"https:\/\/www.hoymercedes.com.ar\/principal\/wp-json\/wp\/v2\/media\/176252"}],"wp:attachment":[{"href":"https:\/\/www.hoymercedes.com.ar\/principal\/wp-json\/wp\/v2\/media?parent=176251"}],"wp:term":[{"taxonomy":"category","embeddable":true,"href":"https:\/\/www.hoymercedes.com.ar\/principal\/wp-json\/wp\/v2\/categories?post=176251"},{"taxonomy":"post_tag","embeddable":true,"href":"https:\/\/www.hoymercedes.com.ar\/principal\/wp-json\/wp\/v2\/tags?post=176251"}],"curies":[{"name":"wp","href":"https:\/\/api.w.org\/{rel}","templated":true}]}}