{"id":176289,"date":"2024-06-05T15:16:00","date_gmt":"2024-06-05T18:16:00","guid":{"rendered":"https:\/\/www.hoymercedes.com.ar\/principal\/?p=176289"},"modified":"2024-06-06T15:17:48","modified_gmt":"2024-06-06T18:17:48","slug":"pensemos-en-el-dia-mundial-del-medio-ambiente","status":"publish","type":"post","link":"https:\/\/www.hoymercedes.com.ar\/principal\/2024\/06\/05\/pensemos-en-el-dia-mundial-del-medio-ambiente\/","title":{"rendered":"Pensemos en el D\u00eda Mundial del Medio Ambiente"},"content":{"rendered":"\n<p>Por Cristi\u00e1n Frers *- \u00abNuestras tierras. Nuestro futuro\u00bb.<\/p>\n\n\n\n<p>El 5 de junio se celebra el D\u00eda Mundial del Ambiente con el objetivo de concientizar sobre la preservaci\u00f3n de los ecosistemas del planeta. Sin embargo, para poder garantizar la conservaci\u00f3n y restauraci\u00f3n de ecosistemas, es necesario asegurar los derechos de las personas y comunidades que defienden el ambiente y exigir el cumplimiento efectivo de la legislaci\u00f3n ambiental vigente.<\/p>\n\n\n\n<p>Pero, \u00bfqui\u00e9nes son las personas defensoras del ambiente? El Programa de Naciones para el Medio Ambiente afirma que \u201cLos defensores del medio ambiente \u2014ya se trate de individuos, organizaciones o comunidades\u2014 suelen ser ciudadanos de a pie que ejercen sus derechos. Considera defensor del medio ambiente a toda persona que defienda los derechos ambientales, en particular los derechos constitucionales a un medio ambiente limpio y saludable, cuando su ejercicio se vea amenazado\u201d.<\/p>\n\n\n\n<p>Como lo veo muy pocas veces que se han establecido medidas anticontaminaci\u00f3n de los cursos de agua, se acciona contra diversas empresas, pero no se tienen en cuenta los basureros a cielo abierto, que siempre se encuentran a la vera de los r\u00edos, o se vierten l\u00edquidos cloacales sin tratamiento alguno, o simplemente se fugan efluentes ante la complicidad de ciertos funcionarios que hacen la vista gorda. Las pol\u00edticas ambientales, sobre todo aquellas dirigidas a frenar el da\u00f1o que causa la contaminaci\u00f3n deben ser a todo o nada.<\/p>\n\n\n\n<p>Uno de los objetivos es intensificar la acci\u00f3n pol\u00edtica,<strong>&nbsp;<\/strong>tanto para la resoluci\u00f3n de problemas de car\u00e1cter ambiental, como para contextualizar el impacto que tienen las acciones de la gente, individualmente y como sociedad.<\/p>\n\n\n\n<p>Tres problemas que se tienen en Argentina:<\/p>\n\n\n\n<p><strong>-Consumo Irresponsable:<\/strong><\/p>\n\n\n\n<p>La globalizaci\u00f3n como fen\u00f3meno impuls\u00f3 el<strong>&nbsp;<\/strong>consumo desmedido&nbsp;en la mayor\u00eda de los territorios del planeta. Estos procesos que se extendieron y se extienden tambi\u00e9n a lo largo de Latinoam\u00e9rica generan una utilizaci\u00f3n no consciente de los recursos naturales, que, a la larga impactan de forma nociva en el medio ambiente.<\/p>\n\n\n\n<p>En Argentina el&nbsp;consumo denominado \u201cirresponsable\u201d&nbsp;de bienes y servicios es una de las actividades que contribuyen a agotar los recursos y aumentar las emisiones de&nbsp;Gases de Efecto Invernadero (GEI<strong>)<\/strong>. El impacto se ve no solo en la compra o la acci\u00f3n particular de cada persona sino en c\u00f3mo los conjuntos de acciones irresponsables penetran en el ecosistema y lo afectan.&nbsp;<\/p>\n\n\n\n<p>Un ejemplo de esto se ve en el consumo y la creciente demanda energ\u00e9tica. Mientras m\u00e1s energ\u00eda proveniente de combustibles f\u00f3siles utilicemos \u2013como la el\u00e9ctrica que llega a Argentina- m\u00e1s estaremos generando un impacto negativo en la naturaleza.&nbsp;<\/p>\n\n\n\n<p>Solucionar los problemas ambientales es un trabajo en conjunto y permanente del que deben hacerse cargo los individuos como las comunidades que deben responsabilizarse y hacerse cargo.<\/p>\n\n\n\n<p><strong>-Deforestaci\u00f3n:<\/strong><\/p>\n\n\n\n<p>La deforestaci\u00f3n es el proceso por el cual se destruyen superficies forestales, para ser utilizadas con fines comerciales. Por ejemplo, es com\u00fan ver procesos de<strong>&nbsp;<\/strong>deforestaci\u00f3n para explotaci\u00f3n agropecuaria o la construcci\u00f3n de edificaciones.<strong>&nbsp;<\/strong><\/p>\n\n\n\n<p>Asimismo, en Argentina, los<strong>&nbsp;<\/strong>incendios forestales&nbsp;son otras de las graves causas que pueden provocar deforestaci\u00f3n extrema en algunas zonas, generando un importante impacto ambiental a todo el ecosistema que rodea el \u00e1rea.&nbsp;<\/p>\n\n\n\n<p><strong>-Uso de energ\u00eda de combustibles f\u00f3siles:<\/strong><\/p>\n\n\n\n<p>&nbsp;En Argentina, los combustibles f\u00f3siles representan la fuente principal de energ\u00eda del pa\u00eds y su uso en exceso representa uno de los principales problemas ambientales en Argentina. El petr\u00f3leo, el carb\u00f3n y el gas natural se utilizan como generadores de electricidad y como combustible para diferentes actividades.<\/p>\n\n\n\n<p>Los combustibles f\u00f3siles son recursos naturales no renovables y se originan a partir de la acumulaci\u00f3n de restos org\u00e1nicos que penetran en los suelos a trav\u00e9s de los a\u00f1os, atravesando innumerables procesos biol\u00f3gicos.&nbsp;<\/p>\n\n\n\n<p>La utilizaci\u00f3n de estos componentes genera emisiones de gases contaminantes como el di\u00f3xido de carbono (CO2), los cuales incrementan el efecto invernadero y tienen un impacto en los canales h\u00eddricos, el suelo y el aire.&nbsp;<\/p>\n\n\n\n<p>Adem\u00e1s, los efectos producidos por estos combustibles est\u00e1n relacionados tambi\u00e9n a los subproductos que se obtienen de su procesamiento, como los hidrocarburos y a los posibles impactos derivados de su transporte, como los derrames de petr\u00f3leo.&nbsp;<\/p>\n\n\n\n<p>*Cristi\u00e1n Frers \u2013 T\u00e9cnico Superior en Gesti\u00f3n Ambiental y T\u00e9cnico Superior en Comunicaci\u00f3n Social (Periodista).<\/p>\n","protected":false},"excerpt":{"rendered":"<p>Por Cristi\u00e1n Frers *- \u00abNuestras tierras. Nuestro futuro\u00bb. El 5 de junio se celebra el D\u00eda Mundial del Ambiente con &#8230; <a title=\"Pensemos en el D\u00eda Mundial del Medio Ambiente\" class=\"read-more\" href=\"https:\/\/www.hoymercedes.com.ar\/principal\/2024\/06\/05\/pensemos-en-el-dia-mundial-del-medio-ambiente\/\" aria-label=\"Leer m\u00e1s sobre Pensemos en el D\u00eda Mundial del Medio Ambiente\">Leer m\u00e1s<\/a><\/p>\n","protected":false},"author":1,"featured_media":152316,"comment_status":"closed","ping_status":"open","sticky":false,"template":"","format":"standard","meta":{"_monsterinsights_skip_tracking":false,"_monsterinsights_sitenote_active":false,"_monsterinsights_sitenote_note":"","_monsterinsights_sitenote_category":0,"jetpack_post_was_ever_published":false,"_jetpack_newsletter_access":"","_jetpack_dont_email_post_to_subs":false,"_jetpack_newsletter_tier_id":0,"_jetpack_memberships_contains_paywalled_content":false,"_jetpack_memberships_contains_paid_content":false,"footnotes":"","jetpack_publicize_message":"","jetpack_publicize_feature_enabled":true,"jetpack_social_post_already_shared":true,"jetpack_social_options":{"image_generator_settings":{"template":"highway","default_image_id":0,"font":"","enabled":false},"version":2},"_wpas_customize_per_network":false},"categories":[8],"tags":[],"class_list":["post-176289","post","type-post","status-publish","format-standard","has-post-thumbnail","hentry","category-sociedad","generate-columns","tablet-grid-50","mobile-grid-100","grid-parent","grid-50"],"jetpack_publicize_connections":[],"jetpack_featured_media_url":"https:\/\/www.hoymercedes.com.ar\/principal\/wp-content\/uploads\/2022\/08\/politica_ambiental_que_es_y_ejemplos_42_orig.jpg","wps_subtitle":"","jetpack_sharing_enabled":true,"_links":{"self":[{"href":"https:\/\/www.hoymercedes.com.ar\/principal\/wp-json\/wp\/v2\/posts\/176289","targetHints":{"allow":["GET"]}}],"collection":[{"href":"https:\/\/www.hoymercedes.com.ar\/principal\/wp-json\/wp\/v2\/posts"}],"about":[{"href":"https:\/\/www.hoymercedes.com.ar\/principal\/wp-json\/wp\/v2\/types\/post"}],"author":[{"embeddable":true,"href":"https:\/\/www.hoymercedes.com.ar\/principal\/wp-json\/wp\/v2\/users\/1"}],"replies":[{"embeddable":true,"href":"https:\/\/www.hoymercedes.com.ar\/principal\/wp-json\/wp\/v2\/comments?post=176289"}],"version-history":[{"count":0,"href":"https:\/\/www.hoymercedes.com.ar\/principal\/wp-json\/wp\/v2\/posts\/176289\/revisions"}],"wp:featuredmedia":[{"embeddable":true,"href":"https:\/\/www.hoymercedes.com.ar\/principal\/wp-json\/wp\/v2\/media\/152316"}],"wp:attachment":[{"href":"https:\/\/www.hoymercedes.com.ar\/principal\/wp-json\/wp\/v2\/media?parent=176289"}],"wp:term":[{"taxonomy":"category","embeddable":true,"href":"https:\/\/www.hoymercedes.com.ar\/principal\/wp-json\/wp\/v2\/categories?post=176289"},{"taxonomy":"post_tag","embeddable":true,"href":"https:\/\/www.hoymercedes.com.ar\/principal\/wp-json\/wp\/v2\/tags?post=176289"}],"curies":[{"name":"wp","href":"https:\/\/api.w.org\/{rel}","templated":true}]}}