{"id":176300,"date":"2024-06-07T08:08:00","date_gmt":"2024-06-07T11:08:00","guid":{"rendered":"https:\/\/www.hoymercedes.com.ar\/principal\/?p=176300"},"modified":"2024-06-06T20:16:27","modified_gmt":"2024-06-06T23:16:27","slug":"ajb-lista-1-ya-trabaja-con-propuestas-y-atenta-a-las-necesidades-de-los-judiciales","status":"publish","type":"post","link":"https:\/\/www.hoymercedes.com.ar\/principal\/2024\/06\/07\/ajb-lista-1-ya-trabaja-con-propuestas-y-atenta-a-las-necesidades-de-los-judiciales\/","title":{"rendered":"AJB: Lista 1 ya trabaja con propuestas y atenta a las necesidades de los Judiciales"},"content":{"rendered":"\n<figure class=\"wp-block-image size-large\"><img loading=\"lazy\" decoding=\"async\" width=\"1024\" height=\"682\" data-attachment-id=\"176301\" data-permalink=\"https:\/\/www.hoymercedes.com.ar\/principal\/2024\/06\/07\/ajb-lista-1-ya-trabaja-con-propuestas-y-atenta-a-las-necesidades-de-los-judiciales\/251-4\/#main\" data-orig-file=\"https:\/\/www.hoymercedes.com.ar\/principal\/wp-content\/uploads\/2024\/06\/251.jpg\" data-orig-size=\"1600,1066\" data-comments-opened=\"0\" data-image-meta=\"{&quot;aperture&quot;:&quot;0&quot;,&quot;credit&quot;:&quot;&quot;,&quot;camera&quot;:&quot;&quot;,&quot;caption&quot;:&quot;&quot;,&quot;created_timestamp&quot;:&quot;0&quot;,&quot;copyright&quot;:&quot;&quot;,&quot;focal_length&quot;:&quot;0&quot;,&quot;iso&quot;:&quot;0&quot;,&quot;shutter_speed&quot;:&quot;0&quot;,&quot;title&quot;:&quot;&quot;,&quot;orientation&quot;:&quot;0&quot;}\" data-image-title=\"AJB: Lista 1 ya trabaja con propuestas y atenta a las necesidades de los Judiciales\" data-image-description=\"&lt;p&gt;AJB: Lista 1 ya trabaja con propuestas y atenta a las necesidades de los Judiciales&lt;\/p&gt;\n\" data-image-caption=\"&lt;p&gt;AJB: Lista 1 ya trabaja con propuestas y atenta a las necesidades de los Judiciales&lt;\/p&gt;\n\" data-large-file=\"https:\/\/www.hoymercedes.com.ar\/principal\/wp-content\/uploads\/2024\/06\/251-1024x682.jpg\" src=\"https:\/\/www.hoymercedes.com.ar\/principal\/wp-content\/uploads\/2024\/06\/251-1024x682.jpg\" alt=\"AJB: Lista 1 ya trabaja con propuestas y atenta a las necesidades de los Judiciales\" class=\"wp-image-176301\" srcset=\"https:\/\/www.hoymercedes.com.ar\/principal\/wp-content\/uploads\/2024\/06\/251-1024x682.jpg 1024w, https:\/\/www.hoymercedes.com.ar\/principal\/wp-content\/uploads\/2024\/06\/251-630x420.jpg 630w, https:\/\/www.hoymercedes.com.ar\/principal\/wp-content\/uploads\/2024\/06\/251-150x100.jpg 150w, https:\/\/www.hoymercedes.com.ar\/principal\/wp-content\/uploads\/2024\/06\/251-1536x1023.jpg 1536w, https:\/\/www.hoymercedes.com.ar\/principal\/wp-content\/uploads\/2024\/06\/251-700x465.jpg 700w, https:\/\/www.hoymercedes.com.ar\/principal\/wp-content\/uploads\/2024\/06\/251.jpg 1600w\" sizes=\"auto, (max-width: 1024px) 100vw, 1024px\" \/><\/figure>\n\n\n\n<p>La Lista 1 se prepara para las pr\u00f3ximas elecciones de la AJB con propuestas y atenci\u00f3n a las necesidades de los judiciales. Ser\u00e1 el acto electoral el 13 y 14 de junio.<\/p>\n\n\n\n<p>Tratan aspectos como el salarial, las condiciones de trabajo, la consolidaci\u00f3n de mejoras y la recuperaci\u00f3n del gremio. La f\u00f3rmula a nivel local est\u00e1 encabezada por Ignacio Cassiani.<\/p>\n\n\n\n<p>Cassiani, expres\u00f3 que \u201ctenemos buenas expectativas para las elecciones del 13 y 14, estamos recorriendo las distintas oficinas de Mercedes, en la ciudad hay dos opciones, la lista 1 la cual conformamos y por la cual estamos trabajando mucho y queremos seguir haci\u00e9ndolo por y para el afiliado\u201d.<\/p>\n\n\n\n<p>Tambi\u00e9n mencion\u00f3 sobre las propuestas que \u201cuna de nuestras propuestas es poder tener presencia en los juzgados, algo que para m\u00ed es fundamental, donde entendemos hay problemas de mucha \u00edndole, por lo que es primordial que los compa\u00f1eros se sientan acompa\u00f1ados\u201d y agreg\u00f3 \u201ccomo as\u00ed tambi\u00e9n poder encontrarnos con otras departamentales, conocernos y poder estar al lado del afiliado, que el gremio est\u00e9 presente\u201d.<\/p>\n\n\n\n<p>\u201cTenemos el acompa\u00f1amiento de autoridades de la provincia de Buenos Aires, por lo que es una buena oportunidad que la departamental Mercedes se pueda unir a la Provincia\u201d.<\/p>\n\n\n\n<figure class=\"wp-block-image size-large\"><img loading=\"lazy\" decoding=\"async\" width=\"1024\" height=\"682\" data-attachment-id=\"176302\" data-permalink=\"https:\/\/www.hoymercedes.com.ar\/principal\/2024\/06\/07\/ajb-lista-1-ya-trabaja-con-propuestas-y-atenta-a-las-necesidades-de-los-judiciales\/attachment\/254\/#main\" data-orig-file=\"https:\/\/www.hoymercedes.com.ar\/principal\/wp-content\/uploads\/2024\/06\/254.jpg\" data-orig-size=\"1600,1066\" data-comments-opened=\"0\" data-image-meta=\"{&quot;aperture&quot;:&quot;0&quot;,&quot;credit&quot;:&quot;&quot;,&quot;camera&quot;:&quot;&quot;,&quot;caption&quot;:&quot;&quot;,&quot;created_timestamp&quot;:&quot;0&quot;,&quot;copyright&quot;:&quot;&quot;,&quot;focal_length&quot;:&quot;0&quot;,&quot;iso&quot;:&quot;0&quot;,&quot;shutter_speed&quot;:&quot;0&quot;,&quot;title&quot;:&quot;&quot;,&quot;orientation&quot;:&quot;0&quot;}\" data-image-title=\"AJB: Lista 1 ya trabaja con propuestas y atenta a las necesidades de los Judiciales\" data-image-description=\"&lt;p&gt;AJB: Lista 1 ya trabaja con propuestas y atenta a las necesidades de los Judiciales&lt;\/p&gt;\n\" data-image-caption=\"&lt;p&gt;AJB: Lista 1 ya trabaja con propuestas y atenta a las necesidades de los Judiciales&lt;\/p&gt;\n\" data-large-file=\"https:\/\/www.hoymercedes.com.ar\/principal\/wp-content\/uploads\/2024\/06\/254-1024x682.jpg\" src=\"https:\/\/www.hoymercedes.com.ar\/principal\/wp-content\/uploads\/2024\/06\/254-1024x682.jpg\" alt=\"AJB: Lista 1 ya trabaja con propuestas y atenta a las necesidades de los Judiciales\" class=\"wp-image-176302\" srcset=\"https:\/\/www.hoymercedes.com.ar\/principal\/wp-content\/uploads\/2024\/06\/254-1024x682.jpg 1024w, https:\/\/www.hoymercedes.com.ar\/principal\/wp-content\/uploads\/2024\/06\/254-630x420.jpg 630w, https:\/\/www.hoymercedes.com.ar\/principal\/wp-content\/uploads\/2024\/06\/254-150x100.jpg 150w, https:\/\/www.hoymercedes.com.ar\/principal\/wp-content\/uploads\/2024\/06\/254-1536x1023.jpg 1536w, https:\/\/www.hoymercedes.com.ar\/principal\/wp-content\/uploads\/2024\/06\/254-700x465.jpg 700w, https:\/\/www.hoymercedes.com.ar\/principal\/wp-content\/uploads\/2024\/06\/254.jpg 1600w\" sizes=\"auto, (max-width: 1024px) 100vw, 1024px\" \/><\/figure>\n\n\n\n<p>Por su parte, Hugo Russo, Secretario Gral. de provincia de Buenos Aires manifest\u00f3 \u201cno vinimos a prometer nada, sino que venimos a decir lo que hemos hecho, instalamos al trabajador y la trabajadora judicial en el centro de la escena del sindicato, donde todas las cuestiones se resuelven en asamblea y con la participaci\u00f3n de todos, de un gremio tan heterog\u00e9neo como este, donde el afiliado volvi\u00f3 a ser el verdadero protagonista\u201d.<\/p>\n\n\n\n<p>\u201cNosotros venimos a apoyar a los compa\u00f1eros y compa\u00f1eras que integran la Lista 1 mostrando todo lo que hicimos -que fue much\u00edsimo- en estos 2 a\u00f1os y medio, y a decirles que nos sigan acompa\u00f1ando y transformando el gremio teniendo a la familia de la AJB en el centro de la escena\u201d afirm\u00f3 Russo. \u00a0\u00a0<\/p>\n\n\n\n<figure class=\"wp-block-embed is-type-video is-provider-youtube wp-block-embed-youtube wp-embed-aspect-16-9 wp-has-aspect-ratio\"><div class=\"wp-block-embed__wrapper\">\n<span class=\"embed-youtube\" style=\"text-align:center; display: block;\"><iframe loading=\"lazy\" class=\"youtube-player\" width=\"1200\" height=\"675\" src=\"https:\/\/www.youtube.com\/embed\/Vi1IO8_r4cM?version=3&#038;rel=1&#038;showsearch=0&#038;showinfo=1&#038;iv_load_policy=1&#038;fs=1&#038;hl=es-ES&#038;autohide=2&#038;wmode=transparent\" allowfullscreen=\"true\" style=\"border:0;\" sandbox=\"allow-scripts allow-same-origin allow-popups allow-presentation allow-popups-to-escape-sandbox\"><\/iframe><\/span>\n<\/div><\/figure>\n","protected":false},"excerpt":{"rendered":"<p>La Lista 1 se prepara para las pr\u00f3ximas elecciones de la AJB con propuestas y atenci\u00f3n a las necesidades de &#8230; <a title=\"AJB: Lista 1 ya trabaja con propuestas y atenta a las necesidades de los Judiciales\" class=\"read-more\" href=\"https:\/\/www.hoymercedes.com.ar\/principal\/2024\/06\/07\/ajb-lista-1-ya-trabaja-con-propuestas-y-atenta-a-las-necesidades-de-los-judiciales\/\" aria-label=\"Leer m\u00e1s sobre AJB: Lista 1 ya trabaja con propuestas y atenta a las necesidades de los Judiciales\">Leer m\u00e1s<\/a><\/p>\n","protected":false},"author":1,"featured_media":176302,"comment_status":"closed","ping_status":"open","sticky":false,"template":"","format":"standard","meta":{"_monsterinsights_skip_tracking":false,"_monsterinsights_sitenote_active":false,"_monsterinsights_sitenote_note":"","_monsterinsights_sitenote_category":0,"jetpack_post_was_ever_published":false,"_jetpack_newsletter_access":"","_jetpack_dont_email_post_to_subs":false,"_jetpack_newsletter_tier_id":0,"_jetpack_memberships_contains_paywalled_content":false,"_jetpack_memberships_contains_paid_content":false,"footnotes":"","jetpack_publicize_message":"","jetpack_publicize_feature_enabled":true,"jetpack_social_post_already_shared":true,"jetpack_social_options":{"image_generator_settings":{"template":"highway","default_image_id":0,"font":"","enabled":false},"version":2},"_wpas_customize_per_network":false},"categories":[8],"tags":[2469,19538],"class_list":["post-176300","post","type-post","status-publish","format-standard","has-post-thumbnail","hentry","category-sociedad","tag-elecciones-ajb","tag-gremios-2","generate-columns","tablet-grid-50","mobile-grid-100","grid-parent","grid-50"],"jetpack_publicize_connections":[],"jetpack_featured_media_url":"https:\/\/www.hoymercedes.com.ar\/principal\/wp-content\/uploads\/2024\/06\/254.jpg","wps_subtitle":"Elecciones provinciales ","jetpack_sharing_enabled":true,"_links":{"self":[{"href":"https:\/\/www.hoymercedes.com.ar\/principal\/wp-json\/wp\/v2\/posts\/176300","targetHints":{"allow":["GET"]}}],"collection":[{"href":"https:\/\/www.hoymercedes.com.ar\/principal\/wp-json\/wp\/v2\/posts"}],"about":[{"href":"https:\/\/www.hoymercedes.com.ar\/principal\/wp-json\/wp\/v2\/types\/post"}],"author":[{"embeddable":true,"href":"https:\/\/www.hoymercedes.com.ar\/principal\/wp-json\/wp\/v2\/users\/1"}],"replies":[{"embeddable":true,"href":"https:\/\/www.hoymercedes.com.ar\/principal\/wp-json\/wp\/v2\/comments?post=176300"}],"version-history":[{"count":0,"href":"https:\/\/www.hoymercedes.com.ar\/principal\/wp-json\/wp\/v2\/posts\/176300\/revisions"}],"wp:featuredmedia":[{"embeddable":true,"href":"https:\/\/www.hoymercedes.com.ar\/principal\/wp-json\/wp\/v2\/media\/176302"}],"wp:attachment":[{"href":"https:\/\/www.hoymercedes.com.ar\/principal\/wp-json\/wp\/v2\/media?parent=176300"}],"wp:term":[{"taxonomy":"category","embeddable":true,"href":"https:\/\/www.hoymercedes.com.ar\/principal\/wp-json\/wp\/v2\/categories?post=176300"},{"taxonomy":"post_tag","embeddable":true,"href":"https:\/\/www.hoymercedes.com.ar\/principal\/wp-json\/wp\/v2\/tags?post=176300"}],"curies":[{"name":"wp","href":"https:\/\/api.w.org\/{rel}","templated":true}]}}