{"id":176325,"date":"2024-06-07T20:11:15","date_gmt":"2024-06-07T23:11:15","guid":{"rendered":"https:\/\/www.hoymercedes.com.ar\/principal\/?p=176325"},"modified":"2024-06-07T20:11:53","modified_gmt":"2024-06-07T23:11:53","slug":"se-conmemoro-el-dia-del-periodista","status":"publish","type":"post","link":"https:\/\/www.hoymercedes.com.ar\/principal\/2024\/06\/07\/se-conmemoro-el-dia-del-periodista\/","title":{"rendered":"Se conmemor\u00f3 el D\u00eda del Periodista"},"content":{"rendered":"\n<figure class=\"wp-block-embed is-type-video is-provider-youtube wp-block-embed-youtube wp-embed-aspect-16-9 wp-has-aspect-ratio\"><div class=\"wp-block-embed__wrapper\">\n<span class=\"embed-youtube\" style=\"text-align:center; display: block;\"><iframe loading=\"lazy\" class=\"youtube-player\" width=\"1200\" height=\"675\" src=\"https:\/\/www.youtube.com\/embed\/Ke-7n70WUvA?version=3&#038;rel=1&#038;showsearch=0&#038;showinfo=1&#038;iv_load_policy=1&#038;fs=1&#038;hl=es-ES&#038;autohide=2&#038;wmode=transparent\" allowfullscreen=\"true\" style=\"border:0;\" sandbox=\"allow-scripts allow-same-origin allow-popups allow-presentation allow-popups-to-escape-sandbox\"><\/iframe><\/span>\n<\/div><\/figure>\n\n\n\n<p>Como cada 7 de junio, se celebr\u00f3 el D\u00eda del Periodista en Argentina. En nuestra ciudad, el Municipio de Mercedes realiz\u00f3 un sencillo y emotivo acto donde se destac\u00f3 la gran labor period\u00edstica desarrollada por nuestros profesionales. El mismo se conmemor\u00f3 frente al monumento a Mariano Moreno, en calle 25 esquina 16. Tom\u00f3 la palabra por parte de las y los periodistas Alfredo Uncal, director de Radio Santa Mar\u00eda.<\/p>\n\n\n\n<figure class=\"wp-block-image size-large\"><img loading=\"lazy\" decoding=\"async\" width=\"1024\" height=\"682\" data-attachment-id=\"176326\" data-permalink=\"https:\/\/www.hoymercedes.com.ar\/principal\/2024\/06\/07\/se-conmemoro-el-dia-del-periodista\/dsc05251-2\/#main\" data-orig-file=\"https:\/\/www.hoymercedes.com.ar\/principal\/wp-content\/uploads\/2024\/06\/DSC05251.jpg\" data-orig-size=\"1319,879\" data-comments-opened=\"0\" data-image-meta=\"{&quot;aperture&quot;:&quot;0&quot;,&quot;credit&quot;:&quot;&quot;,&quot;camera&quot;:&quot;&quot;,&quot;caption&quot;:&quot;&quot;,&quot;created_timestamp&quot;:&quot;0&quot;,&quot;copyright&quot;:&quot;&quot;,&quot;focal_length&quot;:&quot;0&quot;,&quot;iso&quot;:&quot;0&quot;,&quot;shutter_speed&quot;:&quot;0&quot;,&quot;title&quot;:&quot;&quot;,&quot;orientation&quot;:&quot;0&quot;}\" data-image-title=\"Se conmemor\u00f3 el D\u00eda del Periodista\" data-image-description=\"&lt;p&gt;Se conmemor\u00f3 el D\u00eda del Periodista&lt;\/p&gt;\n\" data-image-caption=\"&lt;p&gt;Se conmemor\u00f3 el D\u00eda del Periodista&lt;\/p&gt;\n\" data-large-file=\"https:\/\/www.hoymercedes.com.ar\/principal\/wp-content\/uploads\/2024\/06\/DSC05251-1024x682.jpg\" src=\"https:\/\/www.hoymercedes.com.ar\/principal\/wp-content\/uploads\/2024\/06\/DSC05251-1024x682.jpg\" alt=\"Se conmemor\u00f3 el D\u00eda del Periodista\" class=\"wp-image-176326\" srcset=\"https:\/\/www.hoymercedes.com.ar\/principal\/wp-content\/uploads\/2024\/06\/DSC05251-1024x682.jpg 1024w, https:\/\/www.hoymercedes.com.ar\/principal\/wp-content\/uploads\/2024\/06\/DSC05251-630x420.jpg 630w, https:\/\/www.hoymercedes.com.ar\/principal\/wp-content\/uploads\/2024\/06\/DSC05251-150x100.jpg 150w, https:\/\/www.hoymercedes.com.ar\/principal\/wp-content\/uploads\/2024\/06\/DSC05251-700x465.jpg 700w, https:\/\/www.hoymercedes.com.ar\/principal\/wp-content\/uploads\/2024\/06\/DSC05251.jpg 1319w\" sizes=\"auto, (max-width: 1024px) 100vw, 1024px\" \/><\/figure>\n\n\n\n<p>\u201cNosotros podemos decir que en nuestra ciudad tenemos buenos periodistas, personas que dicen lo que piensan desde su lugar de periodistas, pero tambi\u00e9n como vecinos\u201d manifest\u00f3 el intendente <strong>Juan Ignacio Ustarroz.<\/strong><\/p>\n\n\n\n<p>En este sentido, el <strong>intendente Ustarroz<\/strong> se\u00f1al\u00f3 \u201ces muy importante el rol del periodista porque nos permite pensar en estos tiempos que nos damos menos tiempo para pensar donde parece que la \u00fanica verdad es la actualidad permanente\u201d y agreg\u00f3 \u201cy perdemos la perspectiva hist\u00f3rica y sin ella perdemos la visi\u00f3n de so\u00f1ar un futuro mejor\u201d.<\/p>\n\n\n\n<p>\u201cPor eso todos los que est\u00e1n ac\u00e1 saben que cuando nos sentamos a hablar, lo hacemos de los temas que quieran y como quieran, y eso forma parte de la transparencia, pudiendo generar v\u00ednculos humanos y reales\u201d afirm\u00f3 <strong>Ustarroz<\/strong> y agreg\u00f3 \u201cles agradezco la labor diaria, pongo en valor el esfuerzo que hacen, porque me consta, por esa funci\u00f3n tan importante que tienen para la democracia y la sociedad\u201d.<\/p>\n\n\n\n<p><strong>Alfredo Uncal<\/strong>, periodista de la ciudad expres\u00f3 \u201cgracias por invitarme y desafiarme a decir unas palabras en este d\u00eda tan significativo para todos nosotros\u201d y luego ley\u00f3 parte del libro \u201cLa vida por la patria\u201d que escribiera el historiador mercedino Felipe Pigna.&nbsp;<\/p>\n\n\n\n<p>Uncal tuvo un momento muy significativo cuando record\u00f3 a los periodistas que en los \u00faltimos a\u00f1os fallecieron, pero siguen en las memoria de nuestra comunidad.<\/p>\n\n\n\n<p>El D\u00eda del Periodista qued\u00f3 institucionalizado el 25 de mayo de 1938 durante el Primer Congreso de Periodistas. All\u00ed tambi\u00e9n se forjaron las bases del Estatuto del Periodista (ley 12.908), que fue sancionado reci\u00e9n en 1944.<\/p>\n\n\n\n<p>Este d\u00eda qued\u00f3 establecido en memoria de Mariano Moreno, abogado, pol\u00edtico, uno de los grandes mentores de la Revoluci\u00f3n de Mayo y pr\u00f3cer nacional. Quien el 7 de junio de 1810 tom\u00f3 la decisi\u00f3n de publicar La Gazeta de Buenos Aires, el primer peri\u00f3dico del nacimiento de la Argentina y \u00f3rgano de difusi\u00f3n de las ideas de la Primera Junta de Gobierno.<\/p>\n","protected":false},"excerpt":{"rendered":"<p>Como cada 7 de junio, se celebr\u00f3 el D\u00eda del Periodista en Argentina. En nuestra ciudad, el Municipio de Mercedes &#8230; <a title=\"Se conmemor\u00f3 el D\u00eda del Periodista\" class=\"read-more\" href=\"https:\/\/www.hoymercedes.com.ar\/principal\/2024\/06\/07\/se-conmemoro-el-dia-del-periodista\/\" aria-label=\"Leer m\u00e1s sobre Se conmemor\u00f3 el D\u00eda del Periodista\">Leer m\u00e1s<\/a><\/p>\n","protected":false},"author":1,"featured_media":176326,"comment_status":"closed","ping_status":"open","sticky":false,"template":"","format":"standard","meta":{"_monsterinsights_skip_tracking":false,"_monsterinsights_sitenote_active":false,"_monsterinsights_sitenote_note":"","_monsterinsights_sitenote_category":0,"jetpack_post_was_ever_published":false,"_jetpack_newsletter_access":"","_jetpack_dont_email_post_to_subs":false,"_jetpack_newsletter_tier_id":0,"_jetpack_memberships_contains_paywalled_content":false,"_jetpack_memberships_contains_paid_content":false,"footnotes":"","jetpack_publicize_message":"","jetpack_publicize_feature_enabled":true,"jetpack_social_post_already_shared":true,"jetpack_social_options":{"image_generator_settings":{"template":"highway","default_image_id":0,"font":"","enabled":false},"version":2},"_wpas_customize_per_network":false},"categories":[8],"tags":[19542,19541],"class_list":["post-176325","post","type-post","status-publish","format-standard","has-post-thumbnail","hentry","category-sociedad","tag-dia-del-periodista-mercedes","tag-se-conmemoro-el-dia-del-periodista","generate-columns","tablet-grid-50","mobile-grid-100","grid-parent","grid-50"],"jetpack_publicize_connections":[],"jetpack_featured_media_url":"https:\/\/www.hoymercedes.com.ar\/principal\/wp-content\/uploads\/2024\/06\/DSC05251.jpg","wps_subtitle":"Conmemoraci\u00f3n ","jetpack_sharing_enabled":true,"_links":{"self":[{"href":"https:\/\/www.hoymercedes.com.ar\/principal\/wp-json\/wp\/v2\/posts\/176325","targetHints":{"allow":["GET"]}}],"collection":[{"href":"https:\/\/www.hoymercedes.com.ar\/principal\/wp-json\/wp\/v2\/posts"}],"about":[{"href":"https:\/\/www.hoymercedes.com.ar\/principal\/wp-json\/wp\/v2\/types\/post"}],"author":[{"embeddable":true,"href":"https:\/\/www.hoymercedes.com.ar\/principal\/wp-json\/wp\/v2\/users\/1"}],"replies":[{"embeddable":true,"href":"https:\/\/www.hoymercedes.com.ar\/principal\/wp-json\/wp\/v2\/comments?post=176325"}],"version-history":[{"count":0,"href":"https:\/\/www.hoymercedes.com.ar\/principal\/wp-json\/wp\/v2\/posts\/176325\/revisions"}],"wp:featuredmedia":[{"embeddable":true,"href":"https:\/\/www.hoymercedes.com.ar\/principal\/wp-json\/wp\/v2\/media\/176326"}],"wp:attachment":[{"href":"https:\/\/www.hoymercedes.com.ar\/principal\/wp-json\/wp\/v2\/media?parent=176325"}],"wp:term":[{"taxonomy":"category","embeddable":true,"href":"https:\/\/www.hoymercedes.com.ar\/principal\/wp-json\/wp\/v2\/categories?post=176325"},{"taxonomy":"post_tag","embeddable":true,"href":"https:\/\/www.hoymercedes.com.ar\/principal\/wp-json\/wp\/v2\/tags?post=176325"}],"curies":[{"name":"wp","href":"https:\/\/api.w.org\/{rel}","templated":true}]}}