{"id":176391,"date":"2024-06-11T01:09:15","date_gmt":"2024-06-11T04:09:15","guid":{"rendered":"https:\/\/www.hoymercedes.com.ar\/principal\/?p=176391"},"modified":"2024-06-11T01:09:18","modified_gmt":"2024-06-11T04:09:18","slug":"lanzaron-el-programa-invierno-de-acompanamiento-familiar","status":"publish","type":"post","link":"https:\/\/www.hoymercedes.com.ar\/principal\/2024\/06\/11\/lanzaron-el-programa-invierno-de-acompanamiento-familiar\/","title":{"rendered":"Lanzaron el \u00abPrograma Invierno\u00bb de acompa\u00f1amiento familiar"},"content":{"rendered":"\n<figure class=\"wp-block-image size-large\"><img loading=\"lazy\" decoding=\"async\" width=\"1024\" height=\"682\" data-attachment-id=\"176392\" data-permalink=\"https:\/\/www.hoymercedes.com.ar\/principal\/2024\/06\/11\/lanzaron-el-programa-invierno-de-acompanamiento-familiar\/programainvierno\/#main\" data-orig-file=\"https:\/\/www.hoymercedes.com.ar\/principal\/wp-content\/uploads\/2024\/06\/ProgramaInvierno.jpg\" data-orig-size=\"1319,879\" data-comments-opened=\"0\" data-image-meta=\"{&quot;aperture&quot;:&quot;0&quot;,&quot;credit&quot;:&quot;&quot;,&quot;camera&quot;:&quot;&quot;,&quot;caption&quot;:&quot;&quot;,&quot;created_timestamp&quot;:&quot;0&quot;,&quot;copyright&quot;:&quot;&quot;,&quot;focal_length&quot;:&quot;0&quot;,&quot;iso&quot;:&quot;0&quot;,&quot;shutter_speed&quot;:&quot;0&quot;,&quot;title&quot;:&quot;&quot;,&quot;orientation&quot;:&quot;0&quot;}\" data-image-title=\"ProgramaInvierno\" data-image-description=\"&lt;p&gt;Lanzaron el \u00abPrograma Invierno\u00bb de acompa\u00f1amiento familiar&lt;\/p&gt;\n\" data-image-caption=\"&lt;p&gt;Lanzaron el \u00abPrograma Invierno\u00bb de acompa\u00f1amiento familiar&lt;\/p&gt;\n\" data-large-file=\"https:\/\/www.hoymercedes.com.ar\/principal\/wp-content\/uploads\/2024\/06\/ProgramaInvierno-1024x682.jpg\" src=\"https:\/\/www.hoymercedes.com.ar\/principal\/wp-content\/uploads\/2024\/06\/ProgramaInvierno-1024x682.jpg\" alt=\"Lanzaron el &quot;Programa Invierno&quot; de acompa\u00f1amiento familiar\" class=\"wp-image-176392\" srcset=\"https:\/\/www.hoymercedes.com.ar\/principal\/wp-content\/uploads\/2024\/06\/ProgramaInvierno-1024x682.jpg 1024w, https:\/\/www.hoymercedes.com.ar\/principal\/wp-content\/uploads\/2024\/06\/ProgramaInvierno-630x420.jpg 630w, https:\/\/www.hoymercedes.com.ar\/principal\/wp-content\/uploads\/2024\/06\/ProgramaInvierno-150x100.jpg 150w, https:\/\/www.hoymercedes.com.ar\/principal\/wp-content\/uploads\/2024\/06\/ProgramaInvierno-700x465.jpg 700w, https:\/\/www.hoymercedes.com.ar\/principal\/wp-content\/uploads\/2024\/06\/ProgramaInvierno.jpg 1319w\" sizes=\"auto, (max-width: 1024px) 100vw, 1024px\" \/><\/figure>\n\n\n\n<p>El Intendente de nuestra ciudad, el Dr. Juan Ignacio Ustarroz, junto a la Secretaria de Desarrollo la Comunidad, Lic. Jorgelina Silva estuvieron en la presentaci\u00f3n del \u201cPrograma Invierno\u201d. El mismo asiste de forma directa a las familias vulnerables de nuestra ciudad.<\/p>\n\n\n\n<p>El intendente Juan Ignacio Ustarroz felicit\u00f3 \u201ca todo el equipo municipal por este programa donde se refleja el trabajo, la planificaci\u00f3n y el compromiso\u201d y agreg\u00f3 \u201cla le\u00f1a se entrega mediante un informe y un cronograma, donde se indica barrio por barrio, horario y lugar donde se hace la entrega\u201d.<\/p>\n\n\n\n<p>En este sentido, el intendente Ustarroz apunt\u00f3 \u201cantes ten\u00edamos el programa Abrazar donde nosotros pod\u00edamos comprar frazadas y entregar cargas de gas, algo que no tenemos m\u00e1s, por lo que desde el Municipio tenemos que hacer una inversi\u00f3n con recursos propios, m\u00e1s algunos que nos genera la provincia, para poder asistir a las familias\u201d y destac\u00f3 \u201cadem\u00e1s, tenemos estas estufas Zara que brinda mayor seguridad a las familias, eficiencia energ\u00e9tica, para poder estar cerca de nuestra gente siempre\u201d.<\/p>\n\n\n\n<p>Las estufas rusas son de alto rendimiento y est\u00e1n dise\u00f1adas para mantener el calor durante periodos largos de tiempo (entre 6 y 7 horas), adem\u00e1s de su f\u00e1cil construcci\u00f3n y del ahorro en le\u00f1a que representa (hasta un 65% de ahorro) debido a su bajo consumo y optimizaci\u00f3n del poder cal\u00f3rico.<\/p>\n\n\n\n<p>Mediante estas estufas, se alcanza un rendimiento de 84 a 93%, el cual es muy superior a las de hierro de 20% a 40%, as\u00ed como a las cocinas econ\u00f3micas o salamandra, que alcanza un 30%. La estufa rusa produce el mismo calor con 100 kg de le\u00f1a que una estufa com\u00fan de hierro con 400 kg.<\/p>\n\n\n\n<p>La Lic. Jorgelina Silva, secretaria de desarrollo de la comunidad \u201cHoy comienza la entrega de le\u00f1a en los barrios con un cronograma estipulado, en un a\u00f1o particular, donde no tenemos el acompa\u00f1amiento del Gobierno Nacional por lo que tenemos menos recursos\u201d y a\u00f1adi\u00f3 \u201cdesde el Municipio de Mercedes pudimos comprar frazadas y cargas de gas y desde la provincia de Buenos Aires estamos recibiendo el acompa\u00f1amiento, y estamos entregando a las familias -previamente seleccionados- en estado de vulnerabilidad que necesitan estos recursos\u201d.<\/p>\n\n\n\n<p>Asimismo, Silva se\u00f1al\u00f3 \u201cla le\u00f1a se entrega directamente en los barrios y estamos trabajando con la estufa Zara, que trabajamos hace a\u00f1os, de alto rendimiento que nuestras alba\u00f1ilas est\u00e1n ayudando a su construcci\u00f3n\u201d.<\/p>\n\n\n\n<p>Agust\u00edn R\u00edos, quien es parte del equipo de Desarrollo indic\u00f3 \u201ceste programa arranc\u00f3 en el 2017, donde con los trabajadores municipales producimos la le\u00f1a, donde estaremos repartiendo en 20 barrios, donde haremos entregas diarias de lunes a jueves y cada cami\u00f3n lleva entre 6 mil y 7 mil kilos\u201d.<\/p>\n","protected":false},"excerpt":{"rendered":"<p>El Intendente de nuestra ciudad, el Dr. Juan Ignacio Ustarroz, junto a la Secretaria de Desarrollo la Comunidad, Lic. Jorgelina &#8230; <a title=\"Lanzaron el \u00abPrograma Invierno\u00bb de acompa\u00f1amiento familiar\" class=\"read-more\" href=\"https:\/\/www.hoymercedes.com.ar\/principal\/2024\/06\/11\/lanzaron-el-programa-invierno-de-acompanamiento-familiar\/\" aria-label=\"Leer m\u00e1s sobre Lanzaron el \u00abPrograma Invierno\u00bb de acompa\u00f1amiento familiar\">Leer m\u00e1s<\/a><\/p>\n","protected":false},"author":1,"featured_media":176392,"comment_status":"closed","ping_status":"open","sticky":false,"template":"","format":"standard","meta":{"_monsterinsights_skip_tracking":false,"_monsterinsights_sitenote_active":false,"_monsterinsights_sitenote_note":"","_monsterinsights_sitenote_category":0,"jetpack_post_was_ever_published":false,"_jetpack_newsletter_access":"","_jetpack_dont_email_post_to_subs":false,"_jetpack_newsletter_tier_id":0,"_jetpack_memberships_contains_paywalled_content":false,"_jetpack_memberships_contains_paid_content":false,"footnotes":"","jetpack_publicize_message":"","jetpack_publicize_feature_enabled":true,"jetpack_social_post_already_shared":true,"jetpack_social_options":{"image_generator_settings":{"template":"highway","default_image_id":0,"font":"","enabled":false},"version":2},"_wpas_customize_per_network":false},"categories":[30],"tags":[17613,15252],"class_list":["post-176391","post","type-post","status-publish","format-standard","has-post-thumbnail","hentry","category-municipio","tag-desarrollo-de-la-comunidad","tag-programa-invierno","generate-columns","tablet-grid-50","mobile-grid-100","grid-parent","grid-50"],"jetpack_publicize_connections":[],"jetpack_featured_media_url":"https:\/\/www.hoymercedes.com.ar\/principal\/wp-content\/uploads\/2024\/06\/ProgramaInvierno.jpg","wps_subtitle":"Apoyo a la comunidad ","jetpack_sharing_enabled":true,"_links":{"self":[{"href":"https:\/\/www.hoymercedes.com.ar\/principal\/wp-json\/wp\/v2\/posts\/176391","targetHints":{"allow":["GET"]}}],"collection":[{"href":"https:\/\/www.hoymercedes.com.ar\/principal\/wp-json\/wp\/v2\/posts"}],"about":[{"href":"https:\/\/www.hoymercedes.com.ar\/principal\/wp-json\/wp\/v2\/types\/post"}],"author":[{"embeddable":true,"href":"https:\/\/www.hoymercedes.com.ar\/principal\/wp-json\/wp\/v2\/users\/1"}],"replies":[{"embeddable":true,"href":"https:\/\/www.hoymercedes.com.ar\/principal\/wp-json\/wp\/v2\/comments?post=176391"}],"version-history":[{"count":0,"href":"https:\/\/www.hoymercedes.com.ar\/principal\/wp-json\/wp\/v2\/posts\/176391\/revisions"}],"wp:featuredmedia":[{"embeddable":true,"href":"https:\/\/www.hoymercedes.com.ar\/principal\/wp-json\/wp\/v2\/media\/176392"}],"wp:attachment":[{"href":"https:\/\/www.hoymercedes.com.ar\/principal\/wp-json\/wp\/v2\/media?parent=176391"}],"wp:term":[{"taxonomy":"category","embeddable":true,"href":"https:\/\/www.hoymercedes.com.ar\/principal\/wp-json\/wp\/v2\/categories?post=176391"},{"taxonomy":"post_tag","embeddable":true,"href":"https:\/\/www.hoymercedes.com.ar\/principal\/wp-json\/wp\/v2\/tags?post=176391"}],"curies":[{"name":"wp","href":"https:\/\/api.w.org\/{rel}","templated":true}]}}