{"id":176434,"date":"2024-06-12T09:45:00","date_gmt":"2024-06-12T12:45:00","guid":{"rendered":"https:\/\/www.hoymercedes.com.ar\/principal\/?p=176434"},"modified":"2024-06-12T12:54:18","modified_gmt":"2024-06-12T15:54:18","slug":"intendente-acompano-a-estrellas-amarillas-en-el-dia-de-nacional-de-la-seguridad-vial","status":"publish","type":"post","link":"https:\/\/www.hoymercedes.com.ar\/principal\/2024\/06\/12\/intendente-acompano-a-estrellas-amarillas-en-el-dia-de-nacional-de-la-seguridad-vial\/","title":{"rendered":"Marcha de velas en el d\u00eda de nacional de la seguridad vial"},"content":{"rendered":"\n<p>En el marco del D\u00eda Nacional de la Seguridad Vial se realiz\u00f3 una marcha con velas desde plaza San Mart\u00edn hasta plaza Rivadavia (plaza San Luis). Adem\u00e1s, se conmemor\u00f3 el octavo aniversario de la creaci\u00f3n del <strong>Grupo Estrellas Amarillas.<\/strong> Estuvieron presentes el Intendente Ustarroz, los secretarios de gobierno, seguridad y la presidenta del HCD Mercedes, Mariana San Mart\u00edn.<\/p>\n\n\n\n<figure class=\"wp-block-image size-large\"><img loading=\"lazy\" decoding=\"async\" width=\"1024\" height=\"682\" data-attachment-id=\"176435\" data-permalink=\"https:\/\/www.hoymercedes.com.ar\/principal\/2024\/06\/12\/intendente-acompano-a-estrellas-amarillas-en-el-dia-de-nacional-de-la-seguridad-vial\/estrellas\/#main\" data-orig-file=\"https:\/\/www.hoymercedes.com.ar\/principal\/wp-content\/uploads\/2024\/06\/Estrellas.jpg\" data-orig-size=\"1319,879\" data-comments-opened=\"0\" data-image-meta=\"{&quot;aperture&quot;:&quot;0&quot;,&quot;credit&quot;:&quot;&quot;,&quot;camera&quot;:&quot;&quot;,&quot;caption&quot;:&quot;&quot;,&quot;created_timestamp&quot;:&quot;0&quot;,&quot;copyright&quot;:&quot;&quot;,&quot;focal_length&quot;:&quot;0&quot;,&quot;iso&quot;:&quot;0&quot;,&quot;shutter_speed&quot;:&quot;0&quot;,&quot;title&quot;:&quot;&quot;,&quot;orientation&quot;:&quot;0&quot;}\" data-image-title=\"Estrellas\" data-image-description=\"&lt;p&gt;Intendente acompa\u00f1\u00f3 a Estrellas Amarillas en el d\u00eda de nacional de la seguridad vial&lt;\/p&gt;\n\" data-image-caption=\"&lt;p&gt;Intendente acompa\u00f1\u00f3 a Estrellas Amarillas en el d\u00eda de nacional de la seguridad vial&lt;\/p&gt;\n\" data-large-file=\"https:\/\/www.hoymercedes.com.ar\/principal\/wp-content\/uploads\/2024\/06\/Estrellas-1024x682.jpg\" src=\"https:\/\/www.hoymercedes.com.ar\/principal\/wp-content\/uploads\/2024\/06\/Estrellas-1024x682.jpg\" alt=\"Intendente acompa\u00f1\u00f3 a Estrellas Amarillas en el d\u00eda de nacional de la seguridad vial\" class=\"wp-image-176435\" srcset=\"https:\/\/www.hoymercedes.com.ar\/principal\/wp-content\/uploads\/2024\/06\/Estrellas-1024x682.jpg 1024w, https:\/\/www.hoymercedes.com.ar\/principal\/wp-content\/uploads\/2024\/06\/Estrellas-630x420.jpg 630w, https:\/\/www.hoymercedes.com.ar\/principal\/wp-content\/uploads\/2024\/06\/Estrellas-150x100.jpg 150w, https:\/\/www.hoymercedes.com.ar\/principal\/wp-content\/uploads\/2024\/06\/Estrellas-700x465.jpg 700w, https:\/\/www.hoymercedes.com.ar\/principal\/wp-content\/uploads\/2024\/06\/Estrellas.jpg 1319w\" sizes=\"auto, (max-width: 1024px) 100vw, 1024px\" \/><\/figure>\n\n\n\n<p>Desde Estrella amarillas, Ana Torres, agradeci\u00f3 \u201ca todos los que fueron parte de esta caminata con velas en honor a todas v\u00edctimas en siniestros viales\u201d y se\u00f1al\u00f3 \u201cseamos prudentes a la hora de conducir, no m\u00e1s violencia vial, no miremos para otro lado, porque a cualquiera les puede pasar y no queremos que est\u00e9n de este lado\u201d.<\/p>\n\n\n\n<p>Y reconoci\u00f3 el trabajo \u201cdel Municipio que desde el primer momento que se present\u00f3 el proyecto de la creaci\u00f3n de Estrellas Amarillas, lo aprob\u00f3. En la colocaci\u00f3n de esa primera estrella estuvieron acompa\u00f1ando desde todos los bloques pol\u00edticos, el se\u00f1or intendente Ustarroz y nuestros vecinos que nos acompa\u00f1aron, y desde ese d\u00eda, hace 8 a\u00f1os, no nos dejan solos\u201d.<\/p>\n\n\n\n<p>Por otro lado, Torres remarc\u00f3 \u201cnosotros no tenemos fines pol\u00edticos, pero hoy queremos repudiar porque los familiares de estrellas estamos dolidos por aqu\u00e9l diputado que llam\u00f3 pagano el \u00edcono de Estrellas Amarillas sin saber de qu\u00e9 trata, porque una persona que habla as\u00ed no sabe de e est\u00e1 hablando, donde no sabe que el color simboliza luz y sus cinco puntas tienen un significado para honrar la memoria de nuestros seres queridos para concientizar y educar a trav\u00e9s de las acciones a toda la sociedad\u201d.&nbsp;<\/p>\n\n\n\n<p>Estrellas Amarillas tiene, en la mencionada plaza, un monumento y estrella que recuerda a las v\u00edctimas y busca continuar la lucha por una sociedad respetuosa de las normas y cuidado de la vida.<\/p>\n\n\n\n<figure class=\"wp-block-gallery has-nested-images columns-default is-cropped wp-block-gallery-1 is-layout-flex wp-block-gallery-is-layout-flex\">\n<figure class=\"wp-block-image size-large\"><img loading=\"lazy\" decoding=\"async\" width=\"800\" height=\"533\" data-attachment-id=\"176445\" data-permalink=\"https:\/\/www.hoymercedes.com.ar\/principal\/2024\/06\/12\/intendente-acompano-a-estrellas-amarillas-en-el-dia-de-nacional-de-la-seguridad-vial\/estrellas-marcha-velas\/#main\" data-orig-file=\"https:\/\/www.hoymercedes.com.ar\/principal\/wp-content\/uploads\/2024\/06\/estrellas-marcha-velas.jpg\" data-orig-size=\"800,533\" data-comments-opened=\"0\" data-image-meta=\"{&quot;aperture&quot;:&quot;0&quot;,&quot;credit&quot;:&quot;&quot;,&quot;camera&quot;:&quot;&quot;,&quot;caption&quot;:&quot;&quot;,&quot;created_timestamp&quot;:&quot;0&quot;,&quot;copyright&quot;:&quot;&quot;,&quot;focal_length&quot;:&quot;0&quot;,&quot;iso&quot;:&quot;0&quot;,&quot;shutter_speed&quot;:&quot;0&quot;,&quot;title&quot;:&quot;&quot;,&quot;orientation&quot;:&quot;0&quot;}\" data-image-title=\"estrellas-marcha-velas\" data-image-description=\"\" data-image-caption=\"\" data-large-file=\"https:\/\/www.hoymercedes.com.ar\/principal\/wp-content\/uploads\/2024\/06\/estrellas-marcha-velas.jpg\" data-id=\"176445\" src=\"https:\/\/www.hoymercedes.com.ar\/principal\/wp-content\/uploads\/2024\/06\/estrellas-marcha-velas.jpg\" alt=\"\" class=\"wp-image-176445\" srcset=\"https:\/\/www.hoymercedes.com.ar\/principal\/wp-content\/uploads\/2024\/06\/estrellas-marcha-velas.jpg 800w, https:\/\/www.hoymercedes.com.ar\/principal\/wp-content\/uploads\/2024\/06\/estrellas-marcha-velas-630x420.jpg 630w, https:\/\/www.hoymercedes.com.ar\/principal\/wp-content\/uploads\/2024\/06\/estrellas-marcha-velas-150x100.jpg 150w, https:\/\/www.hoymercedes.com.ar\/principal\/wp-content\/uploads\/2024\/06\/estrellas-marcha-velas-700x465.jpg 700w\" sizes=\"auto, (max-width: 800px) 100vw, 800px\" \/><\/figure>\n\n\n\n<figure class=\"wp-block-image size-large\"><img loading=\"lazy\" decoding=\"async\" width=\"800\" height=\"565\" data-attachment-id=\"176446\" data-permalink=\"https:\/\/www.hoymercedes.com.ar\/principal\/2024\/06\/12\/intendente-acompano-a-estrellas-amarillas-en-el-dia-de-nacional-de-la-seguridad-vial\/img_20240610_190503\/#main\" data-orig-file=\"https:\/\/www.hoymercedes.com.ar\/principal\/wp-content\/uploads\/2024\/06\/IMG_20240610_190503.jpg\" data-orig-size=\"800,565\" data-comments-opened=\"0\" data-image-meta=\"{&quot;aperture&quot;:&quot;0&quot;,&quot;credit&quot;:&quot;&quot;,&quot;camera&quot;:&quot;&quot;,&quot;caption&quot;:&quot;&quot;,&quot;created_timestamp&quot;:&quot;1718046305&quot;,&quot;copyright&quot;:&quot;&quot;,&quot;focal_length&quot;:&quot;0&quot;,&quot;iso&quot;:&quot;0&quot;,&quot;shutter_speed&quot;:&quot;0&quot;,&quot;title&quot;:&quot;&quot;,&quot;orientation&quot;:&quot;0&quot;}\" data-image-title=\"IMG_20240610_190503\" data-image-description=\"\" data-image-caption=\"\" data-large-file=\"https:\/\/www.hoymercedes.com.ar\/principal\/wp-content\/uploads\/2024\/06\/IMG_20240610_190503.jpg\" data-id=\"176446\" src=\"https:\/\/www.hoymercedes.com.ar\/principal\/wp-content\/uploads\/2024\/06\/IMG_20240610_190503.jpg\" alt=\"\" class=\"wp-image-176446\" srcset=\"https:\/\/www.hoymercedes.com.ar\/principal\/wp-content\/uploads\/2024\/06\/IMG_20240610_190503.jpg 800w, https:\/\/www.hoymercedes.com.ar\/principal\/wp-content\/uploads\/2024\/06\/IMG_20240610_190503-630x445.jpg 630w, https:\/\/www.hoymercedes.com.ar\/principal\/wp-content\/uploads\/2024\/06\/IMG_20240610_190503-150x106.jpg 150w, https:\/\/www.hoymercedes.com.ar\/principal\/wp-content\/uploads\/2024\/06\/IMG_20240610_190503-120x85.jpg 120w\" sizes=\"auto, (max-width: 800px) 100vw, 800px\" \/><\/figure>\n<\/figure>\n","protected":false},"excerpt":{"rendered":"<p>En el marco del D\u00eda Nacional de la Seguridad Vial se realiz\u00f3 una marcha con velas desde plaza San Mart\u00edn &#8230; <a title=\"Marcha de velas en el d\u00eda de nacional de la seguridad vial\" class=\"read-more\" href=\"https:\/\/www.hoymercedes.com.ar\/principal\/2024\/06\/12\/intendente-acompano-a-estrellas-amarillas-en-el-dia-de-nacional-de-la-seguridad-vial\/\" aria-label=\"Leer m\u00e1s sobre Marcha de velas en el d\u00eda de nacional de la seguridad vial\">Leer m\u00e1s<\/a><\/p>\n","protected":false},"author":1,"featured_media":176435,"comment_status":"closed","ping_status":"open","sticky":false,"template":"","format":"standard","meta":{"_monsterinsights_skip_tracking":false,"_monsterinsights_sitenote_active":false,"_monsterinsights_sitenote_note":"","_monsterinsights_sitenote_category":0,"jetpack_post_was_ever_published":false,"_jetpack_newsletter_access":"","_jetpack_dont_email_post_to_subs":false,"_jetpack_newsletter_tier_id":0,"_jetpack_memberships_contains_paywalled_content":false,"_jetpack_memberships_contains_paid_content":false,"footnotes":"","jetpack_publicize_message":"","jetpack_publicize_feature_enabled":true,"jetpack_social_post_already_shared":true,"jetpack_social_options":{"image_generator_settings":{"template":"highway","default_image_id":0,"font":"","enabled":false},"version":2},"_wpas_customize_per_network":false},"categories":[8],"tags":[9451,13822,3326],"class_list":["post-176434","post","type-post","status-publish","format-standard","has-post-thumbnail","hentry","category-sociedad","tag-estrellas-amarillas","tag-grupo-estrellas-amarillas-mercedes","tag-marcha-de-las-antorchas","generate-columns","tablet-grid-50","mobile-grid-100","grid-parent","grid-50"],"jetpack_publicize_connections":[],"jetpack_featured_media_url":"https:\/\/www.hoymercedes.com.ar\/principal\/wp-content\/uploads\/2024\/06\/Estrellas.jpg","wps_subtitle":"","jetpack_sharing_enabled":true,"_links":{"self":[{"href":"https:\/\/www.hoymercedes.com.ar\/principal\/wp-json\/wp\/v2\/posts\/176434","targetHints":{"allow":["GET"]}}],"collection":[{"href":"https:\/\/www.hoymercedes.com.ar\/principal\/wp-json\/wp\/v2\/posts"}],"about":[{"href":"https:\/\/www.hoymercedes.com.ar\/principal\/wp-json\/wp\/v2\/types\/post"}],"author":[{"embeddable":true,"href":"https:\/\/www.hoymercedes.com.ar\/principal\/wp-json\/wp\/v2\/users\/1"}],"replies":[{"embeddable":true,"href":"https:\/\/www.hoymercedes.com.ar\/principal\/wp-json\/wp\/v2\/comments?post=176434"}],"version-history":[{"count":0,"href":"https:\/\/www.hoymercedes.com.ar\/principal\/wp-json\/wp\/v2\/posts\/176434\/revisions"}],"wp:featuredmedia":[{"embeddable":true,"href":"https:\/\/www.hoymercedes.com.ar\/principal\/wp-json\/wp\/v2\/media\/176435"}],"wp:attachment":[{"href":"https:\/\/www.hoymercedes.com.ar\/principal\/wp-json\/wp\/v2\/media?parent=176434"}],"wp:term":[{"taxonomy":"category","embeddable":true,"href":"https:\/\/www.hoymercedes.com.ar\/principal\/wp-json\/wp\/v2\/categories?post=176434"},{"taxonomy":"post_tag","embeddable":true,"href":"https:\/\/www.hoymercedes.com.ar\/principal\/wp-json\/wp\/v2\/tags?post=176434"}],"curies":[{"name":"wp","href":"https:\/\/api.w.org\/{rel}","templated":true}]}}