{"id":176449,"date":"2024-06-12T18:12:50","date_gmt":"2024-06-12T21:12:50","guid":{"rendered":"https:\/\/www.hoymercedes.com.ar\/principal\/?p=176449"},"modified":"2024-06-12T18:12:52","modified_gmt":"2024-06-12T21:12:52","slug":"diez-nuevos-matriculados-en-el-colegio-de-abogados","status":"publish","type":"post","link":"https:\/\/www.hoymercedes.com.ar\/principal\/2024\/06\/12\/diez-nuevos-matriculados-en-el-colegio-de-abogados\/","title":{"rendered":"Diez nuevos matriculados en el Colegio de Abogados"},"content":{"rendered":"\n<p>En las instalaciones del Colegio de Abogados del Departamento Judicial de Mercedes, se llev\u00f3 a cabo la ceremonia de jura de los nuevos colegiados. El acto fue presidido por el titular de la instituci\u00f3n, el Dr. Hern\u00e1n Salaverri. <\/p>\n\n\n<div class=\"wp-block-image\">\n<figure class=\"aligncenter size-full\"><img loading=\"lazy\" decoding=\"async\" width=\"800\" height=\"533\" data-attachment-id=\"176451\" data-permalink=\"https:\/\/www.hoymercedes.com.ar\/principal\/2024\/06\/12\/diez-nuevos-matriculados-en-el-colegio-de-abogados\/img-20240612-wa0017_copy_800x533\/#main\" data-orig-file=\"https:\/\/www.hoymercedes.com.ar\/principal\/wp-content\/uploads\/2024\/06\/IMG-20240612-WA0017_copy_800x533.jpg\" data-orig-size=\"800,533\" data-comments-opened=\"0\" data-image-meta=\"{&quot;aperture&quot;:&quot;0&quot;,&quot;credit&quot;:&quot;&quot;,&quot;camera&quot;:&quot;&quot;,&quot;caption&quot;:&quot;&quot;,&quot;created_timestamp&quot;:&quot;0&quot;,&quot;copyright&quot;:&quot;&quot;,&quot;focal_length&quot;:&quot;0&quot;,&quot;iso&quot;:&quot;0&quot;,&quot;shutter_speed&quot;:&quot;0&quot;,&quot;title&quot;:&quot;&quot;,&quot;orientation&quot;:&quot;0&quot;}\" data-image-title=\"IMG-20240612-WA0017_copy_800x533\" data-image-description=\"\" data-image-caption=\"\" data-large-file=\"https:\/\/www.hoymercedes.com.ar\/principal\/wp-content\/uploads\/2024\/06\/IMG-20240612-WA0017_copy_800x533.jpg\" src=\"https:\/\/www.hoymercedes.com.ar\/principal\/wp-content\/uploads\/2024\/06\/IMG-20240612-WA0017_copy_800x533.jpg\" alt=\"\" class=\"wp-image-176451\" srcset=\"https:\/\/www.hoymercedes.com.ar\/principal\/wp-content\/uploads\/2024\/06\/IMG-20240612-WA0017_copy_800x533.jpg 800w, https:\/\/www.hoymercedes.com.ar\/principal\/wp-content\/uploads\/2024\/06\/IMG-20240612-WA0017_copy_800x533-630x420.jpg 630w, https:\/\/www.hoymercedes.com.ar\/principal\/wp-content\/uploads\/2024\/06\/IMG-20240612-WA0017_copy_800x533-150x100.jpg 150w, https:\/\/www.hoymercedes.com.ar\/principal\/wp-content\/uploads\/2024\/06\/IMG-20240612-WA0017_copy_800x533-700x465.jpg 700w\" sizes=\"auto, (max-width: 800px) 100vw, 800px\" \/><\/figure>\n<\/div>\n\n\n<p>Prestaron juramento los doctores y doctoras <em>Araceli Galiano, Catalina Meneses, Maria Sol Rodriguez, Rebeca Girotti, Victoria Abril Heredia, Gisela Carina Auza, Nelida Anabel Torres, Alex Facundo Nicolas Islas, Gonzalo Pelatti y el procurador Facundo Matias Aciar.<\/em> <\/p>\n\n\n\n<p>Cada uno de ellos se aproxim\u00f3 al escenario del Sal\u00f3n \u00abDr. Arturo Acu\u00f1a Anzorena\u00bb del Colegio departamental para formalizar la firma y recibir sus respectivos diplomas.<\/p>\n\n\n\n<p>El Dr. Salaverri comparti\u00f3 una palabras emotivas de bienvenida, expresando su gratitud hacia los reci\u00e9n matriculados por haber elegido inscribirse en nuestra jurisdicci\u00f3n.<\/p>\n\n\n\n<p><em>Fuente: Prensa CADJMercedes<\/em><\/p>\n","protected":false},"excerpt":{"rendered":"<p>En las instalaciones del Colegio de Abogados del Departamento Judicial de Mercedes, se llev\u00f3 a cabo la ceremonia de jura &#8230; <a title=\"Diez nuevos matriculados en el Colegio de Abogados\" class=\"read-more\" href=\"https:\/\/www.hoymercedes.com.ar\/principal\/2024\/06\/12\/diez-nuevos-matriculados-en-el-colegio-de-abogados\/\" aria-label=\"Leer m\u00e1s sobre Diez nuevos matriculados en el Colegio de Abogados\">Leer m\u00e1s<\/a><\/p>\n","protected":false},"author":1,"featured_media":176451,"comment_status":"closed","ping_status":"open","sticky":false,"template":"","format":"standard","meta":{"_monsterinsights_skip_tracking":false,"_monsterinsights_sitenote_active":false,"_monsterinsights_sitenote_note":"","_monsterinsights_sitenote_category":0,"jetpack_post_was_ever_published":false,"_jetpack_newsletter_access":"","_jetpack_dont_email_post_to_subs":false,"_jetpack_newsletter_tier_id":0,"_jetpack_memberships_contains_paywalled_content":false,"_jetpack_memberships_contains_paid_content":false,"footnotes":"","jetpack_publicize_message":"","jetpack_publicize_feature_enabled":true,"jetpack_social_post_already_shared":true,"jetpack_social_options":{"image_generator_settings":{"template":"highway","default_image_id":0,"font":"","enabled":false},"version":2},"_wpas_customize_per_network":false},"categories":[8],"tags":[],"class_list":["post-176449","post","type-post","status-publish","format-standard","has-post-thumbnail","hentry","category-sociedad","generate-columns","tablet-grid-50","mobile-grid-100","grid-parent","grid-50"],"jetpack_publicize_connections":[],"jetpack_featured_media_url":"https:\/\/www.hoymercedes.com.ar\/principal\/wp-content\/uploads\/2024\/06\/IMG-20240612-WA0017_copy_800x533.jpg","wps_subtitle":"","jetpack_sharing_enabled":true,"_links":{"self":[{"href":"https:\/\/www.hoymercedes.com.ar\/principal\/wp-json\/wp\/v2\/posts\/176449","targetHints":{"allow":["GET"]}}],"collection":[{"href":"https:\/\/www.hoymercedes.com.ar\/principal\/wp-json\/wp\/v2\/posts"}],"about":[{"href":"https:\/\/www.hoymercedes.com.ar\/principal\/wp-json\/wp\/v2\/types\/post"}],"author":[{"embeddable":true,"href":"https:\/\/www.hoymercedes.com.ar\/principal\/wp-json\/wp\/v2\/users\/1"}],"replies":[{"embeddable":true,"href":"https:\/\/www.hoymercedes.com.ar\/principal\/wp-json\/wp\/v2\/comments?post=176449"}],"version-history":[{"count":0,"href":"https:\/\/www.hoymercedes.com.ar\/principal\/wp-json\/wp\/v2\/posts\/176449\/revisions"}],"wp:featuredmedia":[{"embeddable":true,"href":"https:\/\/www.hoymercedes.com.ar\/principal\/wp-json\/wp\/v2\/media\/176451"}],"wp:attachment":[{"href":"https:\/\/www.hoymercedes.com.ar\/principal\/wp-json\/wp\/v2\/media?parent=176449"}],"wp:term":[{"taxonomy":"category","embeddable":true,"href":"https:\/\/www.hoymercedes.com.ar\/principal\/wp-json\/wp\/v2\/categories?post=176449"},{"taxonomy":"post_tag","embeddable":true,"href":"https:\/\/www.hoymercedes.com.ar\/principal\/wp-json\/wp\/v2\/tags?post=176449"}],"curies":[{"name":"wp","href":"https:\/\/api.w.org\/{rel}","templated":true}]}}