{"id":176635,"date":"2024-06-22T14:35:06","date_gmt":"2024-06-22T17:35:06","guid":{"rendered":"https:\/\/www.hoymercedes.com.ar\/principal\/?p=176635"},"modified":"2024-06-22T14:37:37","modified_gmt":"2024-06-22T17:37:37","slug":"alejandro-molle-presenta-nuevo-libro-sobre-antepasados-europeos","status":"publish","type":"post","link":"https:\/\/www.hoymercedes.com.ar\/principal\/2024\/06\/22\/alejandro-molle-presenta-nuevo-libro-sobre-antepasados-europeos\/","title":{"rendered":"Alejandro Molle presenta nuevo libro sobre antepasados europeos"},"content":{"rendered":"\n<p>El Instituto Belgraniano de Mercedes invita a la presentaci\u00f3n de un nuevo libro de Alejandro Francisco Molle sobre nuestros antepasados europeos. Se trata del segundo texto sobre la tem\u00e1tica. <\/p>\n\n\n\n<p>En esta oportunidad, el libro de Molle lleva como t\u00edtulo \u201cPeculiaridades de la inmigraci\u00f3n en Mercedes (Bs. As.)\u201d, y recopila en historias cortas diversas facetas, an\u00e9cdotas y novedades ocurridas a los europeos en nuestra ciudad entre los siglos XIX y XX. <\/p>\n\n\n\n<p>Alejandro Molle es miembro de n\u00famero del Instituto Nacional Belgraniano y fue durante   muchos a\u00f1os presidente el Instituto Belgraniano   Filial Mercedes, es un incansable investigador hist\u00f3rico, posee numerosas ponencias locales y provinciales, adem\u00e1s de op\u00fasculos y libros editados sobre diferentes tem\u00e1ticas, habi\u00e9ndole dedicado especial inter\u00e9s a la difusi\u00f3n de la figura de Manuel Belgrano.<\/p>\n\n\n\n<p>En esta oportunidad la presentaci\u00f3n la har\u00e1n la Prof. M\u00f3nica Brown y el Lic. Rogelio Zelaya, presidente y vicepresidente respectivamente del instituto local. <\/p>\n\n\n\n<p>El encuentro ser\u00e1 el pr\u00f3ximo viernes 28 de junio a las 18.30 en calle 12 N\u00b0 339, casi esquina 15. <\/p>\n\n\n\n<figure class=\"wp-block-image size-large\"><img loading=\"lazy\" decoding=\"async\" width=\"1024\" height=\"724\" data-attachment-id=\"176637\" data-permalink=\"https:\/\/www.hoymercedes.com.ar\/principal\/2024\/06\/22\/alejandro-molle-presenta-nuevo-libro-sobre-antepasados-europeos\/libro-alejandro\/#main\" data-orig-file=\"https:\/\/www.hoymercedes.com.ar\/principal\/wp-content\/uploads\/2024\/06\/libro-Alejandro.png\" data-orig-size=\"2000,1414\" data-comments-opened=\"0\" data-image-meta=\"{&quot;aperture&quot;:&quot;0&quot;,&quot;credit&quot;:&quot;&quot;,&quot;camera&quot;:&quot;&quot;,&quot;caption&quot;:&quot;&quot;,&quot;created_timestamp&quot;:&quot;0&quot;,&quot;copyright&quot;:&quot;&quot;,&quot;focal_length&quot;:&quot;0&quot;,&quot;iso&quot;:&quot;0&quot;,&quot;shutter_speed&quot;:&quot;0&quot;,&quot;title&quot;:&quot;&quot;,&quot;orientation&quot;:&quot;0&quot;}\" data-image-title=\"libro Alejandro\" data-image-description=\"\" data-image-caption=\"\" data-large-file=\"https:\/\/www.hoymercedes.com.ar\/principal\/wp-content\/uploads\/2024\/06\/libro-Alejandro-1024x724.png\" src=\"https:\/\/www.hoymercedes.com.ar\/principal\/wp-content\/uploads\/2024\/06\/libro-Alejandro-1024x724.png\" alt=\"\" class=\"wp-image-176637\" srcset=\"https:\/\/www.hoymercedes.com.ar\/principal\/wp-content\/uploads\/2024\/06\/libro-Alejandro-1024x724.png 1024w, https:\/\/www.hoymercedes.com.ar\/principal\/wp-content\/uploads\/2024\/06\/libro-Alejandro-630x445.png 630w, https:\/\/www.hoymercedes.com.ar\/principal\/wp-content\/uploads\/2024\/06\/libro-Alejandro-150x106.png 150w, https:\/\/www.hoymercedes.com.ar\/principal\/wp-content\/uploads\/2024\/06\/libro-Alejandro-1536x1086.png 1536w, https:\/\/www.hoymercedes.com.ar\/principal\/wp-content\/uploads\/2024\/06\/libro-Alejandro-120x85.png 120w, https:\/\/www.hoymercedes.com.ar\/principal\/wp-content\/uploads\/2024\/06\/libro-Alejandro.png 2000w\" sizes=\"auto, (max-width: 1024px) 100vw, 1024px\" \/><\/figure>\n","protected":false},"excerpt":{"rendered":"<p>El Instituto Belgraniano de Mercedes invita a la presentaci\u00f3n de un nuevo libro de Alejandro Francisco Molle sobre nuestros antepasados &#8230; <a title=\"Alejandro Molle presenta nuevo libro sobre antepasados europeos\" class=\"read-more\" href=\"https:\/\/www.hoymercedes.com.ar\/principal\/2024\/06\/22\/alejandro-molle-presenta-nuevo-libro-sobre-antepasados-europeos\/\" aria-label=\"Leer m\u00e1s sobre Alejandro Molle presenta nuevo libro sobre antepasados europeos\">Leer m\u00e1s<\/a><\/p>\n","protected":false},"author":1,"featured_media":176637,"comment_status":"closed","ping_status":"open","sticky":false,"template":"","format":"standard","meta":{"_monsterinsights_skip_tracking":false,"_monsterinsights_sitenote_active":false,"_monsterinsights_sitenote_note":"","_monsterinsights_sitenote_category":0,"jetpack_post_was_ever_published":false,"_jetpack_newsletter_access":"","_jetpack_dont_email_post_to_subs":false,"_jetpack_newsletter_tier_id":0,"_jetpack_memberships_contains_paywalled_content":false,"_jetpack_memberships_contains_paid_content":false,"footnotes":"","jetpack_publicize_message":"","jetpack_publicize_feature_enabled":true,"jetpack_social_post_already_shared":true,"jetpack_social_options":{"image_generator_settings":{"template":"highway","default_image_id":0,"font":"","enabled":false},"version":2},"_wpas_customize_per_network":false},"categories":[104],"tags":[7805],"class_list":["post-176635","post","type-post","status-publish","format-standard","has-post-thumbnail","hentry","category-cultura","tag-cultura","generate-columns","tablet-grid-50","mobile-grid-100","grid-parent","grid-50"],"jetpack_publicize_connections":[],"jetpack_featured_media_url":"https:\/\/www.hoymercedes.com.ar\/principal\/wp-content\/uploads\/2024\/06\/libro-Alejandro.png","wps_subtitle":"","jetpack_sharing_enabled":true,"_links":{"self":[{"href":"https:\/\/www.hoymercedes.com.ar\/principal\/wp-json\/wp\/v2\/posts\/176635","targetHints":{"allow":["GET"]}}],"collection":[{"href":"https:\/\/www.hoymercedes.com.ar\/principal\/wp-json\/wp\/v2\/posts"}],"about":[{"href":"https:\/\/www.hoymercedes.com.ar\/principal\/wp-json\/wp\/v2\/types\/post"}],"author":[{"embeddable":true,"href":"https:\/\/www.hoymercedes.com.ar\/principal\/wp-json\/wp\/v2\/users\/1"}],"replies":[{"embeddable":true,"href":"https:\/\/www.hoymercedes.com.ar\/principal\/wp-json\/wp\/v2\/comments?post=176635"}],"version-history":[{"count":0,"href":"https:\/\/www.hoymercedes.com.ar\/principal\/wp-json\/wp\/v2\/posts\/176635\/revisions"}],"wp:featuredmedia":[{"embeddable":true,"href":"https:\/\/www.hoymercedes.com.ar\/principal\/wp-json\/wp\/v2\/media\/176637"}],"wp:attachment":[{"href":"https:\/\/www.hoymercedes.com.ar\/principal\/wp-json\/wp\/v2\/media?parent=176635"}],"wp:term":[{"taxonomy":"category","embeddable":true,"href":"https:\/\/www.hoymercedes.com.ar\/principal\/wp-json\/wp\/v2\/categories?post=176635"},{"taxonomy":"post_tag","embeddable":true,"href":"https:\/\/www.hoymercedes.com.ar\/principal\/wp-json\/wp\/v2\/tags?post=176635"}],"curies":[{"name":"wp","href":"https:\/\/api.w.org\/{rel}","templated":true}]}}