{"id":176693,"date":"2024-06-25T22:02:21","date_gmt":"2024-06-26T01:02:21","guid":{"rendered":"https:\/\/www.hoymercedes.com.ar\/principal\/?p=176693"},"modified":"2024-06-25T22:02:22","modified_gmt":"2024-06-26T01:02:22","slug":"comision-contra-el-peaje-se-movilizara-en-reclamo-por-falta-de-respuestas","status":"publish","type":"post","link":"https:\/\/www.hoymercedes.com.ar\/principal\/2024\/06\/25\/comision-contra-el-peaje-se-movilizara-en-reclamo-por-falta-de-respuestas\/","title":{"rendered":"\u00abComisi\u00f3n Contra el Peaje\u00bb se movilizar\u00e1 en reclamo por  falta de respuestas"},"content":{"rendered":"\n<p>La Comisi\u00f3n de Vecinos contra el Peaje, tras los abruptos aumentos y anuncios de nuevos incrementos para los pr\u00f3ximos d\u00edas inicio una campa\u00f1a que finalizar\u00e1 con movilizaci\u00f3n pac\u00edfica en las cabinas de Olivera.<\/p>\n\n\n\n<p>D\u00edas atr\u00e1s participaron de una reuni\u00f3n con Ezequiel Galli, ex intendente de Olavarria y actual integrante de Vialidad Nacional.<\/p>\n\n\n\n<p>All\u00ed plantearon diversos problemas existentes, como el elevado valor del peaje para las familias mercedinas que apenas utilizan unos kil\u00f3metros de ruta y abonan la totalidad.<\/p>\n\n\n\n<p>Tambi\u00e9n remarcaron el puente de la colectora roto que imposibilita el paso y la ausencia total de caminos alternativos, como marca la ley.<\/p>\n\n\n\n<p>Se dej\u00f3 en claro que no habr\u00e1 corte de ruta, sino que ser\u00e1 pacifico, informativo para los usuarios y de visibilizaci\u00f3n del problema existente.<\/p>\n","protected":false},"excerpt":{"rendered":"<p>La Comisi\u00f3n de Vecinos contra el Peaje, tras los abruptos aumentos y anuncios de nuevos incrementos para los pr\u00f3ximos d\u00edas &#8230; <a title=\"\u00abComisi\u00f3n Contra el Peaje\u00bb se movilizar\u00e1 en reclamo por  falta de respuestas\" class=\"read-more\" href=\"https:\/\/www.hoymercedes.com.ar\/principal\/2024\/06\/25\/comision-contra-el-peaje-se-movilizara-en-reclamo-por-falta-de-respuestas\/\" aria-label=\"Leer m\u00e1s sobre \u00abComisi\u00f3n Contra el Peaje\u00bb se movilizar\u00e1 en reclamo por  falta de respuestas\">Leer m\u00e1s<\/a><\/p>\n","protected":false},"author":1,"featured_media":89077,"comment_status":"closed","ping_status":"open","sticky":false,"template":"","format":"standard","meta":{"_monsterinsights_skip_tracking":false,"_monsterinsights_sitenote_active":false,"_monsterinsights_sitenote_note":"","_monsterinsights_sitenote_category":0,"jetpack_post_was_ever_published":false,"_jetpack_newsletter_access":"","_jetpack_dont_email_post_to_subs":false,"_jetpack_newsletter_tier_id":0,"_jetpack_memberships_contains_paywalled_content":false,"_jetpack_memberships_contains_paid_content":false,"footnotes":"","jetpack_publicize_message":"","jetpack_publicize_feature_enabled":true,"jetpack_social_post_already_shared":true,"jetpack_social_options":{"image_generator_settings":{"template":"highway","default_image_id":0,"font":"","enabled":false},"version":2},"_wpas_customize_per_network":false},"categories":[8],"tags":[19570,7279],"class_list":["post-176693","post","type-post","status-publish","format-standard","has-post-thumbnail","hentry","category-sociedad","tag-comison-de-vecinos","tag-peaje","generate-columns","tablet-grid-50","mobile-grid-100","grid-parent","grid-50"],"jetpack_publicize_connections":[],"jetpack_featured_media_url":"https:\/\/www.hoymercedes.com.ar\/principal\/wp-content\/uploads\/2019\/03\/protesta-peaje-5.3.19.jpg","wps_subtitle":"Reclamo","jetpack_sharing_enabled":true,"_links":{"self":[{"href":"https:\/\/www.hoymercedes.com.ar\/principal\/wp-json\/wp\/v2\/posts\/176693","targetHints":{"allow":["GET"]}}],"collection":[{"href":"https:\/\/www.hoymercedes.com.ar\/principal\/wp-json\/wp\/v2\/posts"}],"about":[{"href":"https:\/\/www.hoymercedes.com.ar\/principal\/wp-json\/wp\/v2\/types\/post"}],"author":[{"embeddable":true,"href":"https:\/\/www.hoymercedes.com.ar\/principal\/wp-json\/wp\/v2\/users\/1"}],"replies":[{"embeddable":true,"href":"https:\/\/www.hoymercedes.com.ar\/principal\/wp-json\/wp\/v2\/comments?post=176693"}],"version-history":[{"count":0,"href":"https:\/\/www.hoymercedes.com.ar\/principal\/wp-json\/wp\/v2\/posts\/176693\/revisions"}],"wp:featuredmedia":[{"embeddable":true,"href":"https:\/\/www.hoymercedes.com.ar\/principal\/wp-json\/wp\/v2\/media\/89077"}],"wp:attachment":[{"href":"https:\/\/www.hoymercedes.com.ar\/principal\/wp-json\/wp\/v2\/media?parent=176693"}],"wp:term":[{"taxonomy":"category","embeddable":true,"href":"https:\/\/www.hoymercedes.com.ar\/principal\/wp-json\/wp\/v2\/categories?post=176693"},{"taxonomy":"post_tag","embeddable":true,"href":"https:\/\/www.hoymercedes.com.ar\/principal\/wp-json\/wp\/v2\/tags?post=176693"}],"curies":[{"name":"wp","href":"https:\/\/api.w.org\/{rel}","templated":true}]}}