{"id":176701,"date":"2024-06-26T08:19:06","date_gmt":"2024-06-26T11:19:06","guid":{"rendered":"https:\/\/www.hoymercedes.com.ar\/principal\/?p=176701"},"modified":"2024-06-26T08:21:55","modified_gmt":"2024-06-26T11:21:55","slug":"conmemoraron-los-272-anos-de-los-origenes-de-mercedes","status":"publish","type":"post","link":"https:\/\/www.hoymercedes.com.ar\/principal\/2024\/06\/26\/conmemoraron-los-272-anos-de-los-origenes-de-mercedes\/","title":{"rendered":"Conmemoraron los 272 a\u00f1os de los or\u00edgenes de Mercedes"},"content":{"rendered":"\n<p>En la plaza Rivadavia (m\u00e1s conocida como plaza San Luis) se llev\u00f3 adelante el acto protocolar por el 272 aniversario de nuestra ciudad. Hubo amplia participaci\u00f3n de escuelas, instituciones, vecinos y vecinas. El intendente Juan Ustarroz tom\u00f3 la palabra. La profesora M\u00f3nica Brown efectu\u00f3 una rese\u00f1a de nuestra historia. <\/p>\n\n\n\n<figure class=\"wp-block-image size-large\"><img loading=\"lazy\" decoding=\"async\" width=\"1024\" height=\"683\" data-attachment-id=\"176704\" data-permalink=\"https:\/\/www.hoymercedes.com.ar\/principal\/2024\/06\/26\/conmemoraron-los-272-anos-de-los-origenes-de-mercedes\/fb_img_1719400615710\/#main\" data-orig-file=\"https:\/\/www.hoymercedes.com.ar\/principal\/wp-content\/uploads\/2024\/06\/FB_IMG_1719400615710.jpg\" data-orig-size=\"1080,720\" data-comments-opened=\"0\" data-image-meta=\"{&quot;aperture&quot;:&quot;0&quot;,&quot;credit&quot;:&quot;&quot;,&quot;camera&quot;:&quot;&quot;,&quot;caption&quot;:&quot;&quot;,&quot;created_timestamp&quot;:&quot;0&quot;,&quot;copyright&quot;:&quot;&quot;,&quot;focal_length&quot;:&quot;0&quot;,&quot;iso&quot;:&quot;0&quot;,&quot;shutter_speed&quot;:&quot;0&quot;,&quot;title&quot;:&quot;&quot;,&quot;orientation&quot;:&quot;0&quot;}\" data-image-title=\"FB_IMG_1719400615710\" data-image-description=\"\" data-image-caption=\"\" data-large-file=\"https:\/\/www.hoymercedes.com.ar\/principal\/wp-content\/uploads\/2024\/06\/FB_IMG_1719400615710-1024x683.jpg\" src=\"https:\/\/www.hoymercedes.com.ar\/principal\/wp-content\/uploads\/2024\/06\/FB_IMG_1719400615710-1024x683.jpg\" alt=\"\" class=\"wp-image-176704\" srcset=\"https:\/\/www.hoymercedes.com.ar\/principal\/wp-content\/uploads\/2024\/06\/FB_IMG_1719400615710-1024x683.jpg 1024w, https:\/\/www.hoymercedes.com.ar\/principal\/wp-content\/uploads\/2024\/06\/FB_IMG_1719400615710-630x420.jpg 630w, https:\/\/www.hoymercedes.com.ar\/principal\/wp-content\/uploads\/2024\/06\/FB_IMG_1719400615710-150x100.jpg 150w, https:\/\/www.hoymercedes.com.ar\/principal\/wp-content\/uploads\/2024\/06\/FB_IMG_1719400615710.jpg 1080w\" sizes=\"auto, (max-width: 1024px) 100vw, 1024px\" \/><\/figure>\n\n\n\n<p>Mariana San Mart\u00edn por Aida \u201cPety\u201d Laporta pusieron las ofrendas florales por parte del Concejo Deliberante mientras que el intendente lo hizo junto a Clara Zunino, Secretaria de Gobierno.Hubo, tambi\u00e9n, una exposici\u00f3n de maqueta de lo que fue el fuerte que alguna vez existi\u00f3 en los or\u00edgenes de nuestra comunidad.<\/p>\n\n\n\n<p>El jefe comunal destac\u00f3 al tomar la palabra que es importante la \u201cescala humana de la ciudad, donde a\u00fan tenemos v\u00ednculos muy estrechos\u201d para \u201cpoder construir una comunidad donde podamos desarrollar tambi\u00e9n nuestros sue\u00f1os, porque los sue\u00f1os no son sue\u00f1os individuales, sino tambi\u00e9n son sue\u00f1os que se realizan colectivamente\u201d. <\/p>\n\n\n\n<p>M\u00e1s adelante destac\u00f3 que \u00abla escala humana para hablar de un valor que es la solidaridad. En estos tiempos donde predomina la cultura del individualismo, donde la pantalla nos a\u00edsla muchas veces del otro, creo que la escala humana de nuestra ciudad, la solidaridad, la idea de comunidad que la podemos encontrar excelentemente representada en nuestros cuerpos de bomberos, veteranos de Malvinas, agrupaciones camperas, cooperadoras, que podemos encontrarla en las escuelas, en los clubes, en las plazas, creo que ah\u00ed es donde nosotros tenemos que buscar los desaf\u00edos que tenemos por delante\u201d coment\u00f3.<\/p>\n\n\n\n<p>Mencion\u00f3 que \u201ctenemos que hacer una apuesta fuerte, pero muy fuerte a la educaci\u00f3n, que es uno de los pilares centrales para el desarrollo y crecimiento de la persona, de un pueblo, de una Naci\u00f3n\u201d.<\/p>\n\n\n\n<p>Antes de finalizar remarc\u00f3 que \u00abdebemos avanzar desde una mirada plural, de una mirada diversa, desde una mirada con mucho compromiso con nuestra historia, desde el presente, para construir un futuro mejor\u201d.<\/p>\n\n\n\n<figure class=\"wp-block-image size-large\"><img loading=\"lazy\" decoding=\"async\" width=\"1024\" height=\"683\" data-attachment-id=\"176703\" data-permalink=\"https:\/\/www.hoymercedes.com.ar\/principal\/2024\/06\/26\/conmemoraron-los-272-anos-de-los-origenes-de-mercedes\/fb_img_1719400557668\/#main\" data-orig-file=\"https:\/\/www.hoymercedes.com.ar\/principal\/wp-content\/uploads\/2024\/06\/FB_IMG_1719400557668.jpg\" data-orig-size=\"1080,720\" data-comments-opened=\"0\" data-image-meta=\"{&quot;aperture&quot;:&quot;0&quot;,&quot;credit&quot;:&quot;&quot;,&quot;camera&quot;:&quot;&quot;,&quot;caption&quot;:&quot;&quot;,&quot;created_timestamp&quot;:&quot;0&quot;,&quot;copyright&quot;:&quot;&quot;,&quot;focal_length&quot;:&quot;0&quot;,&quot;iso&quot;:&quot;0&quot;,&quot;shutter_speed&quot;:&quot;0&quot;,&quot;title&quot;:&quot;&quot;,&quot;orientation&quot;:&quot;0&quot;}\" data-image-title=\"FB_IMG_1719400557668\" data-image-description=\"\" data-image-caption=\"\" data-large-file=\"https:\/\/www.hoymercedes.com.ar\/principal\/wp-content\/uploads\/2024\/06\/FB_IMG_1719400557668-1024x683.jpg\" src=\"https:\/\/www.hoymercedes.com.ar\/principal\/wp-content\/uploads\/2024\/06\/FB_IMG_1719400557668-1024x683.jpg\" alt=\"\" class=\"wp-image-176703\" srcset=\"https:\/\/www.hoymercedes.com.ar\/principal\/wp-content\/uploads\/2024\/06\/FB_IMG_1719400557668-1024x683.jpg 1024w, https:\/\/www.hoymercedes.com.ar\/principal\/wp-content\/uploads\/2024\/06\/FB_IMG_1719400557668-630x420.jpg 630w, https:\/\/www.hoymercedes.com.ar\/principal\/wp-content\/uploads\/2024\/06\/FB_IMG_1719400557668-150x100.jpg 150w, https:\/\/www.hoymercedes.com.ar\/principal\/wp-content\/uploads\/2024\/06\/FB_IMG_1719400557668.jpg 1080w\" sizes=\"auto, (max-width: 1024px) 100vw, 1024px\" \/><\/figure>\n\n\n\n<p>Por su parte, la profesora M\u00f3nica Brown, realiz\u00f3 una amplia y detallada exposici\u00f3n con detalles de nuestra historia como ciudad. Desde los or\u00edgenes casi des\u00e9rticos a la Guardia de Lux\u00e1n, luego la Villa de Mercedes y finalmente la ciudad. Destac\u00f3 sus desarrollos institucionales, comerciales, laborales, educativos y expuso la importancia de conocer nuestra historia.<\/p>\n\n\n\n<p>Participaron gran cantidad de instituciones, escuelas, vecinos, vecinas, integrantes del concejo deliberante, en un acto llevado adelante en Plaza Rivadavia donde se encuentra la pir\u00e1mide que se\u00f1aliza el origen de nuestra comunidad.<\/p>\n\n\n\n<p>Fuente. Prensa Municipalidad <\/p>\n\n\n\n<figure class=\"wp-block-image size-large\"><img loading=\"lazy\" decoding=\"async\" width=\"1024\" height=\"683\" data-attachment-id=\"176705\" data-permalink=\"https:\/\/www.hoymercedes.com.ar\/principal\/2024\/06\/26\/conmemoraron-los-272-anos-de-los-origenes-de-mercedes\/fb_img_1719400562370-2\/#main\" data-orig-file=\"https:\/\/www.hoymercedes.com.ar\/principal\/wp-content\/uploads\/2024\/06\/FB_IMG_1719400562370-1.jpg\" data-orig-size=\"1080,720\" data-comments-opened=\"0\" data-image-meta=\"{&quot;aperture&quot;:&quot;0&quot;,&quot;credit&quot;:&quot;&quot;,&quot;camera&quot;:&quot;&quot;,&quot;caption&quot;:&quot;&quot;,&quot;created_timestamp&quot;:&quot;0&quot;,&quot;copyright&quot;:&quot;&quot;,&quot;focal_length&quot;:&quot;0&quot;,&quot;iso&quot;:&quot;0&quot;,&quot;shutter_speed&quot;:&quot;0&quot;,&quot;title&quot;:&quot;&quot;,&quot;orientation&quot;:&quot;0&quot;}\" data-image-title=\"FB_IMG_1719400562370\" data-image-description=\"\" data-image-caption=\"\" data-large-file=\"https:\/\/www.hoymercedes.com.ar\/principal\/wp-content\/uploads\/2024\/06\/FB_IMG_1719400562370-1-1024x683.jpg\" src=\"https:\/\/www.hoymercedes.com.ar\/principal\/wp-content\/uploads\/2024\/06\/FB_IMG_1719400562370-1-1024x683.jpg\" alt=\"\" class=\"wp-image-176705\" srcset=\"https:\/\/www.hoymercedes.com.ar\/principal\/wp-content\/uploads\/2024\/06\/FB_IMG_1719400562370-1-1024x683.jpg 1024w, https:\/\/www.hoymercedes.com.ar\/principal\/wp-content\/uploads\/2024\/06\/FB_IMG_1719400562370-1-630x420.jpg 630w, https:\/\/www.hoymercedes.com.ar\/principal\/wp-content\/uploads\/2024\/06\/FB_IMG_1719400562370-1-150x100.jpg 150w, https:\/\/www.hoymercedes.com.ar\/principal\/wp-content\/uploads\/2024\/06\/FB_IMG_1719400562370-1.jpg 1080w\" sizes=\"auto, (max-width: 1024px) 100vw, 1024px\" \/><\/figure>\n","protected":false},"excerpt":{"rendered":"<p>En la plaza Rivadavia (m\u00e1s conocida como plaza San Luis) se llev\u00f3 adelante el acto protocolar por el 272 aniversario &#8230; <a title=\"Conmemoraron los 272 a\u00f1os de los or\u00edgenes de Mercedes\" class=\"read-more\" href=\"https:\/\/www.hoymercedes.com.ar\/principal\/2024\/06\/26\/conmemoraron-los-272-anos-de-los-origenes-de-mercedes\/\" aria-label=\"Leer m\u00e1s sobre Conmemoraron los 272 a\u00f1os de los or\u00edgenes de Mercedes\">Leer m\u00e1s<\/a><\/p>\n","protected":false},"author":1,"featured_media":176705,"comment_status":"closed","ping_status":"open","sticky":false,"template":"","format":"standard","meta":{"_monsterinsights_skip_tracking":false,"_monsterinsights_sitenote_active":false,"_monsterinsights_sitenote_note":"","_monsterinsights_sitenote_category":0,"jetpack_post_was_ever_published":false,"_jetpack_newsletter_access":"","_jetpack_dont_email_post_to_subs":false,"_jetpack_newsletter_tier_id":0,"_jetpack_memberships_contains_paywalled_content":false,"_jetpack_memberships_contains_paid_content":false,"footnotes":"","jetpack_publicize_message":"","jetpack_publicize_feature_enabled":true,"jetpack_social_post_already_shared":true,"jetpack_social_options":{"image_generator_settings":{"template":"highway","default_image_id":0,"font":"","enabled":false},"version":2},"_wpas_customize_per_network":false},"categories":[30],"tags":[244],"class_list":["post-176701","post","type-post","status-publish","format-standard","has-post-thumbnail","hentry","category-municipio","tag-municipio-2","generate-columns","tablet-grid-50","mobile-grid-100","grid-parent","grid-50"],"jetpack_publicize_connections":[],"jetpack_featured_media_url":"https:\/\/www.hoymercedes.com.ar\/principal\/wp-content\/uploads\/2024\/06\/FB_IMG_1719400562370-1.jpg","wps_subtitle":"","jetpack_sharing_enabled":true,"_links":{"self":[{"href":"https:\/\/www.hoymercedes.com.ar\/principal\/wp-json\/wp\/v2\/posts\/176701","targetHints":{"allow":["GET"]}}],"collection":[{"href":"https:\/\/www.hoymercedes.com.ar\/principal\/wp-json\/wp\/v2\/posts"}],"about":[{"href":"https:\/\/www.hoymercedes.com.ar\/principal\/wp-json\/wp\/v2\/types\/post"}],"author":[{"embeddable":true,"href":"https:\/\/www.hoymercedes.com.ar\/principal\/wp-json\/wp\/v2\/users\/1"}],"replies":[{"embeddable":true,"href":"https:\/\/www.hoymercedes.com.ar\/principal\/wp-json\/wp\/v2\/comments?post=176701"}],"version-history":[{"count":0,"href":"https:\/\/www.hoymercedes.com.ar\/principal\/wp-json\/wp\/v2\/posts\/176701\/revisions"}],"wp:featuredmedia":[{"embeddable":true,"href":"https:\/\/www.hoymercedes.com.ar\/principal\/wp-json\/wp\/v2\/media\/176705"}],"wp:attachment":[{"href":"https:\/\/www.hoymercedes.com.ar\/principal\/wp-json\/wp\/v2\/media?parent=176701"}],"wp:term":[{"taxonomy":"category","embeddable":true,"href":"https:\/\/www.hoymercedes.com.ar\/principal\/wp-json\/wp\/v2\/categories?post=176701"},{"taxonomy":"post_tag","embeddable":true,"href":"https:\/\/www.hoymercedes.com.ar\/principal\/wp-json\/wp\/v2\/tags?post=176701"}],"curies":[{"name":"wp","href":"https:\/\/api.w.org\/{rel}","templated":true}]}}