{"id":176742,"date":"2024-06-27T08:31:31","date_gmt":"2024-06-27T11:31:31","guid":{"rendered":"https:\/\/www.hoymercedes.com.ar\/principal\/?p=176742"},"modified":"2024-06-27T08:50:15","modified_gmt":"2024-06-27T11:50:15","slug":"quinteto-de-cuerdas-de-franz-schubert-en-el-colegio-nacional","status":"publish","type":"post","link":"https:\/\/www.hoymercedes.com.ar\/principal\/2024\/06\/27\/quinteto-de-cuerdas-de-franz-schubert-en-el-colegio-nacional\/","title":{"rendered":"\u201cQuinteto de cuerdas\u201d de Franz Schubert en el Colegio Nacional"},"content":{"rendered":"\n<p>Federico Moujan, Constanza Goldenberg Thiery, Ricardo Bugallo, Siro Bellisomi y Ver\u00f3nica Almerares se presentar\u00e1n en el auditorio de calle 17 y 30 \u2022 Interpretar\u00e1n la \u00faltima obra de c\u00e1mara compuesta por Franz Schubert denominada \u201cQuinteto para cuerdas en do mayor (D. 956, Op. post. 163)\u201d.<\/p>\n\n\n\n<figure class=\"wp-block-image size-full\"><img loading=\"lazy\" decoding=\"async\" width=\"787\" height=\"527\" data-attachment-id=\"176743\" data-permalink=\"https:\/\/www.hoymercedes.com.ar\/principal\/2024\/06\/27\/quinteto-de-cuerdas-de-franz-schubert-en-el-colegio-nacional\/image-1-26\/#main\" data-orig-file=\"https:\/\/www.hoymercedes.com.ar\/principal\/wp-content\/uploads\/2024\/06\/image-1.png\" data-orig-size=\"787,527\" data-comments-opened=\"0\" data-image-meta=\"{&quot;aperture&quot;:&quot;0&quot;,&quot;credit&quot;:&quot;&quot;,&quot;camera&quot;:&quot;&quot;,&quot;caption&quot;:&quot;&quot;,&quot;created_timestamp&quot;:&quot;0&quot;,&quot;copyright&quot;:&quot;&quot;,&quot;focal_length&quot;:&quot;0&quot;,&quot;iso&quot;:&quot;0&quot;,&quot;shutter_speed&quot;:&quot;0&quot;,&quot;title&quot;:&quot;&quot;,&quot;orientation&quot;:&quot;0&quot;}\" data-image-title=\"image-1\" data-image-description=\"\" data-image-caption=\"\" data-large-file=\"https:\/\/www.hoymercedes.com.ar\/principal\/wp-content\/uploads\/2024\/06\/image-1.png\" src=\"https:\/\/www.hoymercedes.com.ar\/principal\/wp-content\/uploads\/2024\/06\/image-1.png\" alt=\"\" class=\"wp-image-176743\" srcset=\"https:\/\/www.hoymercedes.com.ar\/principal\/wp-content\/uploads\/2024\/06\/image-1.png 787w, https:\/\/www.hoymercedes.com.ar\/principal\/wp-content\/uploads\/2024\/06\/image-1-630x422.png 630w, https:\/\/www.hoymercedes.com.ar\/principal\/wp-content\/uploads\/2024\/06\/image-1-150x100.png 150w\" sizes=\"auto, (max-width: 787px) 100vw, 787px\" \/><\/figure>\n\n\n\n<p>El pr\u00f3ximo s\u00e1bado 29 de junio el Centro de Egresados del Colegio Nacional invita a los amantes de la m\u00fasica a disfrutar de un nuevo concierto en auditorio de calle 17 y 30.<\/p>\n\n\n\n<p>En esta ocasi\u00f3n se estar\u00e1 presentando un quinteto de cuerdas  que interpretar\u00e1 la \u00faltima obra de c\u00e1mara de Franz Schubert denominada \u201cQuinteto para cuerdas en do mayor (D. 956, Op. post. 163)\u201d.<\/p>\n\n\n\n<p>La interpretaci\u00f3n de esta reconocida obra de la m\u00fasica de c\u00e1mara estar\u00e1 a cargo de Federico Moujan y Constanza Goldenberg Thiery  en violines, Ricardo Bugallo  en viola, Siro Bellisomi y Ver\u00f3nica Almerares en violoncellos. Los 5 m\u00fasicos son integrantes de la Orquesta Estable del Teatro Argentino de La Plata.<\/p>\n\n\n\n<p>La obra fue compuesta por el propio Franz Schubert en 1828 y la misma se complet\u00f3 apenas dos meses antes de la muerte del compositor. Se considera como la mejor obra de c\u00e1mara de Schubert, as\u00ed como una de las mejores composiciones de toda la m\u00fasica de c\u00e1mara. Est\u00e1 compuesta por varios movimientos: Allegro ma non troppo, Adagio, Scherzo. Presto \u2014 Trio. Andante sostenuto, Allegretto \u2014 Pi\u00f9 allegro.De esta manera, el Centro de Egresados del Colegio Nacional Pro Arte Mercedes contin\u00faa con su cronograma de conciertos, ofreciendo una amplia variedad de m\u00fasica acad\u00e9mica con artistas de renombre internacional<\/p>\n\n\n\n<figure class=\"wp-block-image size-large\"><img loading=\"lazy\" decoding=\"async\" width=\"819\" height=\"1024\" data-attachment-id=\"176746\" data-permalink=\"https:\/\/www.hoymercedes.com.ar\/principal\/2024\/06\/27\/quinteto-de-cuerdas-de-franz-schubert-en-el-colegio-nacional\/image-2-24\/#main\" data-orig-file=\"https:\/\/www.hoymercedes.com.ar\/principal\/wp-content\/uploads\/2024\/06\/image-2.png\" data-orig-size=\"1024,1280\" data-comments-opened=\"0\" data-image-meta=\"{&quot;aperture&quot;:&quot;0&quot;,&quot;credit&quot;:&quot;&quot;,&quot;camera&quot;:&quot;&quot;,&quot;caption&quot;:&quot;&quot;,&quot;created_timestamp&quot;:&quot;0&quot;,&quot;copyright&quot;:&quot;&quot;,&quot;focal_length&quot;:&quot;0&quot;,&quot;iso&quot;:&quot;0&quot;,&quot;shutter_speed&quot;:&quot;0&quot;,&quot;title&quot;:&quot;&quot;,&quot;orientation&quot;:&quot;0&quot;}\" data-image-title=\"image-2\" data-image-description=\"\" data-image-caption=\"\" data-large-file=\"https:\/\/www.hoymercedes.com.ar\/principal\/wp-content\/uploads\/2024\/06\/image-2-819x1024.png\" src=\"https:\/\/www.hoymercedes.com.ar\/principal\/wp-content\/uploads\/2024\/06\/image-2-819x1024.png\" alt=\"\" class=\"wp-image-176746\" srcset=\"https:\/\/www.hoymercedes.com.ar\/principal\/wp-content\/uploads\/2024\/06\/image-2-819x1024.png 819w, https:\/\/www.hoymercedes.com.ar\/principal\/wp-content\/uploads\/2024\/06\/image-2-496x620.png 496w, https:\/\/www.hoymercedes.com.ar\/principal\/wp-content\/uploads\/2024\/06\/image-2-120x150.png 120w, https:\/\/www.hoymercedes.com.ar\/principal\/wp-content\/uploads\/2024\/06\/image-2.png 1024w\" sizes=\"auto, (max-width: 819px) 100vw, 819px\" \/><\/figure>\n","protected":false},"excerpt":{"rendered":"<p>Federico Moujan, Constanza Goldenberg Thiery, Ricardo Bugallo, Siro Bellisomi y Ver\u00f3nica Almerares se presentar\u00e1n en el auditorio de calle 17 &#8230; <a title=\"\u201cQuinteto de cuerdas\u201d de Franz Schubert en el Colegio Nacional\" class=\"read-more\" href=\"https:\/\/www.hoymercedes.com.ar\/principal\/2024\/06\/27\/quinteto-de-cuerdas-de-franz-schubert-en-el-colegio-nacional\/\" aria-label=\"Leer m\u00e1s sobre \u201cQuinteto de cuerdas\u201d de Franz Schubert en el Colegio Nacional\">Leer m\u00e1s<\/a><\/p>\n","protected":false},"author":1,"featured_media":176743,"comment_status":"closed","ping_status":"open","sticky":false,"template":"","format":"standard","meta":{"_monsterinsights_skip_tracking":false,"_monsterinsights_sitenote_active":false,"_monsterinsights_sitenote_note":"","_monsterinsights_sitenote_category":0,"jetpack_post_was_ever_published":false,"_jetpack_newsletter_access":"","_jetpack_dont_email_post_to_subs":false,"_jetpack_newsletter_tier_id":0,"_jetpack_memberships_contains_paywalled_content":false,"_jetpack_memberships_contains_paid_content":false,"footnotes":"","jetpack_publicize_message":"","jetpack_publicize_feature_enabled":true,"jetpack_social_post_already_shared":true,"jetpack_social_options":{"image_generator_settings":{"template":"highway","default_image_id":0,"font":"","enabled":false},"version":2},"_wpas_customize_per_network":false},"categories":[104],"tags":[7805],"class_list":["post-176742","post","type-post","status-publish","format-standard","has-post-thumbnail","hentry","category-cultura","tag-cultura","generate-columns","tablet-grid-50","mobile-grid-100","grid-parent","grid-50"],"jetpack_publicize_connections":[],"jetpack_featured_media_url":"https:\/\/www.hoymercedes.com.ar\/principal\/wp-content\/uploads\/2024\/06\/image-1.png","wps_subtitle":"","jetpack_sharing_enabled":true,"_links":{"self":[{"href":"https:\/\/www.hoymercedes.com.ar\/principal\/wp-json\/wp\/v2\/posts\/176742","targetHints":{"allow":["GET"]}}],"collection":[{"href":"https:\/\/www.hoymercedes.com.ar\/principal\/wp-json\/wp\/v2\/posts"}],"about":[{"href":"https:\/\/www.hoymercedes.com.ar\/principal\/wp-json\/wp\/v2\/types\/post"}],"author":[{"embeddable":true,"href":"https:\/\/www.hoymercedes.com.ar\/principal\/wp-json\/wp\/v2\/users\/1"}],"replies":[{"embeddable":true,"href":"https:\/\/www.hoymercedes.com.ar\/principal\/wp-json\/wp\/v2\/comments?post=176742"}],"version-history":[{"count":0,"href":"https:\/\/www.hoymercedes.com.ar\/principal\/wp-json\/wp\/v2\/posts\/176742\/revisions"}],"wp:featuredmedia":[{"embeddable":true,"href":"https:\/\/www.hoymercedes.com.ar\/principal\/wp-json\/wp\/v2\/media\/176743"}],"wp:attachment":[{"href":"https:\/\/www.hoymercedes.com.ar\/principal\/wp-json\/wp\/v2\/media?parent=176742"}],"wp:term":[{"taxonomy":"category","embeddable":true,"href":"https:\/\/www.hoymercedes.com.ar\/principal\/wp-json\/wp\/v2\/categories?post=176742"},{"taxonomy":"post_tag","embeddable":true,"href":"https:\/\/www.hoymercedes.com.ar\/principal\/wp-json\/wp\/v2\/tags?post=176742"}],"curies":[{"name":"wp","href":"https:\/\/api.w.org\/{rel}","templated":true}]}}