{"id":176754,"date":"2024-06-27T19:25:06","date_gmt":"2024-06-27T22:25:06","guid":{"rendered":"https:\/\/www.hoymercedes.com.ar\/principal\/?p=176754"},"modified":"2024-06-27T19:32:54","modified_gmt":"2024-06-27T22:32:54","slug":"intensamente-y-villano-favorito-siguen-en-la-cartelera-local","status":"publish","type":"post","link":"https:\/\/www.hoymercedes.com.ar\/principal\/2024\/06\/27\/intensamente-y-villano-favorito-siguen-en-la-cartelera-local\/","title":{"rendered":"Intensamente y Villano Favorito siguen en la cartelera local"},"content":{"rendered":"\n<p>El Cine Mercedes sigue con la cartelera animada y con gran \u00e9xito. \u00abIntensamente 4\u00bb con la tercera semana en cartelera, mientras que \u00abMi Villano Favorito 4\u00bb contin\u00faa en su segunda semana. <\/p>\n\n\n<div class=\"wp-block-image\">\n<figure class=\"aligncenter size-full is-resized\"><img loading=\"lazy\" decoding=\"async\" width=\"827\" height=\"812\" data-attachment-id=\"176755\" data-permalink=\"https:\/\/www.hoymercedes.com.ar\/principal\/2024\/06\/27\/intensamente-y-villano-favorito-siguen-en-la-cartelera-local\/gacetilla-cine-mercedes-22-2\/#main\" data-orig-file=\"https:\/\/www.hoymercedes.com.ar\/principal\/wp-content\/uploads\/2024\/06\/Gacetilla-Cine-Mercedes-22.jpg\" data-orig-size=\"827,812\" data-comments-opened=\"0\" data-image-meta=\"{&quot;aperture&quot;:&quot;0&quot;,&quot;credit&quot;:&quot;&quot;,&quot;camera&quot;:&quot;&quot;,&quot;caption&quot;:&quot;&quot;,&quot;created_timestamp&quot;:&quot;0&quot;,&quot;copyright&quot;:&quot;&quot;,&quot;focal_length&quot;:&quot;0&quot;,&quot;iso&quot;:&quot;0&quot;,&quot;shutter_speed&quot;:&quot;0&quot;,&quot;title&quot;:&quot;&quot;,&quot;orientation&quot;:&quot;1&quot;}\" data-image-title=\"Gacetilla Cine Mercedes (22)\" data-image-description=\"\" data-image-caption=\"\" data-large-file=\"https:\/\/www.hoymercedes.com.ar\/principal\/wp-content\/uploads\/2024\/06\/Gacetilla-Cine-Mercedes-22.jpg\" src=\"https:\/\/www.hoymercedes.com.ar\/principal\/wp-content\/uploads\/2024\/06\/Gacetilla-Cine-Mercedes-22.jpg\" alt=\"\" class=\"wp-image-176755\" style=\"width:823px;height:auto\" srcset=\"https:\/\/www.hoymercedes.com.ar\/principal\/wp-content\/uploads\/2024\/06\/Gacetilla-Cine-Mercedes-22.jpg 827w, https:\/\/www.hoymercedes.com.ar\/principal\/wp-content\/uploads\/2024\/06\/Gacetilla-Cine-Mercedes-22-630x620.jpg 630w, https:\/\/www.hoymercedes.com.ar\/principal\/wp-content\/uploads\/2024\/06\/Gacetilla-Cine-Mercedes-22-150x147.jpg 150w\" sizes=\"auto, (max-width: 827px) 100vw, 827px\" \/><\/figure>\n<\/div>\n\n\n<p>Sinopsis \u00abMi Villano Favorito 4\u00bb: Gru, Lucy y las ni\u00f1as -Margo, Edith y Agnes- dan la bienvenida a un nuevo miembro en la familia: Gru Junior, que parece llegar con el prop\u00f3sito de ser un suplicio para su padre. Gru tendr\u00e1 que enfrentarse en esta ocasi\u00f3n a su nueva n\u00e9mesis Maxime Le Mal y su sofisticada y mal\u00e9vola novia Valentina, lo que obligar\u00e1 a la familia a tener que darse a la fuga. Cuarta entrega de &#8216;Gru, mi villano favorito&#8217;. (FILMAFFINITY)<\/p>\n\n\n\n<p>Sinopsis \u00abIntensamente 2\u00bb: \u00a0Riley entra en la adolescencia y el Cuartel General sufre una repentina reforma para hacerle hueco a algo totalmente inesperado: \u00a1Nuevas emociones! Alegr\u00eda, Tristeza, Ira, Miedo y Asco, con a\u00f1os de impecable gesti\u00f3n a sus espaldas (seg\u00fan ellos&#8230;), no saben muy bien qu\u00e9 sentir cuando aparece Ansiedad. (FILMAFFINITY)<\/p>\n","protected":false},"excerpt":{"rendered":"<p>El Cine Mercedes sigue con la cartelera animada y con gran \u00e9xito. \u00abIntensamente 4\u00bb con la tercera semana en cartelera, &#8230; <a title=\"Intensamente y Villano Favorito siguen en la cartelera local\" class=\"read-more\" href=\"https:\/\/www.hoymercedes.com.ar\/principal\/2024\/06\/27\/intensamente-y-villano-favorito-siguen-en-la-cartelera-local\/\" aria-label=\"Leer m\u00e1s sobre Intensamente y Villano Favorito siguen en la cartelera local\">Leer m\u00e1s<\/a><\/p>\n","protected":false},"author":1,"featured_media":176756,"comment_status":"closed","ping_status":"open","sticky":false,"template":"","format":"standard","meta":{"_monsterinsights_skip_tracking":false,"_monsterinsights_sitenote_active":false,"_monsterinsights_sitenote_note":"","_monsterinsights_sitenote_category":0,"jetpack_post_was_ever_published":false,"_jetpack_newsletter_access":"","_jetpack_dont_email_post_to_subs":false,"_jetpack_newsletter_tier_id":0,"_jetpack_memberships_contains_paywalled_content":false,"_jetpack_memberships_contains_paid_content":false,"footnotes":"","jetpack_publicize_message":"","jetpack_publicize_feature_enabled":true,"jetpack_social_post_already_shared":true,"jetpack_social_options":{"image_generator_settings":{"template":"highway","default_image_id":0,"font":"","enabled":false},"version":2},"_wpas_customize_per_network":false},"categories":[104],"tags":[7805],"class_list":["post-176754","post","type-post","status-publish","format-standard","has-post-thumbnail","hentry","category-cultura","tag-cultura","generate-columns","tablet-grid-50","mobile-grid-100","grid-parent","grid-50"],"jetpack_publicize_connections":[],"jetpack_featured_media_url":"https:\/\/www.hoymercedes.com.ar\/principal\/wp-content\/uploads\/2024\/06\/intensamente2-1-1.jpg","wps_subtitle":"","jetpack_sharing_enabled":true,"_links":{"self":[{"href":"https:\/\/www.hoymercedes.com.ar\/principal\/wp-json\/wp\/v2\/posts\/176754","targetHints":{"allow":["GET"]}}],"collection":[{"href":"https:\/\/www.hoymercedes.com.ar\/principal\/wp-json\/wp\/v2\/posts"}],"about":[{"href":"https:\/\/www.hoymercedes.com.ar\/principal\/wp-json\/wp\/v2\/types\/post"}],"author":[{"embeddable":true,"href":"https:\/\/www.hoymercedes.com.ar\/principal\/wp-json\/wp\/v2\/users\/1"}],"replies":[{"embeddable":true,"href":"https:\/\/www.hoymercedes.com.ar\/principal\/wp-json\/wp\/v2\/comments?post=176754"}],"version-history":[{"count":0,"href":"https:\/\/www.hoymercedes.com.ar\/principal\/wp-json\/wp\/v2\/posts\/176754\/revisions"}],"wp:featuredmedia":[{"embeddable":true,"href":"https:\/\/www.hoymercedes.com.ar\/principal\/wp-json\/wp\/v2\/media\/176756"}],"wp:attachment":[{"href":"https:\/\/www.hoymercedes.com.ar\/principal\/wp-json\/wp\/v2\/media?parent=176754"}],"wp:term":[{"taxonomy":"category","embeddable":true,"href":"https:\/\/www.hoymercedes.com.ar\/principal\/wp-json\/wp\/v2\/categories?post=176754"},{"taxonomy":"post_tag","embeddable":true,"href":"https:\/\/www.hoymercedes.com.ar\/principal\/wp-json\/wp\/v2\/tags?post=176754"}],"curies":[{"name":"wp","href":"https:\/\/api.w.org\/{rel}","templated":true}]}}