{"id":176763,"date":"2024-06-27T21:21:23","date_gmt":"2024-06-28T00:21:23","guid":{"rendered":"https:\/\/www.hoymercedes.com.ar\/principal\/?p=176763"},"modified":"2024-06-27T21:21:24","modified_gmt":"2024-06-28T00:21:24","slug":"municipio-y-unicef-continuan-trabajando-por-las-infancias","status":"publish","type":"post","link":"https:\/\/www.hoymercedes.com.ar\/principal\/2024\/06\/27\/municipio-y-unicef-continuan-trabajando-por-las-infancias\/","title":{"rendered":"Municipio y Unicef contin\u00faan trabajando por las infancias"},"content":{"rendered":"\n<figure class=\"wp-block-image size-large\"><img loading=\"lazy\" decoding=\"async\" width=\"1024\" height=\"682\" data-attachment-id=\"176764\" data-permalink=\"https:\/\/www.hoymercedes.com.ar\/principal\/2024\/06\/27\/municipio-y-unicef-continuan-trabajando-por-las-infancias\/unicefmercedes-1\/#main\" data-orig-file=\"https:\/\/www.hoymercedes.com.ar\/principal\/wp-content\/uploads\/2024\/06\/UnicefMercedes-1.jpeg\" data-orig-size=\"1319,879\" data-comments-opened=\"0\" data-image-meta=\"{&quot;aperture&quot;:&quot;0&quot;,&quot;credit&quot;:&quot;&quot;,&quot;camera&quot;:&quot;&quot;,&quot;caption&quot;:&quot;&quot;,&quot;created_timestamp&quot;:&quot;0&quot;,&quot;copyright&quot;:&quot;&quot;,&quot;focal_length&quot;:&quot;0&quot;,&quot;iso&quot;:&quot;0&quot;,&quot;shutter_speed&quot;:&quot;0&quot;,&quot;title&quot;:&quot;&quot;,&quot;orientation&quot;:&quot;0&quot;}\" data-image-title=\"UnicefMercedes-1\" data-image-description=\"&lt;p&gt;Unicef y municipalidad de Mercedes&lt;\/p&gt;\n\" data-image-caption=\"\" data-large-file=\"https:\/\/www.hoymercedes.com.ar\/principal\/wp-content\/uploads\/2024\/06\/UnicefMercedes-1-1024x682.jpeg\" src=\"https:\/\/www.hoymercedes.com.ar\/principal\/wp-content\/uploads\/2024\/06\/UnicefMercedes-1-1024x682.jpeg\" alt=\"Municipio y Unicef contin\u00faan trabajando por las infancias\" class=\"wp-image-176764\" srcset=\"https:\/\/www.hoymercedes.com.ar\/principal\/wp-content\/uploads\/2024\/06\/UnicefMercedes-1-1024x682.jpeg 1024w, https:\/\/www.hoymercedes.com.ar\/principal\/wp-content\/uploads\/2024\/06\/UnicefMercedes-1-630x420.jpeg 630w, https:\/\/www.hoymercedes.com.ar\/principal\/wp-content\/uploads\/2024\/06\/UnicefMercedes-1-150x100.jpeg 150w, https:\/\/www.hoymercedes.com.ar\/principal\/wp-content\/uploads\/2024\/06\/UnicefMercedes-1-700x465.jpeg 700w, https:\/\/www.hoymercedes.com.ar\/principal\/wp-content\/uploads\/2024\/06\/UnicefMercedes-1.jpeg 1319w\" sizes=\"auto, (max-width: 1024px) 100vw, 1024px\" \/><\/figure>\n\n\n\n<p>En el marco del convenio firmado por el Municipio de Mercedes con UNICEF, se llevan adelante pol\u00edticas garantizan los derechos de la infancia y la adolescencia. En este caso en el Sector Industrial Planificado bajo el Convenio MUNA que apunta a fortalecer las acciones destinadas a garantizar los derechos de ni\u00f1os, ni\u00f1as y adolescentes, el Sector Industrial Planificado sumar\u00e1 un espacio de Lactancia Amigable.<\/p>\n\n\n\n<p>Carolina Galeano, quien es parte del \u00e1rea de Producci\u00f3n cont\u00f3 \u201cya hace m\u00e1s de un a\u00f1o que estamos trabajando con este convenio con eje en el sector privado, por lo que UNICEF junto a la Liga de la Leche promoviendo la tem\u00e1tica de la lactancia en distintos espacios\u201d y agreg\u00f3 \u201cpor lo que estamos trabajando para poder concretar un espacio de lactancia en alg\u00fan sector del parque Industrial\u201d.<\/p>\n\n\n\n<p>\u201cEste es un espacio privado que pueda tener la mam\u00e1 para poder extraerse la leche y guardarla para poder llev\u00e1rsela a su hijo\u201d y a\u00f1adi\u00f3 \u201cesperamos ya para la semana que vienen tenerlo listo, poder mostrarlo y que sea un espacio que se pueda replicar en otros lugares\u201d.<\/p>\n\n\n\n<p>Asimismo, Galeano se\u00f1al\u00f3 \u201ces para que las mam\u00e1s puedan tener un mejor bienestar en la jornada laboral\u201d y beneficia \u201cen todo lo que es la producci\u00f3n, impacta en lo que es el ausentismo porque esa mam\u00e1 ya no se tiene que retirar y les brinda una mejor salud a sus hijos lo que tambi\u00e9n los ni\u00f1os y ni\u00f1as se enfermen menos\u201d.<\/p>\n","protected":false},"excerpt":{"rendered":"<p>En el marco del convenio firmado por el Municipio de Mercedes con UNICEF, se llevan adelante pol\u00edticas garantizan los derechos &#8230; <a title=\"Municipio y Unicef contin\u00faan trabajando por las infancias\" class=\"read-more\" href=\"https:\/\/www.hoymercedes.com.ar\/principal\/2024\/06\/27\/municipio-y-unicef-continuan-trabajando-por-las-infancias\/\" aria-label=\"Leer m\u00e1s sobre Municipio y Unicef contin\u00faan trabajando por las infancias\">Leer m\u00e1s<\/a><\/p>\n","protected":false},"author":1,"featured_media":176764,"comment_status":"closed","ping_status":"open","sticky":false,"template":"","format":"standard","meta":{"_monsterinsights_skip_tracking":false,"_monsterinsights_sitenote_active":false,"_monsterinsights_sitenote_note":"","_monsterinsights_sitenote_category":0,"jetpack_post_was_ever_published":false,"_jetpack_newsletter_access":"","_jetpack_dont_email_post_to_subs":false,"_jetpack_newsletter_tier_id":0,"_jetpack_memberships_contains_paywalled_content":false,"_jetpack_memberships_contains_paid_content":false,"footnotes":"","jetpack_publicize_message":"","jetpack_publicize_feature_enabled":true,"jetpack_social_post_already_shared":true,"jetpack_social_options":{"image_generator_settings":{"template":"highway","default_image_id":0,"font":"","enabled":false},"version":2},"_wpas_customize_per_network":false},"categories":[8],"tags":[197,18775,424],"class_list":["post-176763","post","type-post","status-publish","format-standard","has-post-thumbnail","hentry","category-sociedad","tag-municipalidad-de-mercedes","tag-unicef-en-mercedes","tag-ustarroz","generate-columns","tablet-grid-50","mobile-grid-100","grid-parent","grid-50"],"jetpack_publicize_connections":[],"jetpack_featured_media_url":"https:\/\/www.hoymercedes.com.ar\/principal\/wp-content\/uploads\/2024\/06\/UnicefMercedes-1.jpeg","wps_subtitle":"Intercambio institucional ","jetpack_sharing_enabled":true,"_links":{"self":[{"href":"https:\/\/www.hoymercedes.com.ar\/principal\/wp-json\/wp\/v2\/posts\/176763","targetHints":{"allow":["GET"]}}],"collection":[{"href":"https:\/\/www.hoymercedes.com.ar\/principal\/wp-json\/wp\/v2\/posts"}],"about":[{"href":"https:\/\/www.hoymercedes.com.ar\/principal\/wp-json\/wp\/v2\/types\/post"}],"author":[{"embeddable":true,"href":"https:\/\/www.hoymercedes.com.ar\/principal\/wp-json\/wp\/v2\/users\/1"}],"replies":[{"embeddable":true,"href":"https:\/\/www.hoymercedes.com.ar\/principal\/wp-json\/wp\/v2\/comments?post=176763"}],"version-history":[{"count":0,"href":"https:\/\/www.hoymercedes.com.ar\/principal\/wp-json\/wp\/v2\/posts\/176763\/revisions"}],"wp:featuredmedia":[{"embeddable":true,"href":"https:\/\/www.hoymercedes.com.ar\/principal\/wp-json\/wp\/v2\/media\/176764"}],"wp:attachment":[{"href":"https:\/\/www.hoymercedes.com.ar\/principal\/wp-json\/wp\/v2\/media?parent=176763"}],"wp:term":[{"taxonomy":"category","embeddable":true,"href":"https:\/\/www.hoymercedes.com.ar\/principal\/wp-json\/wp\/v2\/categories?post=176763"},{"taxonomy":"post_tag","embeddable":true,"href":"https:\/\/www.hoymercedes.com.ar\/principal\/wp-json\/wp\/v2\/tags?post=176763"}],"curies":[{"name":"wp","href":"https:\/\/api.w.org\/{rel}","templated":true}]}}