{"id":176800,"date":"2024-06-29T23:11:42","date_gmt":"2024-06-30T02:11:42","guid":{"rendered":"https:\/\/www.hoymercedes.com.ar\/principal\/?p=176800"},"modified":"2024-06-29T23:11:43","modified_gmt":"2024-06-30T02:11:43","slug":"municipio-asiste-a-familias-tras-gran-incendio","status":"publish","type":"post","link":"https:\/\/www.hoymercedes.com.ar\/principal\/2024\/06\/29\/municipio-asiste-a-familias-tras-gran-incendio\/","title":{"rendered":"Municipio asiste a familias tras gran incendio"},"content":{"rendered":"\n<p>Dos viviendas fueron afectadas por un gran incendio consumado el viernes por la noche. A primera hora de este s\u00e1bado se mont\u00f3 un amplio operativo de apoyo a las familias con Desarrollo de la Comunidad y Servicios P\u00fablicos.<\/p>\n\n\n\n<p><strong>Acompa\u00f1amiento<\/strong><\/p>\n\n\n\n<p>Como es habitual la Municipalidad efect\u00faa intervenciones de asistencia. Se realizaron m\u00faltiples tareas de remoci\u00f3n de escombros, adecuaci\u00f3n de la seguridad de los per\u00edmetros, limpieza, reacondicionamiento a trav\u00e9s de camiones, retropalas y personal de Servicios P\u00fablicos y Desarrollo de la Comunidad.<\/p>\n\n\n\n<p>Adem\u00e1s, se dej\u00f3 un grupo electr\u00f3geno y entregaron elementos para cocinar, como as\u00ed tambi\u00e9n frazadas, camas y colchones.<\/p>\n\n\n\n<p>Fueron varias horas de trabajo y la acci\u00f3n e intervenci\u00f3n contin\u00faa.<\/p>\n\n\n\n<p><strong>Incendio<\/strong><\/p>\n\n\n\n<p>Durante el incendio se trabaj\u00f3 en su control y apagado con 3 dotaciones de Bomberos, Protecci\u00f3n Civil, Desarrollo de la Comunidad y SAME. No hubo heridos, pero si asistencia por inhalaci\u00f3n de humo.<\/p>\n\n\n\n<p><strong>Continuidad<\/strong><\/p>\n\n\n\n<p>La cartera dirigir\u00e1 por Jorgelina Silva continuar\u00e1 de cerca el caso ya que a\u00fan queda mucho por resolver por parte de las familias afectadas, siempre en el marco de los protocolos de asistencia existentes.<\/p>\n","protected":false},"excerpt":{"rendered":"<p>Dos viviendas fueron afectadas por un gran incendio consumado el viernes por la noche. A primera hora de este s\u00e1bado &#8230; <a title=\"Municipio asiste a familias tras gran incendio\" class=\"read-more\" href=\"https:\/\/www.hoymercedes.com.ar\/principal\/2024\/06\/29\/municipio-asiste-a-familias-tras-gran-incendio\/\" aria-label=\"Leer m\u00e1s sobre Municipio asiste a familias tras gran incendio\">Leer m\u00e1s<\/a><\/p>\n","protected":false},"author":1,"featured_media":176780,"comment_status":"closed","ping_status":"open","sticky":false,"template":"","format":"standard","meta":{"_monsterinsights_skip_tracking":false,"_monsterinsights_sitenote_active":false,"_monsterinsights_sitenote_note":"","_monsterinsights_sitenote_category":0,"jetpack_post_was_ever_published":false,"_jetpack_newsletter_access":"","_jetpack_dont_email_post_to_subs":false,"_jetpack_newsletter_tier_id":0,"_jetpack_memberships_contains_paywalled_content":false,"_jetpack_memberships_contains_paid_content":false,"footnotes":"","jetpack_publicize_message":"","jetpack_publicize_feature_enabled":true,"jetpack_social_post_already_shared":true,"jetpack_social_options":{"image_generator_settings":{"template":"highway","default_image_id":0,"font":"","enabled":false},"version":2},"_wpas_customize_per_network":false},"categories":[5608],"tags":[286,18118],"class_list":["post-176800","post","type-post","status-publish","format-standard","has-post-thumbnail","hentry","category-sin-categoria","tag-incendio","tag-siniestro","generate-columns","tablet-grid-50","mobile-grid-100","grid-parent","grid-50"],"jetpack_publicize_connections":[],"jetpack_featured_media_url":"https:\/\/www.hoymercedes.com.ar\/principal\/wp-content\/uploads\/2024\/06\/Incendio-Calle10.jpg","wps_subtitle":"Siniestro","jetpack_sharing_enabled":true,"_links":{"self":[{"href":"https:\/\/www.hoymercedes.com.ar\/principal\/wp-json\/wp\/v2\/posts\/176800","targetHints":{"allow":["GET"]}}],"collection":[{"href":"https:\/\/www.hoymercedes.com.ar\/principal\/wp-json\/wp\/v2\/posts"}],"about":[{"href":"https:\/\/www.hoymercedes.com.ar\/principal\/wp-json\/wp\/v2\/types\/post"}],"author":[{"embeddable":true,"href":"https:\/\/www.hoymercedes.com.ar\/principal\/wp-json\/wp\/v2\/users\/1"}],"replies":[{"embeddable":true,"href":"https:\/\/www.hoymercedes.com.ar\/principal\/wp-json\/wp\/v2\/comments?post=176800"}],"version-history":[{"count":0,"href":"https:\/\/www.hoymercedes.com.ar\/principal\/wp-json\/wp\/v2\/posts\/176800\/revisions"}],"wp:featuredmedia":[{"embeddable":true,"href":"https:\/\/www.hoymercedes.com.ar\/principal\/wp-json\/wp\/v2\/media\/176780"}],"wp:attachment":[{"href":"https:\/\/www.hoymercedes.com.ar\/principal\/wp-json\/wp\/v2\/media?parent=176800"}],"wp:term":[{"taxonomy":"category","embeddable":true,"href":"https:\/\/www.hoymercedes.com.ar\/principal\/wp-json\/wp\/v2\/categories?post=176800"},{"taxonomy":"post_tag","embeddable":true,"href":"https:\/\/www.hoymercedes.com.ar\/principal\/wp-json\/wp\/v2\/tags?post=176800"}],"curies":[{"name":"wp","href":"https:\/\/api.w.org\/{rel}","templated":true}]}}