{"id":176914,"date":"2024-07-02T21:55:08","date_gmt":"2024-07-03T00:55:08","guid":{"rendered":"https:\/\/www.hoymercedes.com.ar\/principal\/?p=176914"},"modified":"2024-07-04T22:47:47","modified_gmt":"2024-07-05T01:47:47","slug":"municipio-y-cgt-firman-convenio-para-potenciar-centro-de-formacion-laboral","status":"publish","type":"post","link":"https:\/\/www.hoymercedes.com.ar\/principal\/2024\/07\/02\/municipio-y-cgt-firman-convenio-para-potenciar-centro-de-formacion-laboral\/","title":{"rendered":"Municipio y CGT Firman convenio para potenciar Centro de Formaci\u00f3n Laboral"},"content":{"rendered":"\n<figure class=\"wp-block-image size-large\"><img loading=\"lazy\" decoding=\"async\" width=\"1024\" height=\"682\" data-attachment-id=\"176915\" data-permalink=\"https:\/\/www.hoymercedes.com.ar\/principal\/2024\/07\/02\/municipio-y-cgt-firman-convenio-para-potenciar-centro-de-formacion-laboral\/dsc07641\/#main\" data-orig-file=\"https:\/\/www.hoymercedes.com.ar\/principal\/wp-content\/uploads\/2024\/07\/DSC07641.jpg\" data-orig-size=\"1319,879\" data-comments-opened=\"0\" data-image-meta=\"{&quot;aperture&quot;:&quot;0&quot;,&quot;credit&quot;:&quot;&quot;,&quot;camera&quot;:&quot;&quot;,&quot;caption&quot;:&quot;&quot;,&quot;created_timestamp&quot;:&quot;0&quot;,&quot;copyright&quot;:&quot;&quot;,&quot;focal_length&quot;:&quot;0&quot;,&quot;iso&quot;:&quot;0&quot;,&quot;shutter_speed&quot;:&quot;0&quot;,&quot;title&quot;:&quot;&quot;,&quot;orientation&quot;:&quot;0&quot;}\" data-image-title=\"Municipio y CGT Firman convenio para potenciar Centro de Formaci\u00f3n Laboral\" data-image-description=\"&lt;p&gt;Municipio y CGT Firman convenio para potenciar Centro de Formaci\u00f3n Laboral&lt;\/p&gt;\n\" data-image-caption=\"&lt;p&gt;Municipio y CGT Firman convenio para potenciar Centro de Formaci\u00f3n Laboral&lt;\/p&gt;\n\" data-large-file=\"https:\/\/www.hoymercedes.com.ar\/principal\/wp-content\/uploads\/2024\/07\/DSC07641-1024x682.jpg\" src=\"https:\/\/www.hoymercedes.com.ar\/principal\/wp-content\/uploads\/2024\/07\/DSC07641-1024x682.jpg\" alt=\"Municipio y CGT Firman convenio para potenciar Centro de Formaci\u00f3n Laboral\" class=\"wp-image-176915\" srcset=\"https:\/\/www.hoymercedes.com.ar\/principal\/wp-content\/uploads\/2024\/07\/DSC07641-1024x682.jpg 1024w, https:\/\/www.hoymercedes.com.ar\/principal\/wp-content\/uploads\/2024\/07\/DSC07641-630x420.jpg 630w, https:\/\/www.hoymercedes.com.ar\/principal\/wp-content\/uploads\/2024\/07\/DSC07641-150x100.jpg 150w, https:\/\/www.hoymercedes.com.ar\/principal\/wp-content\/uploads\/2024\/07\/DSC07641-700x465.jpg 700w, https:\/\/www.hoymercedes.com.ar\/principal\/wp-content\/uploads\/2024\/07\/DSC07641.jpg 1319w\" sizes=\"auto, (max-width: 1024px) 100vw, 1024px\" \/><\/figure>\n\n\n\n<p>El convenio permitir\u00e1 mejorar los procesos de ense\u00f1anza y aprendizaje en el plano de la formaci\u00f3n t\u00e9cnica y laboral. El intendente Juani Ustarroz firm\u00f3 convenio con los representantes de la CGT. Desde ahora el Centro de Formaci\u00f3n Laboral 402 funcionar\u00e1 compartiendo espacios en la sede dela Sociedad de Fomento de Villa Industrial. Tambi\u00e9n ser\u00e1 muy valioso para tecnificar y formar a las y los vecinos de la zona.<\/p>\n\n\n\n<p><strong>Orgullo<\/strong><\/p>\n\n\n\n<p>El intendente Juan Ignacio Ustarroz manifest\u00f3 \u201ces un orgullo porque esto forma parte de la comunidad organizada que sabe que le va a servir al barrio y la ciudad\u201d y remarc\u00f3 \u201ces de vital importancia generar espacios para la educaci\u00f3n, formaci\u00f3n y la capacitaci\u00f3n, y que esto sea la columna vertebral de nuestro pa\u00eds y ciudad\u201d.<\/p>\n\n\n\n<p><strong>Proceso<\/strong><\/p>\n\n\n\n<p>\u201cEste es un proceso donde hoy se pone un grano de arena para edificar el futuro que necesitamos y hoy asumimos un enorme desaf\u00edo debido a los escases de recursos\u201d enfatiz\u00f3 el intendente Ustarroz.<\/p>\n\n\n\n<p>Conjuntamente, el intendente Ustarroz \u201cesto es construir realidad, esperanza y seguir so\u00f1ando con un proyecto de ciudad y pa\u00eds justo donde todos tengan su oportunidad\u201d.&nbsp;&nbsp;<\/p>\n\n\n\n<figure class=\"wp-block-embed is-type-video is-provider-youtube wp-block-embed-youtube wp-embed-aspect-16-9 wp-has-aspect-ratio\"><div class=\"wp-block-embed__wrapper\">\n<span class=\"embed-youtube\" style=\"text-align:center; display: block;\"><iframe loading=\"lazy\" class=\"youtube-player\" width=\"1200\" height=\"675\" src=\"https:\/\/www.youtube.com\/embed\/aQ_a9_DAiyA?version=3&#038;rel=1&#038;showsearch=0&#038;showinfo=1&#038;iv_load_policy=1&#038;fs=1&#038;hl=es-ES&#038;autohide=2&#038;wmode=transparent\" allowfullscreen=\"true\" style=\"border:0;\" sandbox=\"allow-scripts allow-same-origin allow-popups allow-presentation allow-popups-to-escape-sandbox\"><\/iframe><\/span>\n<\/div><\/figure>\n\n\n\n<p><strong>Educaci\u00f3n<\/strong><\/p>\n\n\n\n<p>El secretario de educaci\u00f3n municipal, Jos\u00e9 Pisano indic\u00f3 \u201ces muy importante el acto que se est\u00e1 llevando adelante hoy y el gran acompa\u00f1amiento que est\u00e1 teniendo en la firma de este convenio entre la Municipalidad de Mercedes con la CGT para que en estas instalaciones comience a funcionar este centro de formaci\u00f3n\u201d.<\/p>\n\n\n\n<p><strong>Sindicatos<\/strong><\/p>\n\n\n\n<p>Jorge Pirotta, Jorge Pirotta, respobsable del CFL N\u00b0402 agradeci\u00f3 a las diferentes entidades gremiales, mesas sectoriales y salud\u00f3 \u201cal intendente Ustarroz que sin su respaldo esto no hubiese podido llevar a cabo\u201d y apunt\u00f3 \u201cvolvemos a las fuentes y reiniciamos una nueva etapa de este centro como una aut\u00e9ntica herramienta del movimiento obrero mercedino y de la regi\u00f3n, para brindar un servicio de calidad a toda la familia trabajadora de toda la zona\u201d.<\/p>\n\n\n\n<p><strong>Articulaci\u00f3n<\/strong><\/p>\n\n\n\n<p>Por su parte, Carlos Selva dijo \u201cdesde el rol municipal esto tuvo un parto de partida hace un tiempo, donde a trav\u00e9s de distintas etapas se ha podido hacer, y el intendente Ustarroz ha sabido fortalecerlo y ponerlo como eje de discusi\u00f3n en el tema de gesti\u00f3n de Gobierno\u201d.<\/p>\n\n\n\n<p>Christian Ponce quien es inspector Jefe Distrital de Mercedes se\u00f1al\u00f3 \u201csinceramente es un placer poder estar en estas instancias donde uno ve el crecimiento y que todo marcha muy bien. Realmente poner estas capacitaciones, cursos del Centro de Formaci\u00f3n Profesional al servicio de la gente, teniendo un lugar propio para poder hacerlo, eso es sumar y pensar en un futuro de un pa\u00eds y un Mercedes distinto, lo que nos llena de orgullo\u201d.<\/p>\n\n\n\n<p>Asimismo, Mario Vi\u00f1ales declar\u00f3 \u201cquiero agradecer a todos los que trabajaron desde los diferentes lugares, estoy muy feliz y es un orgullo que se pueda cerrar este c\u00edrculo y poder demostrar que estamos unidos, con un Estado presente, un gremio presente, lo que permiti\u00f3 que esto sea una realidad\u201d.&nbsp;<\/p>\n\n\n\n<p><strong>CGT<\/strong><\/p>\n\n\n\n<p>Juan Mart\u00edn Andr\u00e9s, qui\u00e9n est\u00e1 al frente de la Asociaci\u00f3n de Empleados Fiscales y de Ingresos P\u00fablicos (AEFIP) expres\u00f3 \u201cun orgullo poder ser parte de este momento hist\u00f3rico de nuestra ciudad con este Centro de Formaci\u00f3n para que los vecinos se puedan tecnificar y tengan un futuro mejor\u201d y a\u00f1adi\u00f3 \u201choy estamos firmando un convenio para poder tener un lugar educativo de mucha importancia y val\u00eda\u201d.&nbsp;<\/p>\n","protected":false},"excerpt":{"rendered":"<p>El convenio permitir\u00e1 mejorar los procesos de ense\u00f1anza y aprendizaje en el plano de la formaci\u00f3n t\u00e9cnica y laboral. El &#8230; <a title=\"Municipio y CGT Firman convenio para potenciar Centro de Formaci\u00f3n Laboral\" class=\"read-more\" href=\"https:\/\/www.hoymercedes.com.ar\/principal\/2024\/07\/02\/municipio-y-cgt-firman-convenio-para-potenciar-centro-de-formacion-laboral\/\" aria-label=\"Leer m\u00e1s sobre Municipio y CGT Firman convenio para potenciar Centro de Formaci\u00f3n Laboral\">Leer m\u00e1s<\/a><\/p>\n","protected":false},"author":1,"featured_media":176915,"comment_status":"closed","ping_status":"open","sticky":false,"template":"","format":"standard","meta":{"_monsterinsights_skip_tracking":false,"_monsterinsights_sitenote_active":false,"_monsterinsights_sitenote_note":"","_monsterinsights_sitenote_category":0,"jetpack_post_was_ever_published":false,"_jetpack_newsletter_access":"","_jetpack_dont_email_post_to_subs":false,"_jetpack_newsletter_tier_id":0,"_jetpack_memberships_contains_paywalled_content":false,"_jetpack_memberships_contains_paid_content":false,"footnotes":"","jetpack_publicize_message":"","jetpack_publicize_feature_enabled":true,"jetpack_social_post_already_shared":true,"jetpack_social_options":{"image_generator_settings":{"template":"highway","default_image_id":0,"font":"","enabled":false},"version":2},"_wpas_customize_per_network":false},"categories":[23],"tags":[19592,19591],"class_list":["post-176914","post","type-post","status-publish","format-standard","has-post-thumbnail","hentry","category-educacion","tag-centro-de-formacion-laboral-402","tag-cgt-regional-mercedes","generate-columns","tablet-grid-50","mobile-grid-100","grid-parent","grid-50"],"jetpack_publicize_connections":[],"jetpack_featured_media_url":"https:\/\/www.hoymercedes.com.ar\/principal\/wp-content\/uploads\/2024\/07\/DSC07641.jpg","wps_subtitle":"Educaci\u00f3n y Trabajo","jetpack_sharing_enabled":true,"_links":{"self":[{"href":"https:\/\/www.hoymercedes.com.ar\/principal\/wp-json\/wp\/v2\/posts\/176914","targetHints":{"allow":["GET"]}}],"collection":[{"href":"https:\/\/www.hoymercedes.com.ar\/principal\/wp-json\/wp\/v2\/posts"}],"about":[{"href":"https:\/\/www.hoymercedes.com.ar\/principal\/wp-json\/wp\/v2\/types\/post"}],"author":[{"embeddable":true,"href":"https:\/\/www.hoymercedes.com.ar\/principal\/wp-json\/wp\/v2\/users\/1"}],"replies":[{"embeddable":true,"href":"https:\/\/www.hoymercedes.com.ar\/principal\/wp-json\/wp\/v2\/comments?post=176914"}],"version-history":[{"count":0,"href":"https:\/\/www.hoymercedes.com.ar\/principal\/wp-json\/wp\/v2\/posts\/176914\/revisions"}],"wp:featuredmedia":[{"embeddable":true,"href":"https:\/\/www.hoymercedes.com.ar\/principal\/wp-json\/wp\/v2\/media\/176915"}],"wp:attachment":[{"href":"https:\/\/www.hoymercedes.com.ar\/principal\/wp-json\/wp\/v2\/media?parent=176914"}],"wp:term":[{"taxonomy":"category","embeddable":true,"href":"https:\/\/www.hoymercedes.com.ar\/principal\/wp-json\/wp\/v2\/categories?post=176914"},{"taxonomy":"post_tag","embeddable":true,"href":"https:\/\/www.hoymercedes.com.ar\/principal\/wp-json\/wp\/v2\/tags?post=176914"}],"curies":[{"name":"wp","href":"https:\/\/api.w.org\/{rel}","templated":true}]}}