{"id":176975,"date":"2024-07-03T14:57:00","date_gmt":"2024-07-03T17:57:00","guid":{"rendered":"https:\/\/www.hoymercedes.com.ar\/principal\/?p=176975"},"modified":"2024-07-04T15:01:44","modified_gmt":"2024-07-04T18:01:44","slug":"abogados-preocupacion-por-el-funcionamiento-de-la-comision-medica-de-mercedes","status":"publish","type":"post","link":"https:\/\/www.hoymercedes.com.ar\/principal\/2024\/07\/03\/abogados-preocupacion-por-el-funcionamiento-de-la-comision-medica-de-mercedes\/","title":{"rendered":"Abogados: preocupaci\u00f3n por el funcionamiento de la Comisi\u00f3n M\u00e9dica de Mercedes"},"content":{"rendered":"\n<p><em><strong>Un relevamiento arroj\u00f3 que m\u00e1s de 400 procedimientos se encuentran pendientes de resoluci\u00f3n. Desde el Colegio de Abogados Depto. Judicial Mercedes se curs\u00f3 un reclamo a la Superintendencia de Riesgos de Trabajo a fin de obtener\u00a0 una soluci\u00f3n a esta problem\u00e1tica.<\/strong><\/em><\/p>\n\n\n<div class=\"wp-block-image\">\n<figure class=\"aligncenter size-full\"><img loading=\"lazy\" decoding=\"async\" width=\"800\" height=\"533\" data-attachment-id=\"176149\" data-permalink=\"https:\/\/www.hoymercedes.com.ar\/principal\/2024\/06\/01\/resultado-de-las-elecciones-en-el-colegio-de-abogados\/sede-abogados\/#main\" data-orig-file=\"https:\/\/www.hoymercedes.com.ar\/principal\/wp-content\/uploads\/2024\/06\/sede-abogados.jpg\" data-orig-size=\"800,533\" data-comments-opened=\"0\" data-image-meta=\"{&quot;aperture&quot;:&quot;0&quot;,&quot;credit&quot;:&quot;&quot;,&quot;camera&quot;:&quot;&quot;,&quot;caption&quot;:&quot;&quot;,&quot;created_timestamp&quot;:&quot;1449160076&quot;,&quot;copyright&quot;:&quot;&quot;,&quot;focal_length&quot;:&quot;0&quot;,&quot;iso&quot;:&quot;0&quot;,&quot;shutter_speed&quot;:&quot;0&quot;,&quot;title&quot;:&quot;&quot;,&quot;orientation&quot;:&quot;0&quot;}\" data-image-title=\"sede abogados\" data-image-description=\"\" data-image-caption=\"\" data-large-file=\"https:\/\/www.hoymercedes.com.ar\/principal\/wp-content\/uploads\/2024\/06\/sede-abogados.jpg\" src=\"https:\/\/www.hoymercedes.com.ar\/principal\/wp-content\/uploads\/2024\/06\/sede-abogados.jpg\" alt=\"\" class=\"wp-image-176149\" srcset=\"https:\/\/www.hoymercedes.com.ar\/principal\/wp-content\/uploads\/2024\/06\/sede-abogados.jpg 800w, https:\/\/www.hoymercedes.com.ar\/principal\/wp-content\/uploads\/2024\/06\/sede-abogados-630x420.jpg 630w, https:\/\/www.hoymercedes.com.ar\/principal\/wp-content\/uploads\/2024\/06\/sede-abogados-150x100.jpg 150w, https:\/\/www.hoymercedes.com.ar\/principal\/wp-content\/uploads\/2024\/06\/sede-abogados-700x465.jpg 700w\" sizes=\"auto, (max-width: 800px) 100vw, 800px\" \/><\/figure>\n<\/div>\n\n\n<p>Frente a los constantes reclamos de toda la abogac\u00eda y comunidad en torno al&nbsp; funcionamiento de la Comisi\u00f3n M\u00e9dica de Mercedes, se hace saber que, luego de un relevamiento efectuado durante junio del a\u00f1o en curso, se ha constatado la existencia de m\u00e1s de 400 procedimientos instados pendientes de resoluci\u00f3n, algunos de ellos con fecha de inicio en el mes de julio de 2023. Sumado a ello, la falta de m\u00e9dicos titulares hace que frente a requerimientos propios de los procedimientos por divergencia en el alta o en las prestaciones, los trabajadores deban trasladarse a otras Comisiones Medicas fuera de nuestro Departamento Judicial.<\/p>\n\n\n\n<p>Se presenta as\u00ed un escenario inaceptable dado que el paso previo por Comisiones Medicas ha sido ratificado recientemente por nuestra S.C.B.A. (\u201cMarchetti\u201d L 121939) como necesario a los fines de acceder al servicio de administraci\u00f3n de justicia.<\/p>\n\n\n\n<p>Desde el Colegio de Abogados del Departamento Judicial de Mercedes (CADJ Mercedes) se ha cursado nuevo reclamo formal a la Superintendencia de Riesgos de Trabajo a fin de obtener debida respuesta y soluci\u00f3n frente a la falta de correcto funcionamiento de la Comisi\u00f3n M\u00e9dica de Mercedes. A su vez, una vez culminado el nuevo relevamiento de la situaci\u00f3n presentada por la Comisi\u00f3n M\u00e9dica con asiento en Lujan \u2013similar- se habr\u00e1 de cursar igual requerimiento.<\/p>\n\n\n\n<p>De persistir la situaci\u00f3n aqu\u00ed informada, se adoptar\u00e1n las medidas y\/o acciones pertinentes en defensa del fiel funcionamiento de tan importante Servicio que debe ser brindado de manera regular por ambas Comisiones Medicas y, desde ya, tambi\u00e9n de nuestro ejercicio profesional.<\/p>\n","protected":false},"excerpt":{"rendered":"<p>Un relevamiento arroj\u00f3 que m\u00e1s de 400 procedimientos se encuentran pendientes de resoluci\u00f3n. Desde el Colegio de Abogados Depto. Judicial &#8230; <a title=\"Abogados: preocupaci\u00f3n por el funcionamiento de la Comisi\u00f3n M\u00e9dica de Mercedes\" class=\"read-more\" href=\"https:\/\/www.hoymercedes.com.ar\/principal\/2024\/07\/03\/abogados-preocupacion-por-el-funcionamiento-de-la-comision-medica-de-mercedes\/\" aria-label=\"Leer m\u00e1s sobre Abogados: preocupaci\u00f3n por el funcionamiento de la Comisi\u00f3n M\u00e9dica de Mercedes\">Leer m\u00e1s<\/a><\/p>\n","protected":false},"author":1,"featured_media":176149,"comment_status":"closed","ping_status":"open","sticky":false,"template":"","format":"standard","meta":{"_monsterinsights_skip_tracking":false,"_monsterinsights_sitenote_active":false,"_monsterinsights_sitenote_note":"","_monsterinsights_sitenote_category":0,"jetpack_post_was_ever_published":false,"_jetpack_newsletter_access":"","_jetpack_dont_email_post_to_subs":false,"_jetpack_newsletter_tier_id":0,"_jetpack_memberships_contains_paywalled_content":false,"_jetpack_memberships_contains_paid_content":false,"footnotes":"","jetpack_publicize_message":"","jetpack_publicize_feature_enabled":true,"jetpack_social_post_already_shared":true,"jetpack_social_options":{"image_generator_settings":{"template":"highway","default_image_id":0,"font":"","enabled":false},"version":2},"_wpas_customize_per_network":false},"categories":[8],"tags":[],"class_list":["post-176975","post","type-post","status-publish","format-standard","has-post-thumbnail","hentry","category-sociedad","generate-columns","tablet-grid-50","mobile-grid-100","grid-parent","grid-50"],"jetpack_publicize_connections":[],"jetpack_featured_media_url":"https:\/\/www.hoymercedes.com.ar\/principal\/wp-content\/uploads\/2024\/06\/sede-abogados.jpg","wps_subtitle":"","jetpack_sharing_enabled":true,"_links":{"self":[{"href":"https:\/\/www.hoymercedes.com.ar\/principal\/wp-json\/wp\/v2\/posts\/176975","targetHints":{"allow":["GET"]}}],"collection":[{"href":"https:\/\/www.hoymercedes.com.ar\/principal\/wp-json\/wp\/v2\/posts"}],"about":[{"href":"https:\/\/www.hoymercedes.com.ar\/principal\/wp-json\/wp\/v2\/types\/post"}],"author":[{"embeddable":true,"href":"https:\/\/www.hoymercedes.com.ar\/principal\/wp-json\/wp\/v2\/users\/1"}],"replies":[{"embeddable":true,"href":"https:\/\/www.hoymercedes.com.ar\/principal\/wp-json\/wp\/v2\/comments?post=176975"}],"version-history":[{"count":0,"href":"https:\/\/www.hoymercedes.com.ar\/principal\/wp-json\/wp\/v2\/posts\/176975\/revisions"}],"wp:featuredmedia":[{"embeddable":true,"href":"https:\/\/www.hoymercedes.com.ar\/principal\/wp-json\/wp\/v2\/media\/176149"}],"wp:attachment":[{"href":"https:\/\/www.hoymercedes.com.ar\/principal\/wp-json\/wp\/v2\/media?parent=176975"}],"wp:term":[{"taxonomy":"category","embeddable":true,"href":"https:\/\/www.hoymercedes.com.ar\/principal\/wp-json\/wp\/v2\/categories?post=176975"},{"taxonomy":"post_tag","embeddable":true,"href":"https:\/\/www.hoymercedes.com.ar\/principal\/wp-json\/wp\/v2\/tags?post=176975"}],"curies":[{"name":"wp","href":"https:\/\/api.w.org\/{rel}","templated":true}]}}