{"id":176992,"date":"2024-07-04T21:55:25","date_gmt":"2024-07-05T00:55:25","guid":{"rendered":"https:\/\/www.hoymercedes.com.ar\/principal\/?p=176992"},"modified":"2024-07-04T21:55:27","modified_gmt":"2024-07-05T00:55:27","slug":"ustarroz-visita-granja-violeta-de-los-alpes-que-esta-ampliando-su-capacidad-productiva","status":"publish","type":"post","link":"https:\/\/www.hoymercedes.com.ar\/principal\/2024\/07\/04\/ustarroz-visita-granja-violeta-de-los-alpes-que-esta-ampliando-su-capacidad-productiva\/","title":{"rendered":"Ustarroz visita Granja Violeta de los Alpes que est\u00e1 ampliando su capacidad productiva"},"content":{"rendered":"\n<figure class=\"wp-block-image size-large\"><img loading=\"lazy\" decoding=\"async\" width=\"1024\" height=\"576\" data-attachment-id=\"176993\" data-permalink=\"https:\/\/www.hoymercedes.com.ar\/principal\/2024\/07\/04\/ustarroz-visita-granja-violeta-de-los-alpes-que-esta-ampliando-su-capacidad-productiva\/img_20240702_112000144\/#main\" data-orig-file=\"https:\/\/www.hoymercedes.com.ar\/principal\/wp-content\/uploads\/2024\/07\/IMG_20240702_112000144.jpg\" data-orig-size=\"1563,879\" data-comments-opened=\"0\" data-image-meta=\"{&quot;aperture&quot;:&quot;0&quot;,&quot;credit&quot;:&quot;&quot;,&quot;camera&quot;:&quot;&quot;,&quot;caption&quot;:&quot;&quot;,&quot;created_timestamp&quot;:&quot;0&quot;,&quot;copyright&quot;:&quot;&quot;,&quot;focal_length&quot;:&quot;0&quot;,&quot;iso&quot;:&quot;0&quot;,&quot;shutter_speed&quot;:&quot;0&quot;,&quot;title&quot;:&quot;&quot;,&quot;orientation&quot;:&quot;0&quot;}\" data-image-title=\"Ustarroz visita Granja Violeta de los Alpes que est\u00e1 ampliando su capacidad productiva\" data-image-description=\"&lt;p&gt;Ustarroz visita Granja Violeta de los Alpes que est\u00e1 ampliando su capacidad productiva&lt;\/p&gt;\n\" data-image-caption=\"&lt;p&gt;Ustarroz visita Granja Violeta de los Alpes que est\u00e1 ampliando su capacidad productiva&lt;\/p&gt;\n\" data-large-file=\"https:\/\/www.hoymercedes.com.ar\/principal\/wp-content\/uploads\/2024\/07\/IMG_20240702_112000144-1024x576.jpg\" src=\"https:\/\/www.hoymercedes.com.ar\/principal\/wp-content\/uploads\/2024\/07\/IMG_20240702_112000144-1024x576.jpg\" alt=\"Ustarroz visita Granja Violeta de los Alpes que est\u00e1 ampliando su capacidad productiva\" class=\"wp-image-176993\" srcset=\"https:\/\/www.hoymercedes.com.ar\/principal\/wp-content\/uploads\/2024\/07\/IMG_20240702_112000144-1024x576.jpg 1024w, https:\/\/www.hoymercedes.com.ar\/principal\/wp-content\/uploads\/2024\/07\/IMG_20240702_112000144-630x354.jpg 630w, https:\/\/www.hoymercedes.com.ar\/principal\/wp-content\/uploads\/2024\/07\/IMG_20240702_112000144-150x84.jpg 150w, https:\/\/www.hoymercedes.com.ar\/principal\/wp-content\/uploads\/2024\/07\/IMG_20240702_112000144-1536x864.jpg 1536w, https:\/\/www.hoymercedes.com.ar\/principal\/wp-content\/uploads\/2024\/07\/IMG_20240702_112000144.jpg 1563w\" sizes=\"auto, (max-width: 1024px) 100vw, 1024px\" \/><\/figure>\n\n\n\n<p>En el marco de las vinculaciones de la Municipalidad de Mercedes con el sistema productivo de la ciudad y por medio de la Direcci\u00f3n de Producci\u00f3n el intendente Juan Ignacio Ustarroz visit\u00f3 los emprendimientos de la firma \u201cGranja Violeta de los Alpes\u201d. All\u00ed trabajan casi medio centenar de mecedinos mientras construyen una nueva f\u00e1brica.<\/p>\n\n\n\n<p><strong>Construcci\u00f3n<\/strong><\/p>\n\n\n\n<p>Junto a sus titulares y directivos recorri\u00f3 las obras de construcci\u00f3n de obras de una gran nave fabril ubicada en Ruta 41 y 62 donde se est\u00e1 trabajando exhaustivamente para la finalizar la cadena de montaje de la primera f\u00e1brica de maples de huevos de la ciudad y la zona. La misma tendr\u00e1 3 l\u00edneas de producci\u00f3n que generar\u00e1 trabajo y producci\u00f3n local que abastecer\u00e1 a la empresa y a terceros en la provincia de Buenos Aires y alrededores.<\/p>\n\n\n\n<p><strong>Producci\u00f3n<\/strong><\/p>\n\n\n\n<p>Luego, el intendente Juani Ustarroz recorri\u00f3 la granja donde la empresa lleva adelante la producci\u00f3n de huevos de campo que va desde el criadero, empaquetado y distribuci\u00f3n y explicaron desde la comuna tras la visita que \u00a0\u201cdesde Mercedes salen hacia toda la provincia donde reparten alrededor de 300 mil huevos por d\u00eda\u201d y agregaron \u201cproducci\u00f3n que se hace con mano de obra mercedina, donde generamos m\u00e1s de medio centenar de puestos de trabajo\u201d.<\/p>\n\n\n\n<figure class=\"wp-block-image size-large\"><img loading=\"lazy\" decoding=\"async\" width=\"1024\" height=\"576\" data-attachment-id=\"176994\" data-permalink=\"https:\/\/www.hoymercedes.com.ar\/principal\/2024\/07\/04\/ustarroz-visita-granja-violeta-de-los-alpes-que-esta-ampliando-su-capacidad-productiva\/img_20240702_113801603_hdr-copia\/#main\" data-orig-file=\"https:\/\/www.hoymercedes.com.ar\/principal\/wp-content\/uploads\/2024\/07\/IMG_20240702_113801603_HDR-copia.jpg\" data-orig-size=\"1563,879\" data-comments-opened=\"0\" data-image-meta=\"{&quot;aperture&quot;:&quot;0&quot;,&quot;credit&quot;:&quot;&quot;,&quot;camera&quot;:&quot;&quot;,&quot;caption&quot;:&quot;&quot;,&quot;created_timestamp&quot;:&quot;0&quot;,&quot;copyright&quot;:&quot;&quot;,&quot;focal_length&quot;:&quot;0&quot;,&quot;iso&quot;:&quot;0&quot;,&quot;shutter_speed&quot;:&quot;0&quot;,&quot;title&quot;:&quot;&quot;,&quot;orientation&quot;:&quot;0&quot;}\" data-image-title=\"Ustarroz visita Granja Violeta de los Alpes que est\u00e1 ampliando su capacidad productiva_HDR-copia\" data-image-description=\"&lt;p&gt;Ustarroz visita Granja Violeta de los Alpes que est\u00e1 ampliando su capacidad productiva&lt;\/p&gt;\n\" data-image-caption=\"&lt;p&gt;Ustarroz visita Granja Violeta de los Alpes que est\u00e1 ampliando su capacidad productiva&lt;\/p&gt;\n\" data-large-file=\"https:\/\/www.hoymercedes.com.ar\/principal\/wp-content\/uploads\/2024\/07\/IMG_20240702_113801603_HDR-copia-1024x576.jpg\" src=\"https:\/\/www.hoymercedes.com.ar\/principal\/wp-content\/uploads\/2024\/07\/IMG_20240702_113801603_HDR-copia-1024x576.jpg\" alt=\"\" class=\"wp-image-176994\" srcset=\"https:\/\/www.hoymercedes.com.ar\/principal\/wp-content\/uploads\/2024\/07\/IMG_20240702_113801603_HDR-copia-1024x576.jpg 1024w, https:\/\/www.hoymercedes.com.ar\/principal\/wp-content\/uploads\/2024\/07\/IMG_20240702_113801603_HDR-copia-630x354.jpg 630w, https:\/\/www.hoymercedes.com.ar\/principal\/wp-content\/uploads\/2024\/07\/IMG_20240702_113801603_HDR-copia-150x84.jpg 150w, https:\/\/www.hoymercedes.com.ar\/principal\/wp-content\/uploads\/2024\/07\/IMG_20240702_113801603_HDR-copia-1536x864.jpg 1536w, https:\/\/www.hoymercedes.com.ar\/principal\/wp-content\/uploads\/2024\/07\/IMG_20240702_113801603_HDR-copia.jpg 1563w\" sizes=\"auto, (max-width: 1024px) 100vw, 1024px\" \/><\/figure>\n\n\n\n<p>A su vez, Ustarroz felicit\u00f3 a los emprendedores por los avances obtenidos en materia de producci\u00f3n e inversi\u00f3n local y agradeci\u00f3 por \u201ccontinuar apostando en nuestro partido generando producci\u00f3n y empleo mercedino\u201d.<\/p>\n","protected":false},"excerpt":{"rendered":"<p>En el marco de las vinculaciones de la Municipalidad de Mercedes con el sistema productivo de la ciudad y por &#8230; <a title=\"Ustarroz visita Granja Violeta de los Alpes que est\u00e1 ampliando su capacidad productiva\" class=\"read-more\" href=\"https:\/\/www.hoymercedes.com.ar\/principal\/2024\/07\/04\/ustarroz-visita-granja-violeta-de-los-alpes-que-esta-ampliando-su-capacidad-productiva\/\" aria-label=\"Leer m\u00e1s sobre Ustarroz visita Granja Violeta de los Alpes que est\u00e1 ampliando su capacidad productiva\">Leer m\u00e1s<\/a><\/p>\n","protected":false},"author":1,"featured_media":176994,"comment_status":"closed","ping_status":"open","sticky":false,"template":"","format":"standard","meta":{"_monsterinsights_skip_tracking":false,"_monsterinsights_sitenote_active":false,"_monsterinsights_sitenote_note":"","_monsterinsights_sitenote_category":0,"jetpack_post_was_ever_published":false,"_jetpack_newsletter_access":"","_jetpack_dont_email_post_to_subs":false,"_jetpack_newsletter_tier_id":0,"_jetpack_memberships_contains_paywalled_content":false,"_jetpack_memberships_contains_paid_content":false,"footnotes":"","jetpack_publicize_message":"","jetpack_publicize_feature_enabled":true,"jetpack_social_post_already_shared":true,"jetpack_social_options":{"image_generator_settings":{"template":"highway","default_image_id":0,"font":"","enabled":false},"version":2},"_wpas_customize_per_network":false},"categories":[8],"tags":[19594,19595],"class_list":["post-176992","post","type-post","status-publish","format-standard","has-post-thumbnail","hentry","category-sociedad","tag-granja-violeta-de-los-alpes","tag-produccion-mercedina","generate-columns","tablet-grid-50","mobile-grid-100","grid-parent","grid-50"],"jetpack_publicize_connections":[],"jetpack_featured_media_url":"https:\/\/www.hoymercedes.com.ar\/principal\/wp-content\/uploads\/2024\/07\/IMG_20240702_113801603_HDR-copia.jpg","wps_subtitle":"Producci\u00f3n local ","jetpack_sharing_enabled":true,"_links":{"self":[{"href":"https:\/\/www.hoymercedes.com.ar\/principal\/wp-json\/wp\/v2\/posts\/176992","targetHints":{"allow":["GET"]}}],"collection":[{"href":"https:\/\/www.hoymercedes.com.ar\/principal\/wp-json\/wp\/v2\/posts"}],"about":[{"href":"https:\/\/www.hoymercedes.com.ar\/principal\/wp-json\/wp\/v2\/types\/post"}],"author":[{"embeddable":true,"href":"https:\/\/www.hoymercedes.com.ar\/principal\/wp-json\/wp\/v2\/users\/1"}],"replies":[{"embeddable":true,"href":"https:\/\/www.hoymercedes.com.ar\/principal\/wp-json\/wp\/v2\/comments?post=176992"}],"version-history":[{"count":0,"href":"https:\/\/www.hoymercedes.com.ar\/principal\/wp-json\/wp\/v2\/posts\/176992\/revisions"}],"wp:featuredmedia":[{"embeddable":true,"href":"https:\/\/www.hoymercedes.com.ar\/principal\/wp-json\/wp\/v2\/media\/176994"}],"wp:attachment":[{"href":"https:\/\/www.hoymercedes.com.ar\/principal\/wp-json\/wp\/v2\/media?parent=176992"}],"wp:term":[{"taxonomy":"category","embeddable":true,"href":"https:\/\/www.hoymercedes.com.ar\/principal\/wp-json\/wp\/v2\/categories?post=176992"},{"taxonomy":"post_tag","embeddable":true,"href":"https:\/\/www.hoymercedes.com.ar\/principal\/wp-json\/wp\/v2\/tags?post=176992"}],"curies":[{"name":"wp","href":"https:\/\/api.w.org\/{rel}","templated":true}]}}