{"id":177023,"date":"2024-07-06T14:29:42","date_gmt":"2024-07-06T17:29:42","guid":{"rendered":"https:\/\/www.hoymercedes.com.ar\/principal\/?p=177023"},"modified":"2024-07-06T14:29:44","modified_gmt":"2024-07-06T17:29:44","slug":"tres-peliculas-para-el-fin-de-semana-2","status":"publish","type":"post","link":"https:\/\/www.hoymercedes.com.ar\/principal\/2024\/07\/06\/tres-peliculas-para-el-fin-de-semana-2\/","title":{"rendered":"Tres pel\u00edculas para el fin de semana"},"content":{"rendered":"\n<p>Desde el viernes 5 al martes 9 de julio, el Cine Mercedes presentar\u00e1 en su pantalla grande tres pel\u00edculas. Contin\u00faan los \u00e9xitos Mi Villano Favorito e Intensamente, y estrenan Un Lugar en Silencio D\u00eda 1. Mir\u00e1 los horarios. <\/p>\n\n\n<div class=\"wp-block-image\">\n<figure class=\"aligncenter size-large\"><img loading=\"lazy\" decoding=\"async\" width=\"726\" height=\"1024\" data-attachment-id=\"177024\" data-permalink=\"https:\/\/www.hoymercedes.com.ar\/principal\/2024\/07\/06\/tres-peliculas-para-el-fin-de-semana-2\/gacetilla-cine-mercedes-23-3\/#main\" data-orig-file=\"https:\/\/www.hoymercedes.com.ar\/principal\/wp-content\/uploads\/2024\/07\/Gacetilla-Cine-Mercedes-23.jpg\" data-orig-size=\"827,1167\" data-comments-opened=\"0\" data-image-meta=\"{&quot;aperture&quot;:&quot;0&quot;,&quot;credit&quot;:&quot;&quot;,&quot;camera&quot;:&quot;&quot;,&quot;caption&quot;:&quot;&quot;,&quot;created_timestamp&quot;:&quot;0&quot;,&quot;copyright&quot;:&quot;&quot;,&quot;focal_length&quot;:&quot;0&quot;,&quot;iso&quot;:&quot;0&quot;,&quot;shutter_speed&quot;:&quot;0&quot;,&quot;title&quot;:&quot;&quot;,&quot;orientation&quot;:&quot;1&quot;}\" data-image-title=\"Gacetilla Cine Mercedes (23)\" data-image-description=\"\" data-image-caption=\"\" data-large-file=\"https:\/\/www.hoymercedes.com.ar\/principal\/wp-content\/uploads\/2024\/07\/Gacetilla-Cine-Mercedes-23-726x1024.jpg\" src=\"https:\/\/www.hoymercedes.com.ar\/principal\/wp-content\/uploads\/2024\/07\/Gacetilla-Cine-Mercedes-23-726x1024.jpg\" alt=\"\" class=\"wp-image-177024\" srcset=\"https:\/\/www.hoymercedes.com.ar\/principal\/wp-content\/uploads\/2024\/07\/Gacetilla-Cine-Mercedes-23-726x1024.jpg 726w, https:\/\/www.hoymercedes.com.ar\/principal\/wp-content\/uploads\/2024\/07\/Gacetilla-Cine-Mercedes-23-439x620.jpg 439w, https:\/\/www.hoymercedes.com.ar\/principal\/wp-content\/uploads\/2024\/07\/Gacetilla-Cine-Mercedes-23-106x150.jpg 106w, https:\/\/www.hoymercedes.com.ar\/principal\/wp-content\/uploads\/2024\/07\/Gacetilla-Cine-Mercedes-23.jpg 827w\" sizes=\"auto, (max-width: 726px) 100vw, 726px\" \/><\/figure>\n<\/div>","protected":false},"excerpt":{"rendered":"<p>Desde el viernes 5 al martes 9 de julio, el Cine Mercedes presentar\u00e1 en su pantalla grande tres pel\u00edculas. Contin\u00faan &#8230; <a title=\"Tres pel\u00edculas para el fin de semana\" class=\"read-more\" href=\"https:\/\/www.hoymercedes.com.ar\/principal\/2024\/07\/06\/tres-peliculas-para-el-fin-de-semana-2\/\" aria-label=\"Leer m\u00e1s sobre Tres pel\u00edculas para el fin de semana\">Leer m\u00e1s<\/a><\/p>\n","protected":false},"author":1,"featured_media":177025,"comment_status":"closed","ping_status":"open","sticky":false,"template":"","format":"standard","meta":{"_monsterinsights_skip_tracking":false,"_monsterinsights_sitenote_active":false,"_monsterinsights_sitenote_note":"","_monsterinsights_sitenote_category":0,"jetpack_post_was_ever_published":false,"_jetpack_newsletter_access":"","_jetpack_dont_email_post_to_subs":false,"_jetpack_newsletter_tier_id":0,"_jetpack_memberships_contains_paywalled_content":false,"_jetpack_memberships_contains_paid_content":false,"footnotes":"","jetpack_publicize_message":"","jetpack_publicize_feature_enabled":true,"jetpack_social_post_already_shared":true,"jetpack_social_options":{"image_generator_settings":{"template":"highway","default_image_id":0,"font":"","enabled":false},"version":2},"_wpas_customize_per_network":false},"categories":[104],"tags":[7805],"class_list":["post-177023","post","type-post","status-publish","format-standard","has-post-thumbnail","hentry","category-cultura","tag-cultura","generate-columns","tablet-grid-50","mobile-grid-100","grid-parent","grid-50"],"jetpack_publicize_connections":[],"jetpack_featured_media_url":"https:\/\/www.hoymercedes.com.ar\/principal\/wp-content\/uploads\/2024\/07\/AQP-D1.jpg","wps_subtitle":"","jetpack_sharing_enabled":true,"_links":{"self":[{"href":"https:\/\/www.hoymercedes.com.ar\/principal\/wp-json\/wp\/v2\/posts\/177023","targetHints":{"allow":["GET"]}}],"collection":[{"href":"https:\/\/www.hoymercedes.com.ar\/principal\/wp-json\/wp\/v2\/posts"}],"about":[{"href":"https:\/\/www.hoymercedes.com.ar\/principal\/wp-json\/wp\/v2\/types\/post"}],"author":[{"embeddable":true,"href":"https:\/\/www.hoymercedes.com.ar\/principal\/wp-json\/wp\/v2\/users\/1"}],"replies":[{"embeddable":true,"href":"https:\/\/www.hoymercedes.com.ar\/principal\/wp-json\/wp\/v2\/comments?post=177023"}],"version-history":[{"count":0,"href":"https:\/\/www.hoymercedes.com.ar\/principal\/wp-json\/wp\/v2\/posts\/177023\/revisions"}],"wp:featuredmedia":[{"embeddable":true,"href":"https:\/\/www.hoymercedes.com.ar\/principal\/wp-json\/wp\/v2\/media\/177025"}],"wp:attachment":[{"href":"https:\/\/www.hoymercedes.com.ar\/principal\/wp-json\/wp\/v2\/media?parent=177023"}],"wp:term":[{"taxonomy":"category","embeddable":true,"href":"https:\/\/www.hoymercedes.com.ar\/principal\/wp-json\/wp\/v2\/categories?post=177023"},{"taxonomy":"post_tag","embeddable":true,"href":"https:\/\/www.hoymercedes.com.ar\/principal\/wp-json\/wp\/v2\/tags?post=177023"}],"curies":[{"name":"wp","href":"https:\/\/api.w.org\/{rel}","templated":true}]}}