{"id":17706,"date":"2012-11-09T03:46:03","date_gmt":"2012-11-09T03:46:03","guid":{"rendered":"http:\/\/www.hoymercedes.com.ar\/principal\/?p=17706"},"modified":"2012-11-09T03:46:15","modified_gmt":"2012-11-09T03:46:15","slug":"benitez-el-progresismo-en-definitiva-intenta-romper-las-jerarquias-sociales","status":"publish","type":"post","link":"https:\/\/www.hoymercedes.com.ar\/principal\/2012\/11\/09\/benitez-el-progresismo-en-definitiva-intenta-romper-las-jerarquias-sociales\/","title":{"rendered":"Ben\u00edtez: \u00abEl progresismo, en definitiva, intenta romper las jerarqu\u00edas sociales\u00bb"},"content":{"rendered":"<p><a href=\"https:\/\/www.hoymercedes.com.ar\/principal\/wp-content\/uploads\/2012\/11\/benitez.jpg\"><img loading=\"lazy\" decoding=\"async\" data-attachment-id=\"17708\" data-permalink=\"https:\/\/www.hoymercedes.com.ar\/principal\/2012\/11\/09\/benitez-el-progresismo-en-definitiva-intenta-romper-las-jerarquias-sociales\/sanyo-digital-camera-11\/#main\" data-orig-file=\"https:\/\/www.hoymercedes.com.ar\/principal\/wp-content\/uploads\/2012\/11\/benitez.jpg\" data-orig-size=\"616,253\" data-comments-opened=\"1\" data-image-meta=\"{&quot;aperture&quot;:&quot;2.8&quot;,&quot;credit&quot;:&quot;&quot;,&quot;camera&quot;:&quot;S770&quot;,&quot;caption&quot;:&quot;&quot;,&quot;created_timestamp&quot;:&quot;1200875589&quot;,&quot;copyright&quot;:&quot;&quot;,&quot;focal_length&quot;:&quot;5.8&quot;,&quot;iso&quot;:&quot;80&quot;,&quot;shutter_speed&quot;:&quot;0.002185&quot;,&quot;title&quot;:&quot;SANYO DIGITAL CAMERA&quot;}\" data-image-title=\"SANYO DIGITAL CAMERA\" data-image-description=\"\" data-image-caption=\"\" data-large-file=\"https:\/\/www.hoymercedes.com.ar\/principal\/wp-content\/uploads\/2012\/11\/benitez.jpg\" class=\"aligncenter size-full wp-image-17708\" title=\"SANYO DIGITAL CAMERA\" src=\"https:\/\/www.hoymercedes.com.ar\/principal\/wp-content\/uploads\/2012\/11\/benitez.jpg\" alt=\"\" width=\"616\" height=\"253\" \/><\/a><\/p>\n<p>Este vienes a partir de las 19.00hs en el Concejo Deliberante se llevar\u00e1 a cabo la denominada \u00abaudiencia p\u00fablica por la seguridad\u00bb impulsada dentro del cuerpo deliberativo por el bloque de Uni\u00f3n Pro. Uno de los referentes de dicho bloque, Juan Carlos Benitez dialog\u00f3 con HoyMercedes y nos coment\u00f3 motivos, acciones potenciales, propuestas y un an\u00e1lisis de lo que entiende debe ser el rol institucional del Estado y las fuerzas de seguridad. La\u00a0audiencia\u00a0es libre, p\u00fablica y se invita a la ciudadan\u00eda a ser parte de ella.<\/p>\n<p>Benitez sostuvo: \u00a0\u201cDesde hace tiempo vimos que un tema de gran preocupaci\u00f3n en la sociedad y en los mercedinos en la seguridad. Esas razones han sido reforzadas a trav\u00e9s de sucesivos medios de comunicaci\u00f3n que transmiten las informaciones de los sucesivos actos delictivos que suceden en la ciudad de Mercedes, la zona rural, la urbana, secuestros moment\u00e1neos, asesinatos, robos de menor val\u00eda, etc. Es una preocupaci\u00f3n donde vimos hace pocos d\u00edas una inundaci\u00f3n en las zonas ribere\u00f1as donde vive gente modesta que no se quer\u00eda retirar de sus lugares por el temor que le surg\u00eda dejar sus lugares por estar a merced del delito sosteniendo que si el agua los arruina tienen posibilidad de rep\u00e1ralos pero si se los llevan ninguna posibilidad. Es una cuesti\u00f3n que avanza por aquellas cosas a las que uno le ha costado conseguir o tiene un valor especial, etc. Eso nos llev\u00f3 a que present\u00e1ramos esta audiencia p\u00fablica donde la gente pueda expresar lo que le sucedi\u00f3, donde las autoridades policiales, judiciales pudieran hacer o\u00eddos, pero, a la vez como una manera de facilitar una propuesta de los vecinos por eso pedido al presidente del Concejo Deliberante grabe para que las cosas queden y no se las lleve el viento y que el Concejo tome cartas en el asunto.\u201d<\/p>\n<p>Consultado sobre el rol que ellos, como uno de los principales grupos impulsores del asunto tendr\u00eda comento que: \u201cNuestro bloque por medio del Concejal Aristi vamos a hacer una propuesta que no va a cambiar en 180 grados el tenor de la seguridad en Mercedes, pero es un aporte y creemos, estamos convencidos, que es un aporte valioso que va a modificar en algo porque se trata desde los distintos espacios que cubren desde la polic\u00eda a la municipalidad. El intendente est\u00e1 enterado, tenemos alg\u00fan tipo de aceptaci\u00f3n y veremos si la gente lo toma como propio. Sabemos que en este tema el poder pol\u00edtico tiene una gran responsabilidad, enorme responsabilidad, m\u00e1s que el poder policial y judicial. Las polic\u00edas est\u00e1n a cargo de los operativos, pero, es el pol\u00edtico el que observa, nomina y en definitiva termina de consolidar una autoridad policial. Es a trav\u00e9s de \u00e9l que se respaldan, por ejemplo, a quienes son jueces, entonces, la mayor responsabilidad empieza con el poder pol\u00edtico.\u201d<\/p>\n<p>Por \u00faltimo, coment\u00f3 que desde la \u00f3ptica que ellos manejan: \u201cLa primera responsabilidad est\u00e1 en el presupuesto, si no hay uno donde la actividad policial est\u00e9 respaldada en su salario, su capacitaci\u00f3n, sus veh\u00edculos, en todo, no tiene sentido que hablemos de ello. Hay un tema y es presupuestario y la capacitaci\u00f3n porque a\u00fan las brutalidades que cometi\u00f3 la polic\u00eda, que las ha hecho, son responsabilidades del poder pol\u00edtico. Lo que se trata es de obtener nuevamente la confianza de la poblaci\u00f3n. Es poco entendible que alguien que lleva un uniforme por el s\u00f3lo echo de llevarlo reciba el rechazo de parte de la sociedad, creemos debe ser algo revertido. No es algo que no nace ahora, no es de este gobierno municipal, provincial y ni siquiera nacional. Es de una concepci\u00f3n pol\u00edtica que se viene acumulando desde hace much\u00edsimos a\u00f1os, m\u00e1s de 60 a\u00f1os desde el llamado progresismo. Ac\u00e1 lo que el progresismo ha hecho es un derribamiento de barreras institucionales que el mundo occidental ha tenido. Han agredido y derribado aquello que protege de la agresi\u00f3n al otro y proviene de una concepci\u00f3n pol\u00edtica de este llamado progresismo. Se tiene que restablecer la confianza entre la polic\u00eda y la sociedad. Se puede tener alg\u00fan resquemor o no, pero, en momentos de necesidad los llamamos a ellos. El progresismo, en definitiva, intenta romper las jerarqu\u00edas sociales.\u201d<\/p>\n<p>&nbsp;<\/p>\n","protected":false},"excerpt":{"rendered":"<p>Este vienes a partir de las 19.00hs en el Concejo Deliberante se llevar\u00e1 a cabo la denominada \u00abaudiencia p\u00fablica por &#8230; <a title=\"Ben\u00edtez: \u00abEl progresismo, en definitiva, intenta romper las jerarqu\u00edas sociales\u00bb\" class=\"read-more\" href=\"https:\/\/www.hoymercedes.com.ar\/principal\/2012\/11\/09\/benitez-el-progresismo-en-definitiva-intenta-romper-las-jerarquias-sociales\/\" aria-label=\"Leer m\u00e1s sobre Ben\u00edtez: \u00abEl progresismo, en definitiva, intenta romper las jerarqu\u00edas sociales\u00bb\">Leer m\u00e1s<\/a><\/p>\n","protected":false},"author":1,"featured_media":0,"comment_status":"open","ping_status":"open","sticky":false,"template":"","format":"standard","meta":{"_monsterinsights_skip_tracking":false,"_monsterinsights_sitenote_active":false,"_monsterinsights_sitenote_note":"","_monsterinsights_sitenote_category":0,"jetpack_post_was_ever_published":false,"_jetpack_newsletter_access":"","_jetpack_dont_email_post_to_subs":false,"_jetpack_newsletter_tier_id":0,"_jetpack_memberships_contains_paywalled_content":false,"_jetpack_memberships_contains_paid_content":false,"footnotes":"","jetpack_publicize_message":"","jetpack_publicize_feature_enabled":true,"jetpack_social_post_already_shared":false,"jetpack_social_options":{"image_generator_settings":{"template":"highway","default_image_id":0,"font":"","enabled":false},"version":2},"_wpas_customize_per_network":false},"categories":[5],"tags":[2954,313,864],"class_list":["post-17706","post","type-post","status-publish","format-standard","hentry","category-politica","tag-audiencia-publica-mercedes","tag-juan-carlos-benitez","tag-seguridad-mercedes","generate-columns","tablet-grid-50","mobile-grid-100","grid-parent","grid-50"],"jetpack_publicize_connections":[],"jetpack_featured_media_url":"","wps_subtitle":"","jetpack_sharing_enabled":true,"_links":{"self":[{"href":"https:\/\/www.hoymercedes.com.ar\/principal\/wp-json\/wp\/v2\/posts\/17706","targetHints":{"allow":["GET"]}}],"collection":[{"href":"https:\/\/www.hoymercedes.com.ar\/principal\/wp-json\/wp\/v2\/posts"}],"about":[{"href":"https:\/\/www.hoymercedes.com.ar\/principal\/wp-json\/wp\/v2\/types\/post"}],"author":[{"embeddable":true,"href":"https:\/\/www.hoymercedes.com.ar\/principal\/wp-json\/wp\/v2\/users\/1"}],"replies":[{"embeddable":true,"href":"https:\/\/www.hoymercedes.com.ar\/principal\/wp-json\/wp\/v2\/comments?post=17706"}],"version-history":[{"count":0,"href":"https:\/\/www.hoymercedes.com.ar\/principal\/wp-json\/wp\/v2\/posts\/17706\/revisions"}],"wp:attachment":[{"href":"https:\/\/www.hoymercedes.com.ar\/principal\/wp-json\/wp\/v2\/media?parent=17706"}],"wp:term":[{"taxonomy":"category","embeddable":true,"href":"https:\/\/www.hoymercedes.com.ar\/principal\/wp-json\/wp\/v2\/categories?post=17706"},{"taxonomy":"post_tag","embeddable":true,"href":"https:\/\/www.hoymercedes.com.ar\/principal\/wp-json\/wp\/v2\/tags?post=17706"}],"curies":[{"name":"wp","href":"https:\/\/api.w.org\/{rel}","templated":true}]}}