{"id":177095,"date":"2024-07-09T16:53:00","date_gmt":"2024-07-09T19:53:00","guid":{"rendered":"https:\/\/www.hoymercedes.com.ar\/principal\/?p=177095"},"modified":"2024-07-09T12:57:58","modified_gmt":"2024-07-09T15:57:58","slug":"cgt-mercedes-participo-de-una-jornada-por-la-erradicacion-del-trabajo-infantil","status":"publish","type":"post","link":"https:\/\/www.hoymercedes.com.ar\/principal\/2024\/07\/09\/cgt-mercedes-participo-de-una-jornada-por-la-erradicacion-del-trabajo-infantil\/","title":{"rendered":"CGT Mercedes particip\u00f3 de una jornada por la erradicaci\u00f3n del trabajo infantil"},"content":{"rendered":"\n<figure class=\"wp-block-image size-large\"><img loading=\"lazy\" decoding=\"async\" width=\"1024\" height=\"682\" data-attachment-id=\"177096\" data-permalink=\"https:\/\/www.hoymercedes.com.ar\/principal\/2024\/07\/09\/cgt-mercedes-participo-de-una-jornada-por-la-erradicacion-del-trabajo-infantil\/erradicacion-del-trabajo-infantil\/#main\" data-orig-file=\"https:\/\/www.hoymercedes.com.ar\/principal\/wp-content\/uploads\/2024\/07\/Erradicacion-del-Trabajo-Infantil.jpeg\" data-orig-size=\"1600,1066\" data-comments-opened=\"0\" data-image-meta=\"{&quot;aperture&quot;:&quot;0&quot;,&quot;credit&quot;:&quot;&quot;,&quot;camera&quot;:&quot;&quot;,&quot;caption&quot;:&quot;&quot;,&quot;created_timestamp&quot;:&quot;0&quot;,&quot;copyright&quot;:&quot;&quot;,&quot;focal_length&quot;:&quot;0&quot;,&quot;iso&quot;:&quot;0&quot;,&quot;shutter_speed&quot;:&quot;0&quot;,&quot;title&quot;:&quot;&quot;,&quot;orientation&quot;:&quot;0&quot;}\" data-image-title=\"Erradicacion-del-Trabajo-Infantil\" data-image-description=\"&lt;p&gt;CGT Mercedes particip\u00f3 de una jornada por la erradicaci\u00f3n del trabajo infantil&lt;\/p&gt;\n\" data-image-caption=\"&lt;p&gt;CGT Mercedes particip\u00f3 de una jornada por la erradicaci\u00f3n del trabajo infantil&lt;\/p&gt;\n\" data-large-file=\"https:\/\/www.hoymercedes.com.ar\/principal\/wp-content\/uploads\/2024\/07\/Erradicacion-del-Trabajo-Infantil-1024x682.jpeg\" src=\"https:\/\/www.hoymercedes.com.ar\/principal\/wp-content\/uploads\/2024\/07\/Erradicacion-del-Trabajo-Infantil-1024x682.jpeg\" alt=\"CGT Mercedes particip\u00f3 de una jornada por la erradicaci\u00f3n del trabajo infantil\" class=\"wp-image-177096\" srcset=\"https:\/\/www.hoymercedes.com.ar\/principal\/wp-content\/uploads\/2024\/07\/Erradicacion-del-Trabajo-Infantil-1024x682.jpeg 1024w, https:\/\/www.hoymercedes.com.ar\/principal\/wp-content\/uploads\/2024\/07\/Erradicacion-del-Trabajo-Infantil-630x420.jpeg 630w, https:\/\/www.hoymercedes.com.ar\/principal\/wp-content\/uploads\/2024\/07\/Erradicacion-del-Trabajo-Infantil-150x100.jpeg 150w, https:\/\/www.hoymercedes.com.ar\/principal\/wp-content\/uploads\/2024\/07\/Erradicacion-del-Trabajo-Infantil-1536x1023.jpeg 1536w, https:\/\/www.hoymercedes.com.ar\/principal\/wp-content\/uploads\/2024\/07\/Erradicacion-del-Trabajo-Infantil-700x465.jpeg 700w, https:\/\/www.hoymercedes.com.ar\/principal\/wp-content\/uploads\/2024\/07\/Erradicacion-del-Trabajo-Infantil.jpeg 1600w\" sizes=\"auto, (max-width: 1024px) 100vw, 1024px\" \/><\/figure>\n\n\n\n<p>Representantes de la CGT Regional Mercedes\/Navarro\/S.A. de Giles participaron de una jornada para el fortalecimiento de las infancias de la Familia Ladrillera, en el Espacio de Cuidados que la UOLRA tiene en Cucull\u00fa, partido de San Andr\u00e9s de Giles.<\/p>\n\n\n\n<p><br>Desde la Confederaci\u00f3n General Regional destacaron que fueron invitados por su Secretaria de Econom\u00eda Popular, representante de UOLRA, Noem\u00ed L\u00f3pez Guerrero.<\/p>\n\n\n\n<p><br>El evento, desarrollado el s\u00e1bado 6 de julio, \u00a0se vivi\u00f3 en el Espacio de Cuidados \u201cLos \u00fanicos privilegiados son los ni\u00f1os\u201d, \u00a0que el sindicato ladrillero tiene en la mencionada localidad. El mismo se efectu\u00f3 en el marco del programa de prevenci\u00f3n y erradicaci\u00f3n de Trabajo Infantil de la COPRETI de la provincia de Buenos Aires.<\/p>\n\n\n\n<p><br>Estuvieron presentes el Ministro de Trabajo y Presidente de la Copreti, Walter Correa, junto al Intendente de San Andr\u00e9s de Giles, Miguel Gesualdi; el Secretario General de la UOLRA, Luis Caceres; el Secretario Gremial y coordinador de Erradicaci\u00f3n de Trabajo Infantil, Norberto Ismael Cafasso; el Secretario Ejecutivo de la COPRETI, Nicol\u00e1s Vi\u00f1es; el Delegado Regional por el Ministerio, Fabi\u00e1n D\u00edaz y el Delegado Regional de la CGT Juan Mart\u00edn Andr\u00e9s, junto a integrantes de la conducci\u00f3n gremial.<\/p>\n\n\n\n<p><br>El Delegado Regional de la CGT Mercedes, Juan Mart\u00edn Andr\u00e9s, destac\u00f3 la importancia del encuentro, donde se \u201cvivenci\u00f3 claramente el trabajo en conjunto de la organizaci\u00f3n sindical, un estado provincial y local presente\u201d.<br>\u201cNosotros como movimiento obrero, acompa\u00f1amos y acompa\u00f1aremos siempre este tipo de acciones, en este una labor de vital importancia, como los es la preocupaci\u00f3n concreta de la erradicaci\u00f3n del trabajo infantil\u201d, enfatiz\u00f3 Andr\u00e9s.<\/p>\n\n\n\n<p><\/p>\n","protected":false},"excerpt":{"rendered":"<p>Representantes de la CGT Regional Mercedes\/Navarro\/S.A. de Giles participaron de una jornada para el fortalecimiento de las infancias de la &#8230; <a title=\"CGT Mercedes particip\u00f3 de una jornada por la erradicaci\u00f3n del trabajo infantil\" class=\"read-more\" href=\"https:\/\/www.hoymercedes.com.ar\/principal\/2024\/07\/09\/cgt-mercedes-participo-de-una-jornada-por-la-erradicacion-del-trabajo-infantil\/\" aria-label=\"Leer m\u00e1s sobre CGT Mercedes particip\u00f3 de una jornada por la erradicaci\u00f3n del trabajo infantil\">Leer m\u00e1s<\/a><\/p>\n","protected":false},"author":1,"featured_media":177096,"comment_status":"closed","ping_status":"open","sticky":false,"template":"","format":"standard","meta":{"_monsterinsights_skip_tracking":false,"_monsterinsights_sitenote_active":false,"_monsterinsights_sitenote_note":"","_monsterinsights_sitenote_category":0,"jetpack_post_was_ever_published":false,"_jetpack_newsletter_access":"","_jetpack_dont_email_post_to_subs":false,"_jetpack_newsletter_tier_id":0,"_jetpack_memberships_contains_paywalled_content":false,"_jetpack_memberships_contains_paid_content":false,"footnotes":"","jetpack_publicize_message":"","jetpack_publicize_feature_enabled":true,"jetpack_social_post_already_shared":true,"jetpack_social_options":{"image_generator_settings":{"template":"highway","default_image_id":0,"font":"","enabled":false},"version":2},"_wpas_customize_per_network":false},"categories":[8],"tags":[18954],"class_list":["post-177095","post","type-post","status-publish","format-standard","has-post-thumbnail","hentry","category-sociedad","tag-cgt-mercedes","generate-columns","tablet-grid-50","mobile-grid-100","grid-parent","grid-50"],"jetpack_publicize_connections":[],"jetpack_featured_media_url":"https:\/\/www.hoymercedes.com.ar\/principal\/wp-content\/uploads\/2024\/07\/Erradicacion-del-Trabajo-Infantil.jpeg","wps_subtitle":"Gremios","jetpack_sharing_enabled":true,"_links":{"self":[{"href":"https:\/\/www.hoymercedes.com.ar\/principal\/wp-json\/wp\/v2\/posts\/177095","targetHints":{"allow":["GET"]}}],"collection":[{"href":"https:\/\/www.hoymercedes.com.ar\/principal\/wp-json\/wp\/v2\/posts"}],"about":[{"href":"https:\/\/www.hoymercedes.com.ar\/principal\/wp-json\/wp\/v2\/types\/post"}],"author":[{"embeddable":true,"href":"https:\/\/www.hoymercedes.com.ar\/principal\/wp-json\/wp\/v2\/users\/1"}],"replies":[{"embeddable":true,"href":"https:\/\/www.hoymercedes.com.ar\/principal\/wp-json\/wp\/v2\/comments?post=177095"}],"version-history":[{"count":0,"href":"https:\/\/www.hoymercedes.com.ar\/principal\/wp-json\/wp\/v2\/posts\/177095\/revisions"}],"wp:featuredmedia":[{"embeddable":true,"href":"https:\/\/www.hoymercedes.com.ar\/principal\/wp-json\/wp\/v2\/media\/177096"}],"wp:attachment":[{"href":"https:\/\/www.hoymercedes.com.ar\/principal\/wp-json\/wp\/v2\/media?parent=177095"}],"wp:term":[{"taxonomy":"category","embeddable":true,"href":"https:\/\/www.hoymercedes.com.ar\/principal\/wp-json\/wp\/v2\/categories?post=177095"},{"taxonomy":"post_tag","embeddable":true,"href":"https:\/\/www.hoymercedes.com.ar\/principal\/wp-json\/wp\/v2\/tags?post=177095"}],"curies":[{"name":"wp","href":"https:\/\/api.w.org\/{rel}","templated":true}]}}