{"id":177109,"date":"2024-07-09T21:00:46","date_gmt":"2024-07-10T00:00:46","guid":{"rendered":"https:\/\/www.hoymercedes.com.ar\/principal\/?p=177109"},"modified":"2024-07-09T21:00:47","modified_gmt":"2024-07-10T00:00:47","slug":"grave-incendio-en-la-localidad-de-gowland","status":"publish","type":"post","link":"https:\/\/www.hoymercedes.com.ar\/principal\/2024\/07\/09\/grave-incendio-en-la-localidad-de-gowland\/","title":{"rendered":"Grave incendio en la localidad de Gowland"},"content":{"rendered":"\n<figure class=\"wp-block-image size-large\"><img loading=\"lazy\" decoding=\"async\" width=\"1024\" height=\"576\" data-attachment-id=\"177110\" data-permalink=\"https:\/\/www.hoymercedes.com.ar\/principal\/2024\/07\/09\/grave-incendio-en-la-localidad-de-gowland\/incendio-gowland\/#main\" data-orig-file=\"https:\/\/www.hoymercedes.com.ar\/principal\/wp-content\/uploads\/2024\/07\/Incendio-Gowland.jpg\" data-orig-size=\"1599,899\" data-comments-opened=\"0\" data-image-meta=\"{&quot;aperture&quot;:&quot;0&quot;,&quot;credit&quot;:&quot;&quot;,&quot;camera&quot;:&quot;&quot;,&quot;caption&quot;:&quot;&quot;,&quot;created_timestamp&quot;:&quot;0&quot;,&quot;copyright&quot;:&quot;&quot;,&quot;focal_length&quot;:&quot;0&quot;,&quot;iso&quot;:&quot;0&quot;,&quot;shutter_speed&quot;:&quot;0&quot;,&quot;title&quot;:&quot;&quot;,&quot;orientation&quot;:&quot;0&quot;}\" data-image-title=\"Grave incendio en la localidad de Gowland\" data-image-description=\"&lt;p&gt;Grave incendio en la localidad de Gowland&lt;\/p&gt;\n\" data-image-caption=\"&lt;p&gt;Grave incendio en la localidad de Gowland&lt;\/p&gt;\n\" data-large-file=\"https:\/\/www.hoymercedes.com.ar\/principal\/wp-content\/uploads\/2024\/07\/Incendio-Gowland-1024x576.jpg\" src=\"https:\/\/www.hoymercedes.com.ar\/principal\/wp-content\/uploads\/2024\/07\/Incendio-Gowland-1024x576.jpg\" alt=\"Grave incendio en la localidad de Gowland\" class=\"wp-image-177110\" srcset=\"https:\/\/www.hoymercedes.com.ar\/principal\/wp-content\/uploads\/2024\/07\/Incendio-Gowland-1024x576.jpg 1024w, https:\/\/www.hoymercedes.com.ar\/principal\/wp-content\/uploads\/2024\/07\/Incendio-Gowland-630x354.jpg 630w, https:\/\/www.hoymercedes.com.ar\/principal\/wp-content\/uploads\/2024\/07\/Incendio-Gowland-150x84.jpg 150w, https:\/\/www.hoymercedes.com.ar\/principal\/wp-content\/uploads\/2024\/07\/Incendio-Gowland-1536x864.jpg 1536w, https:\/\/www.hoymercedes.com.ar\/principal\/wp-content\/uploads\/2024\/07\/Incendio-Gowland.jpg 1599w\" sizes=\"auto, (max-width: 1024px) 100vw, 1024px\" \/><\/figure>\n\n\n\n<p>Durante horas de la madrugada se gener\u00f3 un incendio de importantes dimensiones en una vivienda ubicada en calle 524 y 483 de la localidad de Gowland. All\u00ed actuaron <strong>Bomberos Voluntarios, Protecci\u00f3n Civil y Guardia Urbana.<\/strong><\/p>\n\n\n\n<p>El siniestro se produjo alrededor de las 1.30am cuando se emite el alerta y logr\u00f3 controlarse en su totalidad alrededor de las 3.30am.<\/p>\n\n\n\n<p>En el lugar habitaban una mujer con 4 menores de edad, siendo la mayor trasladada al SAME, pero sin revertir riesgos.<\/p>\n\n\n\n<p>Se determin\u00f3 destrucci\u00f3n total de la vivienda. Tras el hecho inici\u00f3 su actuaci\u00f3n la Secretar\u00eda de Desarrollo de la Comunidad de la Municipalidad de Mercedes.<\/p>\n","protected":false},"excerpt":{"rendered":"<p>Durante horas de la madrugada se gener\u00f3 un incendio de importantes dimensiones en una vivienda ubicada en calle 524 y &#8230; <a title=\"Grave incendio en la localidad de Gowland\" class=\"read-more\" href=\"https:\/\/www.hoymercedes.com.ar\/principal\/2024\/07\/09\/grave-incendio-en-la-localidad-de-gowland\/\" aria-label=\"Leer m\u00e1s sobre Grave incendio en la localidad de Gowland\">Leer m\u00e1s<\/a><\/p>\n","protected":false},"author":1,"featured_media":177110,"comment_status":"closed","ping_status":"open","sticky":false,"template":"","format":"standard","meta":{"_monsterinsights_skip_tracking":false,"_monsterinsights_sitenote_active":false,"_monsterinsights_sitenote_note":"","_monsterinsights_sitenote_category":0,"jetpack_post_was_ever_published":false,"_jetpack_newsletter_access":"","_jetpack_dont_email_post_to_subs":false,"_jetpack_newsletter_tier_id":0,"_jetpack_memberships_contains_paywalled_content":false,"_jetpack_memberships_contains_paid_content":false,"footnotes":"","jetpack_publicize_message":"","jetpack_publicize_feature_enabled":true,"jetpack_social_post_already_shared":true,"jetpack_social_options":{"image_generator_settings":{"template":"highway","default_image_id":0,"font":"","enabled":false},"version":2},"_wpas_customize_per_network":false},"categories":[85],"tags":[287,19612,9122],"class_list":["post-177109","post","type-post","status-publish","format-standard","has-post-thumbnail","hentry","category-policial","tag-bomberos-mercedes","tag-incendio-en-gowland","tag-proteccion-civil","generate-columns","tablet-grid-50","mobile-grid-100","grid-parent","grid-50"],"jetpack_publicize_connections":[],"jetpack_featured_media_url":"https:\/\/www.hoymercedes.com.ar\/principal\/wp-content\/uploads\/2024\/07\/Incendio-Gowland.jpg","wps_subtitle":"Siniestro","jetpack_sharing_enabled":true,"_links":{"self":[{"href":"https:\/\/www.hoymercedes.com.ar\/principal\/wp-json\/wp\/v2\/posts\/177109","targetHints":{"allow":["GET"]}}],"collection":[{"href":"https:\/\/www.hoymercedes.com.ar\/principal\/wp-json\/wp\/v2\/posts"}],"about":[{"href":"https:\/\/www.hoymercedes.com.ar\/principal\/wp-json\/wp\/v2\/types\/post"}],"author":[{"embeddable":true,"href":"https:\/\/www.hoymercedes.com.ar\/principal\/wp-json\/wp\/v2\/users\/1"}],"replies":[{"embeddable":true,"href":"https:\/\/www.hoymercedes.com.ar\/principal\/wp-json\/wp\/v2\/comments?post=177109"}],"version-history":[{"count":0,"href":"https:\/\/www.hoymercedes.com.ar\/principal\/wp-json\/wp\/v2\/posts\/177109\/revisions"}],"wp:featuredmedia":[{"embeddable":true,"href":"https:\/\/www.hoymercedes.com.ar\/principal\/wp-json\/wp\/v2\/media\/177110"}],"wp:attachment":[{"href":"https:\/\/www.hoymercedes.com.ar\/principal\/wp-json\/wp\/v2\/media?parent=177109"}],"wp:term":[{"taxonomy":"category","embeddable":true,"href":"https:\/\/www.hoymercedes.com.ar\/principal\/wp-json\/wp\/v2\/categories?post=177109"},{"taxonomy":"post_tag","embeddable":true,"href":"https:\/\/www.hoymercedes.com.ar\/principal\/wp-json\/wp\/v2\/tags?post=177109"}],"curies":[{"name":"wp","href":"https:\/\/api.w.org\/{rel}","templated":true}]}}