{"id":177119,"date":"2024-07-10T08:15:00","date_gmt":"2024-07-10T11:15:00","guid":{"rendered":"https:\/\/www.hoymercedes.com.ar\/principal\/?p=177119"},"modified":"2024-07-10T10:07:10","modified_gmt":"2024-07-10T13:07:10","slug":"se-conmemoro-el-9-de-julio-en-plaza-san-martin","status":"publish","type":"post","link":"https:\/\/www.hoymercedes.com.ar\/principal\/2024\/07\/10\/se-conmemoro-el-9-de-julio-en-plaza-san-martin\/","title":{"rendered":"Se conmemor\u00f3 el 9 de Julio en Plaza San Mart\u00edn"},"content":{"rendered":"\n<figure class=\"wp-block-image size-large\"><img loading=\"lazy\" decoding=\"async\" width=\"1024\" height=\"682\" data-attachment-id=\"177120\" data-permalink=\"https:\/\/www.hoymercedes.com.ar\/principal\/2024\/07\/10\/se-conmemoro-el-9-de-julio-en-plaza-san-martin\/acto9dejulio-2024-4\/#main\" data-orig-file=\"https:\/\/www.hoymercedes.com.ar\/principal\/wp-content\/uploads\/2024\/07\/Acto9deJulio-2024-4.jpg\" data-orig-size=\"1319,879\" data-comments-opened=\"0\" data-image-meta=\"{&quot;aperture&quot;:&quot;0&quot;,&quot;credit&quot;:&quot;&quot;,&quot;camera&quot;:&quot;&quot;,&quot;caption&quot;:&quot;&quot;,&quot;created_timestamp&quot;:&quot;0&quot;,&quot;copyright&quot;:&quot;&quot;,&quot;focal_length&quot;:&quot;0&quot;,&quot;iso&quot;:&quot;0&quot;,&quot;shutter_speed&quot;:&quot;0&quot;,&quot;title&quot;:&quot;&quot;,&quot;orientation&quot;:&quot;0&quot;}\" data-image-title=\"Acto9deJulio-2024-4\" data-image-description=\"&lt;p&gt;Acto protocolar por el 9 de Julio, D\u00eda de la Independencia &lt;\/p&gt;\n\" data-image-caption=\"&lt;p&gt;Acto protocolar por el 9 de Julio, D\u00eda de la Independencia &lt;\/p&gt;\n\" data-large-file=\"https:\/\/www.hoymercedes.com.ar\/principal\/wp-content\/uploads\/2024\/07\/Acto9deJulio-2024-4-1024x682.jpg\" src=\"https:\/\/www.hoymercedes.com.ar\/principal\/wp-content\/uploads\/2024\/07\/Acto9deJulio-2024-4-1024x682.jpg\" alt=\"Se conmemor\u00f3 el 9 de Julio en Plaza San Mart\u00edn\" class=\"wp-image-177120\" srcset=\"https:\/\/www.hoymercedes.com.ar\/principal\/wp-content\/uploads\/2024\/07\/Acto9deJulio-2024-4-1024x682.jpg 1024w, https:\/\/www.hoymercedes.com.ar\/principal\/wp-content\/uploads\/2024\/07\/Acto9deJulio-2024-4-630x420.jpg 630w, https:\/\/www.hoymercedes.com.ar\/principal\/wp-content\/uploads\/2024\/07\/Acto9deJulio-2024-4-150x100.jpg 150w, https:\/\/www.hoymercedes.com.ar\/principal\/wp-content\/uploads\/2024\/07\/Acto9deJulio-2024-4-700x465.jpg 700w, https:\/\/www.hoymercedes.com.ar\/principal\/wp-content\/uploads\/2024\/07\/Acto9deJulio-2024-4.jpg 1319w\" sizes=\"auto, (max-width: 1024px) 100vw, 1024px\" \/><\/figure>\n\n\n\n<p>Con una nutrida asistencia, especialmente de escuelas, se conmemor\u00f3 un nuevo aniversario de la Independencia Argentina. El encuentro fue en Plaza San Mart\u00edn, al pie del monumento del pr\u00f3cer que le da nombre. El <strong>intendente Juan Ustarroz y Mat\u00edas Montenegro<\/strong>, estudiante de historia, tomaron la palabra.<\/p>\n\n\n\n<p>Hubo tambi\u00e9n colocaci\u00f3n de palmas a instancias del Municipio, el Concejo Deliberante y el Colegio de Magistrados y Funcionarios Judiciales.<\/p>\n\n\n\n<figure class=\"wp-block-image size-large\"><img loading=\"lazy\" decoding=\"async\" width=\"1024\" height=\"682\" data-attachment-id=\"177121\" data-permalink=\"https:\/\/www.hoymercedes.com.ar\/principal\/2024\/07\/10\/se-conmemoro-el-9-de-julio-en-plaza-san-martin\/matiasmontenegro\/#main\" data-orig-file=\"https:\/\/www.hoymercedes.com.ar\/principal\/wp-content\/uploads\/2024\/07\/MatiasMontenegro.jpg\" data-orig-size=\"1319,879\" data-comments-opened=\"0\" data-image-meta=\"{&quot;aperture&quot;:&quot;0&quot;,&quot;credit&quot;:&quot;&quot;,&quot;camera&quot;:&quot;&quot;,&quot;caption&quot;:&quot;&quot;,&quot;created_timestamp&quot;:&quot;0&quot;,&quot;copyright&quot;:&quot;&quot;,&quot;focal_length&quot;:&quot;0&quot;,&quot;iso&quot;:&quot;0&quot;,&quot;shutter_speed&quot;:&quot;0&quot;,&quot;title&quot;:&quot;&quot;,&quot;orientation&quot;:&quot;0&quot;}\" data-image-title=\"MatiasMontenegro\" data-image-description=\"&lt;p&gt;Acto protocolar por el 9 de Julio, D\u00eda de la Independencia &lt;\/p&gt;\n\" data-image-caption=\"&lt;p&gt;Acto protocolar por el 9 de Julio, D\u00eda de la Independencia &lt;\/p&gt;\n\" data-large-file=\"https:\/\/www.hoymercedes.com.ar\/principal\/wp-content\/uploads\/2024\/07\/MatiasMontenegro-1024x682.jpg\" src=\"https:\/\/www.hoymercedes.com.ar\/principal\/wp-content\/uploads\/2024\/07\/MatiasMontenegro-1024x682.jpg\" alt=\"Se conmemor\u00f3 el 9 de Julio en Plaza San Mart\u00edn\" class=\"wp-image-177121\" srcset=\"https:\/\/www.hoymercedes.com.ar\/principal\/wp-content\/uploads\/2024\/07\/MatiasMontenegro-1024x682.jpg 1024w, https:\/\/www.hoymercedes.com.ar\/principal\/wp-content\/uploads\/2024\/07\/MatiasMontenegro-630x420.jpg 630w, https:\/\/www.hoymercedes.com.ar\/principal\/wp-content\/uploads\/2024\/07\/MatiasMontenegro-150x100.jpg 150w, https:\/\/www.hoymercedes.com.ar\/principal\/wp-content\/uploads\/2024\/07\/MatiasMontenegro-700x465.jpg 700w, https:\/\/www.hoymercedes.com.ar\/principal\/wp-content\/uploads\/2024\/07\/MatiasMontenegro.jpg 1319w\" sizes=\"auto, (max-width: 1024px) 100vw, 1024px\" \/><\/figure>\n\n\n\n<p><strong>Exposici\u00f3n<\/strong><\/p>\n\n\n\n<p><strong>Mat\u00edas Montenegro<\/strong>, a la hora de tomar la palabra, adem\u00e1s de hacer un recorrido por la historia y la efem\u00e9ride del d\u00eda coment\u00f3 que \u201cen esta ocasi\u00f3n, los invito a reflexionar el hecho no como algo del pasado, sino como una oportunidad de usar el ejemplo otorgado por estos personajes, que, aunque distantes en sus pensamientos, dejaron de lado sus diferencias y lograron materializar su objetivo, ser libres\u201d y \u201ces nuestra tarea conservar eso que tanto cost\u00f3 conseguir, recordando con profundo honor y gratitud las acciones realizadas por estos notables patriotas\u201d<\/p>\n\n\n\n<p><strong>Comunidad<\/strong><\/p>\n\n\n\n<p>M\u00e1s adelante Montenegro expres\u00f3 que \u201crecuperar la memoria de aquellos involucrados en el proceso independentista, adem\u00e1s de los pr\u00f3ceres, es problematizar el lugar de lo com\u00fan en la construcci\u00f3n de la identidad nacional, convoc\u00e1ndonos a indagar acerca de la necesidad de pensar un proyecto colectivo que parta del reconocimiento de las diversidades existentes. Pero, \u00bfqui\u00e9nes son esos hombres y mujeres que tomaron esa decisi\u00f3n? Pues, no fueron solo los pr\u00f3ceres. Distintos estamentos sociales se encargaron de representar los sue\u00f1os e ideales de la patria que merec\u00eda su libertad. Entre ellos encontramos a la plebe, a los negros y afrodescendientes, a las mujeres que se encargaron de concretizar un sue\u00f1o com\u00fan. Hoy, todos nosotros somos herederos de ese legado, y para reivindicar lo conseguido por aquellos h\u00e9roes, nos encontramos ante la tarea de seguir construyendo una Argentina unida, justa y solidaria, trabajando por alcanzar un futuro mejor, sin desentendernos de los valores conseguidos mediante luchas y mucho sacrificio, entendi\u00e9ndolos como una inspiraci\u00f3n para nuestro presente y nuestro porvenir\u201d<\/p>\n\n\n\n<p><strong>Diversidad<\/strong><\/p>\n\n\n\n<p>Por su parte el intendente Ustarroz remarc\u00f3 que \u201ccomo dec\u00eda Mat\u00edas\u201d adem\u00e1s de \u201creconocer a los pr\u00f3ceres, \u201cest\u00e1 bien y es necesario sumar a quienes a veces no tienen ese lugar en la historia, que es el pueblo. Y cuando hay un proceso exitoso, como fue la Independencia, hay todo un conjunto de actores que aportan su granito de arena para edificar esa realidad\u201d<\/p>\n\n\n\n<figure class=\"wp-block-image size-large\"><img loading=\"lazy\" decoding=\"async\" width=\"1024\" height=\"682\" data-attachment-id=\"177122\" data-permalink=\"https:\/\/www.hoymercedes.com.ar\/principal\/2024\/07\/10\/se-conmemoro-el-9-de-julio-en-plaza-san-martin\/acto9dejulio-2024-3\/#main\" data-orig-file=\"https:\/\/www.hoymercedes.com.ar\/principal\/wp-content\/uploads\/2024\/07\/Acto9deJulio-2024-3.jpg\" data-orig-size=\"1319,879\" data-comments-opened=\"0\" data-image-meta=\"{&quot;aperture&quot;:&quot;0&quot;,&quot;credit&quot;:&quot;&quot;,&quot;camera&quot;:&quot;&quot;,&quot;caption&quot;:&quot;&quot;,&quot;created_timestamp&quot;:&quot;0&quot;,&quot;copyright&quot;:&quot;&quot;,&quot;focal_length&quot;:&quot;0&quot;,&quot;iso&quot;:&quot;0&quot;,&quot;shutter_speed&quot;:&quot;0&quot;,&quot;title&quot;:&quot;&quot;,&quot;orientation&quot;:&quot;0&quot;}\" data-image-title=\"Acto9deJulio-2024-3\" data-image-description=\"&lt;p&gt;Acto protocolar por el 9 de Julio, D\u00eda de la Independencia &lt;\/p&gt;\n\" data-image-caption=\"&lt;p&gt;Acto protocolar por el 9 de Julio, D\u00eda de la Independencia &lt;\/p&gt;\n\" data-large-file=\"https:\/\/www.hoymercedes.com.ar\/principal\/wp-content\/uploads\/2024\/07\/Acto9deJulio-2024-3-1024x682.jpg\" src=\"https:\/\/www.hoymercedes.com.ar\/principal\/wp-content\/uploads\/2024\/07\/Acto9deJulio-2024-3-1024x682.jpg\" alt=\"Se conmemor\u00f3 el 9 de Julio en Plaza San Mart\u00edn\" class=\"wp-image-177122\" srcset=\"https:\/\/www.hoymercedes.com.ar\/principal\/wp-content\/uploads\/2024\/07\/Acto9deJulio-2024-3-1024x682.jpg 1024w, https:\/\/www.hoymercedes.com.ar\/principal\/wp-content\/uploads\/2024\/07\/Acto9deJulio-2024-3-630x420.jpg 630w, https:\/\/www.hoymercedes.com.ar\/principal\/wp-content\/uploads\/2024\/07\/Acto9deJulio-2024-3-150x100.jpg 150w, https:\/\/www.hoymercedes.com.ar\/principal\/wp-content\/uploads\/2024\/07\/Acto9deJulio-2024-3-700x465.jpg 700w, https:\/\/www.hoymercedes.com.ar\/principal\/wp-content\/uploads\/2024\/07\/Acto9deJulio-2024-3.jpg 1319w\" sizes=\"auto, (max-width: 1024px) 100vw, 1024px\" \/><\/figure>\n\n\n\n<p><strong>Educaci\u00f3n<\/strong><\/p>\n\n\n\n<p>\u201cY Jorge Eduardo nos hablaba hoy de la Independencia y la Interdependencia. Y nos hablaba cuando hac\u00eda referencia a la Independencia, las dependencias que hoy tenemos. Hablaba de la dependencia de las adicciones, hablaba de la dependencia del Fondo Monetario Internacional, hablaba de la violencia, hablaba de distintas formas con las cuales todav\u00eda no somos totalmente independientes. Vemos a veces la dependencia cultural en un mundo globalizado donde a veces se empieza a perder nuestra identidad, nuestra tradici\u00f3n, nuestra historia. Y las sociedades en el mundo con la globalizaci\u00f3n tienden a uniformarse. Donde el que rige un poco el gusto es el mercado y no la realidad efectiva de cada uno de los pueblos. Y en estas dependencias, \u00bfcon qu\u00e9 nosotros podemos romper esas dependencias? Con la educaci\u00f3n. Claramente una herramienta es la educaci\u00f3n\u201d relat\u00f3 respecto a lo vivido en el Te Deum.<\/p>\n\n\n\n<p><strong>Unidad<\/strong><\/p>\n\n\n\n<p>\u201cY tenemos que encontrar cada vez m\u00e1s razones que nos puedan unir, tenemos que aprender a convivir en la diversidad porque el ser humano es diverso. Y ah\u00ed est\u00e1 la riqueza, est\u00e1 en la naturaleza. Cuando en la naturaleza hay mucha diversidad, hay mucho desarrollo y mucho crecimiento. Bueno, en las sociedades pasa lo mismo. Cuando somos capaces de poder, sobre la base de nuestra interdependencia, porque nadie solo puede salvarse, nadie solo puede ser feliz, nadie solo puede trabajar, construir una sociedad mejor. Y creo que el mejor homenaje a quienes lucharon por nuestra independencia es seguir en ese proceso, es seguir construyendo independencia, soberan\u00eda pol\u00edtica, que es la capacidad que tenemos de decidir\u201d dijo.<\/p>\n\n\n\n<figure class=\"wp-block-image size-large\"><img loading=\"lazy\" decoding=\"async\" width=\"1024\" height=\"682\" data-attachment-id=\"177124\" data-permalink=\"https:\/\/www.hoymercedes.com.ar\/principal\/2024\/07\/10\/se-conmemoro-el-9-de-julio-en-plaza-san-martin\/acto9dejulio-2024-2\/#main\" data-orig-file=\"https:\/\/www.hoymercedes.com.ar\/principal\/wp-content\/uploads\/2024\/07\/Acto9deJulio-2024-2.jpg\" data-orig-size=\"1319,879\" data-comments-opened=\"0\" data-image-meta=\"{&quot;aperture&quot;:&quot;0&quot;,&quot;credit&quot;:&quot;&quot;,&quot;camera&quot;:&quot;&quot;,&quot;caption&quot;:&quot;&quot;,&quot;created_timestamp&quot;:&quot;0&quot;,&quot;copyright&quot;:&quot;&quot;,&quot;focal_length&quot;:&quot;0&quot;,&quot;iso&quot;:&quot;0&quot;,&quot;shutter_speed&quot;:&quot;0&quot;,&quot;title&quot;:&quot;&quot;,&quot;orientation&quot;:&quot;0&quot;}\" data-image-title=\"Acto9deJulio-2024-2\" data-image-description=\"&lt;p&gt;Acto protocolar por el 9 de Julio, D\u00eda de la Independencia &lt;\/p&gt;\n\" data-image-caption=\"&lt;p&gt;Acto protocolar por el 9 de Julio, D\u00eda de la Independencia &lt;\/p&gt;\n\" data-large-file=\"https:\/\/www.hoymercedes.com.ar\/principal\/wp-content\/uploads\/2024\/07\/Acto9deJulio-2024-2-1024x682.jpg\" src=\"https:\/\/www.hoymercedes.com.ar\/principal\/wp-content\/uploads\/2024\/07\/Acto9deJulio-2024-2-1024x682.jpg\" alt=\"Se conmemor\u00f3 el 9 de Julio en Plaza San Mart\u00edn\" class=\"wp-image-177124\" srcset=\"https:\/\/www.hoymercedes.com.ar\/principal\/wp-content\/uploads\/2024\/07\/Acto9deJulio-2024-2-1024x682.jpg 1024w, https:\/\/www.hoymercedes.com.ar\/principal\/wp-content\/uploads\/2024\/07\/Acto9deJulio-2024-2-630x420.jpg 630w, https:\/\/www.hoymercedes.com.ar\/principal\/wp-content\/uploads\/2024\/07\/Acto9deJulio-2024-2-150x100.jpg 150w, https:\/\/www.hoymercedes.com.ar\/principal\/wp-content\/uploads\/2024\/07\/Acto9deJulio-2024-2-700x465.jpg 700w, https:\/\/www.hoymercedes.com.ar\/principal\/wp-content\/uploads\/2024\/07\/Acto9deJulio-2024-2.jpg 1319w\" sizes=\"auto, (max-width: 1024px) 100vw, 1024px\" \/><\/figure>\n\n\n\n<p><strong>Construir<\/strong><\/p>\n\n\n\n<p>Antes de finalizar expres\u00f3 que \u201cy para tener capacidad pol\u00edtica de decidir hay que tener capacidad de encuentro, de ser fraternales, de poder escucharnos y fundamentalmente de poder hacer. Quise poner algunos ejemplos, y por suerte son much\u00edsimos, y cada quien de ustedes puede encontrar y buscar el ejemplo que le guste para poder demostrar que todo no est\u00e1 perdido, para poder demostrar que como sociedad tenemos cosas muy buenas tambi\u00e9n, que tenemos una hermosa historia, que tenemos un hermoso pa\u00eds, que tenemos una hermosa ciudad, y que si nos unimos m\u00e1s y somos capaces de trabajar, de identificar qu\u00e9 es lo m\u00e1s importante que tiene un pueblo, que tiene una naci\u00f3n, que tiene un pa\u00eds, realmente vamos a encontrar ese camino. Y lo debemos hacer fundamentalmente por los m\u00e1s chicos. Lo debemos hacer para poder construir y dejar una ciudad y un pa\u00eds mejor al que nosotros recibimos. Porque son tiempos dif\u00edciles, no en la Argentina, sino tambi\u00e9n en el mundo, donde esta dificultad reside tal vez en el aislamiento que el ser humano empieza a tener la dependencia cada vez m\u00e1s grande a las nuevas tecnolog\u00edas, pensar la felicidad solamente desde la acumulaci\u00f3n del consumo y de la mercanc\u00eda, y perder de vista lo elemental, que es el encuentro con las personas, no con los individuos, y esas personas que construyen comunidad, construyen felicidad\u201d<\/p>\n","protected":false},"excerpt":{"rendered":"<p>Con una nutrida asistencia, especialmente de escuelas, se conmemor\u00f3 un nuevo aniversario de la Independencia Argentina. El encuentro fue en &#8230; <a title=\"Se conmemor\u00f3 el 9 de Julio en Plaza San Mart\u00edn\" class=\"read-more\" href=\"https:\/\/www.hoymercedes.com.ar\/principal\/2024\/07\/10\/se-conmemoro-el-9-de-julio-en-plaza-san-martin\/\" aria-label=\"Leer m\u00e1s sobre Se conmemor\u00f3 el 9 de Julio en Plaza San Mart\u00edn\">Leer m\u00e1s<\/a><\/p>\n","protected":false},"author":1,"featured_media":177120,"comment_status":"closed","ping_status":"open","sticky":false,"template":"","format":"standard","meta":{"_monsterinsights_skip_tracking":false,"_monsterinsights_sitenote_active":false,"_monsterinsights_sitenote_note":"","_monsterinsights_sitenote_category":0,"jetpack_post_was_ever_published":false,"_jetpack_newsletter_access":"","_jetpack_dont_email_post_to_subs":false,"_jetpack_newsletter_tier_id":0,"_jetpack_memberships_contains_paywalled_content":false,"_jetpack_memberships_contains_paid_content":false,"footnotes":"","jetpack_publicize_message":"","jetpack_publicize_feature_enabled":true,"jetpack_social_post_already_shared":true,"jetpack_social_options":{"image_generator_settings":{"template":"highway","default_image_id":0,"font":"","enabled":false},"version":2},"_wpas_customize_per_network":false},"categories":[8],"tags":[],"class_list":["post-177119","post","type-post","status-publish","format-standard","has-post-thumbnail","hentry","category-sociedad","generate-columns","tablet-grid-50","mobile-grid-100","grid-parent","grid-50"],"jetpack_publicize_connections":[],"jetpack_featured_media_url":"https:\/\/www.hoymercedes.com.ar\/principal\/wp-content\/uploads\/2024\/07\/Acto9deJulio-2024-4.jpg","wps_subtitle":"","jetpack_sharing_enabled":true,"_links":{"self":[{"href":"https:\/\/www.hoymercedes.com.ar\/principal\/wp-json\/wp\/v2\/posts\/177119","targetHints":{"allow":["GET"]}}],"collection":[{"href":"https:\/\/www.hoymercedes.com.ar\/principal\/wp-json\/wp\/v2\/posts"}],"about":[{"href":"https:\/\/www.hoymercedes.com.ar\/principal\/wp-json\/wp\/v2\/types\/post"}],"author":[{"embeddable":true,"href":"https:\/\/www.hoymercedes.com.ar\/principal\/wp-json\/wp\/v2\/users\/1"}],"replies":[{"embeddable":true,"href":"https:\/\/www.hoymercedes.com.ar\/principal\/wp-json\/wp\/v2\/comments?post=177119"}],"version-history":[{"count":0,"href":"https:\/\/www.hoymercedes.com.ar\/principal\/wp-json\/wp\/v2\/posts\/177119\/revisions"}],"wp:featuredmedia":[{"embeddable":true,"href":"https:\/\/www.hoymercedes.com.ar\/principal\/wp-json\/wp\/v2\/media\/177120"}],"wp:attachment":[{"href":"https:\/\/www.hoymercedes.com.ar\/principal\/wp-json\/wp\/v2\/media?parent=177119"}],"wp:term":[{"taxonomy":"category","embeddable":true,"href":"https:\/\/www.hoymercedes.com.ar\/principal\/wp-json\/wp\/v2\/categories?post=177119"},{"taxonomy":"post_tag","embeddable":true,"href":"https:\/\/www.hoymercedes.com.ar\/principal\/wp-json\/wp\/v2\/tags?post=177119"}],"curies":[{"name":"wp","href":"https:\/\/api.w.org\/{rel}","templated":true}]}}