{"id":177197,"date":"2024-07-13T13:33:34","date_gmt":"2024-07-13T16:33:34","guid":{"rendered":"https:\/\/www.hoymercedes.com.ar\/principal\/?p=177197"},"modified":"2024-07-13T13:33:35","modified_gmt":"2024-07-13T16:33:35","slug":"gran-asistencia-encuentro-y-entretenimiento-en-1-noche-del-paseo-del-vino","status":"publish","type":"post","link":"https:\/\/www.hoymercedes.com.ar\/principal\/2024\/07\/13\/gran-asistencia-encuentro-y-entretenimiento-en-1-noche-del-paseo-del-vino\/","title":{"rendered":"Gran asistencia, encuentro y entretenimiento en 1\u00b0 noche del Paseo del Vino"},"content":{"rendered":"\n<figure class=\"wp-block-image size-large\"><img loading=\"lazy\" decoding=\"async\" width=\"1024\" height=\"682\" data-attachment-id=\"177198\" data-permalink=\"https:\/\/www.hoymercedes.com.ar\/principal\/2024\/07\/13\/gran-asistencia-encuentro-y-entretenimiento-en-1-noche-del-paseo-del-vino\/sja_7566\/#main\" data-orig-file=\"https:\/\/www.hoymercedes.com.ar\/principal\/wp-content\/uploads\/2024\/07\/SJA_7566.jpg\" data-orig-size=\"1319,879\" data-comments-opened=\"0\" data-image-meta=\"{&quot;aperture&quot;:&quot;0&quot;,&quot;credit&quot;:&quot;SEBASTIANAMBROSSIO&quot;,&quot;camera&quot;:&quot;&quot;,&quot;caption&quot;:&quot;&quot;,&quot;created_timestamp&quot;:&quot;0&quot;,&quot;copyright&quot;:&quot;SebastianAmbrossio&quot;,&quot;focal_length&quot;:&quot;0&quot;,&quot;iso&quot;:&quot;0&quot;,&quot;shutter_speed&quot;:&quot;0&quot;,&quot;title&quot;:&quot;&quot;,&quot;orientation&quot;:&quot;0&quot;}\" data-image-title=\"SJA_7566\" data-image-description=\"\" data-image-caption=\"\" data-large-file=\"https:\/\/www.hoymercedes.com.ar\/principal\/wp-content\/uploads\/2024\/07\/SJA_7566-1024x682.jpg\" src=\"https:\/\/www.hoymercedes.com.ar\/principal\/wp-content\/uploads\/2024\/07\/SJA_7566-1024x682.jpg\" alt=\"Gran asistencia, encuentro y entretenimiento en 1\u00b0 noche del Paseo del Vino\" class=\"wp-image-177198\" srcset=\"https:\/\/www.hoymercedes.com.ar\/principal\/wp-content\/uploads\/2024\/07\/SJA_7566-1024x682.jpg 1024w, https:\/\/www.hoymercedes.com.ar\/principal\/wp-content\/uploads\/2024\/07\/SJA_7566-630x420.jpg 630w, https:\/\/www.hoymercedes.com.ar\/principal\/wp-content\/uploads\/2024\/07\/SJA_7566-150x100.jpg 150w, https:\/\/www.hoymercedes.com.ar\/principal\/wp-content\/uploads\/2024\/07\/SJA_7566-700x465.jpg 700w, https:\/\/www.hoymercedes.com.ar\/principal\/wp-content\/uploads\/2024\/07\/SJA_7566.jpg 1319w\" sizes=\"auto, (max-width: 1024px) 100vw, 1024px\" \/><\/figure>\n\n\n\n<p>Con una destacada concurrencia se vivi\u00f3 la primera noche del \u201cPaseo del Vino\u201d edici\u00f3n invierno. Fue en el Teatro donde el lleno fue total, tanto en el interior como el exterior de la propuesta. La actividad \u201cpromueve el encuentro, el arte local, el comercio y el trabajo mercedino\u201d, destac\u00f3 el intendente Ustarroz.<\/p>\n\n\n\n<p><strong>Viernes<\/strong><\/p>\n\n\n\n<p>La actividad convoc\u00f3 a un importante n\u00famero de vinotecas y bodegas locales que expusieron variedades de vinos y tragos de todo el pa\u00eds, adem\u00e1s de gastronom\u00eda gourmet, platos tradicionales especialmente elaborados y por supuesto, los tradicionales quesos y salames que tanto nos gustan.<\/p>\n\n\n\n<figure class=\"wp-block-image size-large\"><img loading=\"lazy\" decoding=\"async\" width=\"1024\" height=\"682\" data-attachment-id=\"177199\" data-permalink=\"https:\/\/www.hoymercedes.com.ar\/principal\/2024\/07\/13\/gran-asistencia-encuentro-y-entretenimiento-en-1-noche-del-paseo-del-vino\/sja_7510\/#main\" data-orig-file=\"https:\/\/www.hoymercedes.com.ar\/principal\/wp-content\/uploads\/2024\/07\/SJA_7510.jpg\" data-orig-size=\"1319,879\" data-comments-opened=\"0\" data-image-meta=\"{&quot;aperture&quot;:&quot;0&quot;,&quot;credit&quot;:&quot;SEBASTIANAMBROSSIO&quot;,&quot;camera&quot;:&quot;&quot;,&quot;caption&quot;:&quot;&quot;,&quot;created_timestamp&quot;:&quot;0&quot;,&quot;copyright&quot;:&quot;SebastianAmbrossio&quot;,&quot;focal_length&quot;:&quot;0&quot;,&quot;iso&quot;:&quot;0&quot;,&quot;shutter_speed&quot;:&quot;0&quot;,&quot;title&quot;:&quot;&quot;,&quot;orientation&quot;:&quot;0&quot;}\" data-image-title=\"SJA_7510\" data-image-description=\"\" data-image-caption=\"\" data-large-file=\"https:\/\/www.hoymercedes.com.ar\/principal\/wp-content\/uploads\/2024\/07\/SJA_7510-1024x682.jpg\" src=\"https:\/\/www.hoymercedes.com.ar\/principal\/wp-content\/uploads\/2024\/07\/SJA_7510-1024x682.jpg\" alt=\"Gran asistencia, encuentro y entretenimiento en 1\u00b0 noche del Paseo del Vino\" class=\"wp-image-177199\" srcset=\"https:\/\/www.hoymercedes.com.ar\/principal\/wp-content\/uploads\/2024\/07\/SJA_7510-1024x682.jpg 1024w, https:\/\/www.hoymercedes.com.ar\/principal\/wp-content\/uploads\/2024\/07\/SJA_7510-630x420.jpg 630w, https:\/\/www.hoymercedes.com.ar\/principal\/wp-content\/uploads\/2024\/07\/SJA_7510-150x100.jpg 150w, https:\/\/www.hoymercedes.com.ar\/principal\/wp-content\/uploads\/2024\/07\/SJA_7510-700x465.jpg 700w, https:\/\/www.hoymercedes.com.ar\/principal\/wp-content\/uploads\/2024\/07\/SJA_7510.jpg 1319w\" sizes=\"auto, (max-width: 1024px) 100vw, 1024px\" \/><\/figure>\n\n\n\n<p><strong>Vivos<\/strong><\/p>\n\n\n\n<p>Hubo presentaciones en vivo con Edu Cirillo y Nacho Ferreira en tango electr\u00f3nico, Camila y Rub\u00e9n y DJ Flor Pavone.<\/p>\n\n\n\n<p><strong>S\u00e1bado<\/strong><\/p>\n\n\n\n<p>La noche del s\u00e1bado arrancar\u00e1 a las 19.30hs con actividades gastron\u00f3micas en Plaza San Mart\u00edn y las bodegas dentro del teatro. Adem\u00e1s oiremos las presentaciones de Old Times Lovers y Esteban Fauri 100% Vinilos.<\/p>\n\n\n\n<p class=\"has-medium-font-size\">Gran asistencia, encuentro y entretenimiento en 1\u00b0 noche del Paseo del Vino<\/p>\n\n\n\n<p><strong>Acceso<\/strong><\/p>\n\n\n\n<p>El acceso es totalmente libre, p\u00fablico y gratuito para las y los asistentes. Las consumiciones tienen un valor de que incluye copa que queda para el consumidor y varios tragos por cada ticketera.<\/p>\n\n\n\n<figure class=\"wp-block-image size-large\"><img loading=\"lazy\" decoding=\"async\" width=\"1024\" height=\"682\" data-attachment-id=\"177201\" data-permalink=\"https:\/\/www.hoymercedes.com.ar\/principal\/2024\/07\/13\/gran-asistencia-encuentro-y-entretenimiento-en-1-noche-del-paseo-del-vino\/sja_7471\/#main\" data-orig-file=\"https:\/\/www.hoymercedes.com.ar\/principal\/wp-content\/uploads\/2024\/07\/SJA_7471.jpg\" data-orig-size=\"1319,879\" data-comments-opened=\"0\" data-image-meta=\"{&quot;aperture&quot;:&quot;0&quot;,&quot;credit&quot;:&quot;SEBASTIANAMBROSSIO&quot;,&quot;camera&quot;:&quot;&quot;,&quot;caption&quot;:&quot;&quot;,&quot;created_timestamp&quot;:&quot;0&quot;,&quot;copyright&quot;:&quot;SebastianAmbrossio&quot;,&quot;focal_length&quot;:&quot;0&quot;,&quot;iso&quot;:&quot;0&quot;,&quot;shutter_speed&quot;:&quot;0&quot;,&quot;title&quot;:&quot;&quot;,&quot;orientation&quot;:&quot;0&quot;}\" data-image-title=\"SJA_7471\" data-image-description=\"\" data-image-caption=\"\" data-large-file=\"https:\/\/www.hoymercedes.com.ar\/principal\/wp-content\/uploads\/2024\/07\/SJA_7471-1024x682.jpg\" src=\"https:\/\/www.hoymercedes.com.ar\/principal\/wp-content\/uploads\/2024\/07\/SJA_7471-1024x682.jpg\" alt=\"Gran asistencia, encuentro y entretenimiento en 1\u00b0 noche del Paseo del Vino\" class=\"wp-image-177201\" srcset=\"https:\/\/www.hoymercedes.com.ar\/principal\/wp-content\/uploads\/2024\/07\/SJA_7471-1024x682.jpg 1024w, https:\/\/www.hoymercedes.com.ar\/principal\/wp-content\/uploads\/2024\/07\/SJA_7471-630x420.jpg 630w, https:\/\/www.hoymercedes.com.ar\/principal\/wp-content\/uploads\/2024\/07\/SJA_7471-150x100.jpg 150w, https:\/\/www.hoymercedes.com.ar\/principal\/wp-content\/uploads\/2024\/07\/SJA_7471-700x465.jpg 700w, https:\/\/www.hoymercedes.com.ar\/principal\/wp-content\/uploads\/2024\/07\/SJA_7471.jpg 1319w\" sizes=\"auto, (max-width: 1024px) 100vw, 1024px\" \/><\/figure>\n","protected":false},"excerpt":{"rendered":"<p>Con una destacada concurrencia se vivi\u00f3 la primera noche del \u201cPaseo del Vino\u201d edici\u00f3n invierno. Fue en el Teatro donde &#8230; <a title=\"Gran asistencia, encuentro y entretenimiento en 1\u00b0 noche del Paseo del Vino\" class=\"read-more\" href=\"https:\/\/www.hoymercedes.com.ar\/principal\/2024\/07\/13\/gran-asistencia-encuentro-y-entretenimiento-en-1-noche-del-paseo-del-vino\/\" aria-label=\"Leer m\u00e1s sobre Gran asistencia, encuentro y entretenimiento en 1\u00b0 noche del Paseo del Vino\">Leer m\u00e1s<\/a><\/p>\n","protected":false},"author":1,"featured_media":0,"comment_status":"closed","ping_status":"open","sticky":false,"template":"","format":"standard","meta":{"_monsterinsights_skip_tracking":false,"_monsterinsights_sitenote_active":false,"_monsterinsights_sitenote_note":"","_monsterinsights_sitenote_category":0,"jetpack_post_was_ever_published":false,"_jetpack_newsletter_access":"","_jetpack_dont_email_post_to_subs":false,"_jetpack_newsletter_tier_id":0,"_jetpack_memberships_contains_paywalled_content":false,"_jetpack_memberships_contains_paid_content":false,"footnotes":"","jetpack_publicize_message":"","jetpack_publicize_feature_enabled":true,"jetpack_social_post_already_shared":true,"jetpack_social_options":{"image_generator_settings":{"template":"highway","default_image_id":0,"font":"","enabled":false},"version":2},"_wpas_customize_per_network":false},"categories":[8],"tags":[],"class_list":["post-177197","post","type-post","status-publish","format-standard","hentry","category-sociedad","generate-columns","tablet-grid-50","mobile-grid-100","grid-parent","grid-50"],"jetpack_publicize_connections":[],"jetpack_featured_media_url":"","wps_subtitle":"Encuentros","jetpack_sharing_enabled":true,"_links":{"self":[{"href":"https:\/\/www.hoymercedes.com.ar\/principal\/wp-json\/wp\/v2\/posts\/177197","targetHints":{"allow":["GET"]}}],"collection":[{"href":"https:\/\/www.hoymercedes.com.ar\/principal\/wp-json\/wp\/v2\/posts"}],"about":[{"href":"https:\/\/www.hoymercedes.com.ar\/principal\/wp-json\/wp\/v2\/types\/post"}],"author":[{"embeddable":true,"href":"https:\/\/www.hoymercedes.com.ar\/principal\/wp-json\/wp\/v2\/users\/1"}],"replies":[{"embeddable":true,"href":"https:\/\/www.hoymercedes.com.ar\/principal\/wp-json\/wp\/v2\/comments?post=177197"}],"version-history":[{"count":0,"href":"https:\/\/www.hoymercedes.com.ar\/principal\/wp-json\/wp\/v2\/posts\/177197\/revisions"}],"wp:attachment":[{"href":"https:\/\/www.hoymercedes.com.ar\/principal\/wp-json\/wp\/v2\/media?parent=177197"}],"wp:term":[{"taxonomy":"category","embeddable":true,"href":"https:\/\/www.hoymercedes.com.ar\/principal\/wp-json\/wp\/v2\/categories?post=177197"},{"taxonomy":"post_tag","embeddable":true,"href":"https:\/\/www.hoymercedes.com.ar\/principal\/wp-json\/wp\/v2\/tags?post=177197"}],"curies":[{"name":"wp","href":"https:\/\/api.w.org\/{rel}","templated":true}]}}