{"id":177323,"date":"2024-07-19T20:43:40","date_gmt":"2024-07-19T23:43:40","guid":{"rendered":"https:\/\/www.hoymercedes.com.ar\/principal\/?p=177323"},"modified":"2024-07-19T20:43:42","modified_gmt":"2024-07-19T23:43:42","slug":"capacitacion-sobre-tecnicas-de-ventas-organiza-la-cem","status":"publish","type":"post","link":"https:\/\/www.hoymercedes.com.ar\/principal\/2024\/07\/19\/capacitacion-sobre-tecnicas-de-ventas-organiza-la-cem\/","title":{"rendered":"Capacitaci\u00f3n sobre t\u00e9cnicas de ventas organiza la CEM"},"content":{"rendered":"\n<p>La C\u00e1mara Econ\u00f3mica Mercedina invita a una capacitaci\u00f3n virtual que tiene como t\u00edtulo \u00abT\u00e9cnica de ventas con WhatsApp\u00bb con la disertaci\u00f3n de Maximiliano Panero. Se trata de una actividad v\u00eda Zoom y gratuita, con el apoyo de CAME, este 24 de julio desde las 14.00 horas. La inscripci\u00f3n est\u00e1 abierta. <\/p>\n\n\n<div class=\"wp-block-image\">\n<figure class=\"aligncenter size-full\"><img loading=\"lazy\" decoding=\"async\" width=\"800\" height=\"800\" data-attachment-id=\"177329\" data-permalink=\"https:\/\/www.hoymercedes.com.ar\/principal\/2024\/07\/19\/capacitacion-sobre-tecnicas-de-ventas-organiza-la-cem\/imagen-de-whatsapp-2024-07-19-a-las-17-48-58_9cf0caf5\/#main\" data-orig-file=\"https:\/\/www.hoymercedes.com.ar\/principal\/wp-content\/uploads\/2024\/07\/Imagen-de-WhatsApp-2024-07-19-a-las-17.48.58_9cf0caf5.jpg\" data-orig-size=\"800,800\" data-comments-opened=\"0\" data-image-meta=\"{&quot;aperture&quot;:&quot;0&quot;,&quot;credit&quot;:&quot;&quot;,&quot;camera&quot;:&quot;&quot;,&quot;caption&quot;:&quot;&quot;,&quot;created_timestamp&quot;:&quot;0&quot;,&quot;copyright&quot;:&quot;&quot;,&quot;focal_length&quot;:&quot;0&quot;,&quot;iso&quot;:&quot;0&quot;,&quot;shutter_speed&quot;:&quot;0&quot;,&quot;title&quot;:&quot;&quot;,&quot;orientation&quot;:&quot;0&quot;}\" data-image-title=\"Imagen de WhatsApp 2024-07-19 a las 17.48.58_9cf0caf5\" data-image-description=\"\" data-image-caption=\"\" data-large-file=\"https:\/\/www.hoymercedes.com.ar\/principal\/wp-content\/uploads\/2024\/07\/Imagen-de-WhatsApp-2024-07-19-a-las-17.48.58_9cf0caf5.jpg\" src=\"https:\/\/www.hoymercedes.com.ar\/principal\/wp-content\/uploads\/2024\/07\/Imagen-de-WhatsApp-2024-07-19-a-las-17.48.58_9cf0caf5.jpg\" alt=\"\" class=\"wp-image-177329\" srcset=\"https:\/\/www.hoymercedes.com.ar\/principal\/wp-content\/uploads\/2024\/07\/Imagen-de-WhatsApp-2024-07-19-a-las-17.48.58_9cf0caf5.jpg 800w, https:\/\/www.hoymercedes.com.ar\/principal\/wp-content\/uploads\/2024\/07\/Imagen-de-WhatsApp-2024-07-19-a-las-17.48.58_9cf0caf5-620x620.jpg 620w, https:\/\/www.hoymercedes.com.ar\/principal\/wp-content\/uploads\/2024\/07\/Imagen-de-WhatsApp-2024-07-19-a-las-17.48.58_9cf0caf5-150x150.jpg 150w\" sizes=\"auto, (max-width: 800px) 100vw, 800px\" \/><\/figure>\n<\/div>\n\n\n<p>La C\u00e1mara Econ\u00f3mica Mercedina (CEM) invita a emprendedores y profesionales del comercio a participar de una capacitaci\u00f3n virtual gratuita sobre \u201cT\u00e9cnicas de Ventas con WhatsApp\u201d. La actividad, que cuenta con el apoyo de la Confederaci\u00f3n Argentina de la Mediana Empresa (CAME), se llevar\u00e1 a cabo el pr\u00f3ximo 24 de julio de 14:00 a 16:00 horas a trav\u00e9s de la plataforma Zoom. <\/p>\n\n\n\n<p>Esta capacitaci\u00f3n, que tendr\u00e1 una duraci\u00f3n de una hora, ser\u00e1 dirigida por el Lic. Maximiliano Panero, un experto en ventas con una amplia trayectoria en formaci\u00f3n digital. Los participantes aprender\u00e1n estrategias efectivas para potenciar sus ventas utilizando WhatsApp, una herramienta de comunicaci\u00f3n que se ha vuelto indispensable en el entorno comercial actual. <\/p>\n\n\n\n<ul class=\"wp-block-list\">\n<li>El temario incluye:<\/li>\n\n\n\n<li>WhatsApp Business: Migraci\u00f3n y configuraci\u00f3n.<\/li>\n\n\n\n<li>Recomendaciones para la venta.<\/li>\n\n\n\n<li>Uso adecuado de las difusiones.<\/li>\n\n\n\n<li>Administraci\u00f3n de las conversaciones.<\/li>\n\n\n\n<li>Etiquetas y Pipe de Venta.<\/li>\n\n\n\n<li>Recomendaciones para el uso del Cat\u00e1logo.<\/li>\n\n\n\n<li>Multiplicaci\u00f3n de tiempo con Respuestas R\u00e1pidas.<\/li>\n\n\n\n<li>Cobranza con WhatsApp.<\/li>\n\n\n\n<li>Reglas de Netiqueta (uso de emojis). <\/li>\n<\/ul>\n\n\n\n<p>Los interesados pueden inscribirse a trav\u00e9s del WhatsApp de la CEM: 2324693478, o bien por correo electr\u00f3nico en camaraeconomicamercedina@gmail.com. Esta es una oportunidad \u00fanica para adquirir conocimientos pr\u00e1cticos que ayudar\u00e1n a mejorar las habilidades de venta en un mercado cada vez m\u00e1s competitivo. <\/p>\n\n\n\n<p>El Lic. Panero es un profesional con una s\u00f3lida formaci\u00f3n en administraci\u00f3n y m\u00e1s de una d\u00e9cada de experiencia en capacitaci\u00f3n de equipos de ventas en diversas empresas nacionales e internacionales, incluyendo Manpower (M\u00e9xico), Unilever (Uruguay) y varias grandes corporaciones en Argentina.<\/p>\n\n\n\n<p><\/p>\n","protected":false},"excerpt":{"rendered":"<p>La C\u00e1mara Econ\u00f3mica Mercedina invita a una capacitaci\u00f3n virtual que tiene como t\u00edtulo \u00abT\u00e9cnica de ventas con WhatsApp\u00bb con la &#8230; <a title=\"Capacitaci\u00f3n sobre t\u00e9cnicas de ventas organiza la CEM\" class=\"read-more\" href=\"https:\/\/www.hoymercedes.com.ar\/principal\/2024\/07\/19\/capacitacion-sobre-tecnicas-de-ventas-organiza-la-cem\/\" aria-label=\"Leer m\u00e1s sobre Capacitaci\u00f3n sobre t\u00e9cnicas de ventas organiza la CEM\">Leer m\u00e1s<\/a><\/p>\n","protected":false},"author":1,"featured_media":177329,"comment_status":"closed","ping_status":"open","sticky":false,"template":"","format":"standard","meta":{"_monsterinsights_skip_tracking":false,"_monsterinsights_sitenote_active":false,"_monsterinsights_sitenote_note":"","_monsterinsights_sitenote_category":0,"jetpack_post_was_ever_published":false,"_jetpack_newsletter_access":"","_jetpack_dont_email_post_to_subs":false,"_jetpack_newsletter_tier_id":0,"_jetpack_memberships_contains_paywalled_content":false,"_jetpack_memberships_contains_paid_content":false,"footnotes":"","jetpack_publicize_message":"","jetpack_publicize_feature_enabled":true,"jetpack_social_post_already_shared":true,"jetpack_social_options":{"image_generator_settings":{"template":"highway","default_image_id":0,"font":"","enabled":false},"version":2},"_wpas_customize_per_network":false},"categories":[8],"tags":[],"class_list":["post-177323","post","type-post","status-publish","format-standard","has-post-thumbnail","hentry","category-sociedad","generate-columns","tablet-grid-50","mobile-grid-100","grid-parent","grid-50"],"jetpack_publicize_connections":[],"jetpack_featured_media_url":"https:\/\/www.hoymercedes.com.ar\/principal\/wp-content\/uploads\/2024\/07\/Imagen-de-WhatsApp-2024-07-19-a-las-17.48.58_9cf0caf5.jpg","wps_subtitle":"","jetpack_sharing_enabled":true,"_links":{"self":[{"href":"https:\/\/www.hoymercedes.com.ar\/principal\/wp-json\/wp\/v2\/posts\/177323","targetHints":{"allow":["GET"]}}],"collection":[{"href":"https:\/\/www.hoymercedes.com.ar\/principal\/wp-json\/wp\/v2\/posts"}],"about":[{"href":"https:\/\/www.hoymercedes.com.ar\/principal\/wp-json\/wp\/v2\/types\/post"}],"author":[{"embeddable":true,"href":"https:\/\/www.hoymercedes.com.ar\/principal\/wp-json\/wp\/v2\/users\/1"}],"replies":[{"embeddable":true,"href":"https:\/\/www.hoymercedes.com.ar\/principal\/wp-json\/wp\/v2\/comments?post=177323"}],"version-history":[{"count":0,"href":"https:\/\/www.hoymercedes.com.ar\/principal\/wp-json\/wp\/v2\/posts\/177323\/revisions"}],"wp:featuredmedia":[{"embeddable":true,"href":"https:\/\/www.hoymercedes.com.ar\/principal\/wp-json\/wp\/v2\/media\/177329"}],"wp:attachment":[{"href":"https:\/\/www.hoymercedes.com.ar\/principal\/wp-json\/wp\/v2\/media?parent=177323"}],"wp:term":[{"taxonomy":"category","embeddable":true,"href":"https:\/\/www.hoymercedes.com.ar\/principal\/wp-json\/wp\/v2\/categories?post=177323"},{"taxonomy":"post_tag","embeddable":true,"href":"https:\/\/www.hoymercedes.com.ar\/principal\/wp-json\/wp\/v2\/tags?post=177323"}],"curies":[{"name":"wp","href":"https:\/\/api.w.org\/{rel}","templated":true}]}}