{"id":177374,"date":"2024-07-21T09:00:00","date_gmt":"2024-07-21T12:00:00","guid":{"rendered":"https:\/\/www.hoymercedes.com.ar\/principal\/?p=177374"},"modified":"2024-07-21T04:15:24","modified_gmt":"2024-07-21T07:15:24","slug":"reserva-balta-experiencia-natural-y-familiar-para-disfrutar-en-vacaciones","status":"publish","type":"post","link":"https:\/\/www.hoymercedes.com.ar\/principal\/2024\/07\/21\/reserva-balta-experiencia-natural-y-familiar-para-disfrutar-en-vacaciones\/","title":{"rendered":"Reserva Balta: experiencia natural y familiar para disfrutar en vacaciones"},"content":{"rendered":"\n<figure class=\"wp-block-image size-large\"><img loading=\"lazy\" decoding=\"async\" width=\"1024\" height=\"768\" data-attachment-id=\"177375\" data-permalink=\"https:\/\/www.hoymercedes.com.ar\/principal\/2024\/07\/21\/reserva-balta-experiencia-natural-y-familiar-para-disfrutar-en-vacaciones\/balta-2-3\/#main\" data-orig-file=\"https:\/\/www.hoymercedes.com.ar\/principal\/wp-content\/uploads\/2024\/07\/Balta-2.jpg\" data-orig-size=\"1280,960\" data-comments-opened=\"0\" data-image-meta=\"{&quot;aperture&quot;:&quot;0&quot;,&quot;credit&quot;:&quot;&quot;,&quot;camera&quot;:&quot;&quot;,&quot;caption&quot;:&quot;&quot;,&quot;created_timestamp&quot;:&quot;0&quot;,&quot;copyright&quot;:&quot;&quot;,&quot;focal_length&quot;:&quot;0&quot;,&quot;iso&quot;:&quot;0&quot;,&quot;shutter_speed&quot;:&quot;0&quot;,&quot;title&quot;:&quot;&quot;,&quot;orientation&quot;:&quot;0&quot;}\" data-image-title=\"Reserva Balta: experiencia natural y familiar para disfrutar en vacaciones\" data-image-description=\"&lt;p&gt;Reserva Balta: experiencia natural y familiar para disfrutar en vacaciones&lt;\/p&gt;\n\" data-image-caption=\"&lt;p&gt;Reserva Balta: experiencia natural y familiar para disfrutar en vacaciones&lt;\/p&gt;\n\" data-large-file=\"https:\/\/www.hoymercedes.com.ar\/principal\/wp-content\/uploads\/2024\/07\/Balta-2-1024x768.jpg\" src=\"https:\/\/www.hoymercedes.com.ar\/principal\/wp-content\/uploads\/2024\/07\/Balta-2-1024x768.jpg\" alt=\"\" class=\"wp-image-177375\" srcset=\"https:\/\/www.hoymercedes.com.ar\/principal\/wp-content\/uploads\/2024\/07\/Balta-2-1024x768.jpg 1024w, https:\/\/www.hoymercedes.com.ar\/principal\/wp-content\/uploads\/2024\/07\/Balta-2-630x473.jpg 630w, https:\/\/www.hoymercedes.com.ar\/principal\/wp-content\/uploads\/2024\/07\/Balta-2-150x113.jpg 150w, https:\/\/www.hoymercedes.com.ar\/principal\/wp-content\/uploads\/2024\/07\/Balta-2.jpg 1280w\" sizes=\"auto, (max-width: 1024px) 100vw, 1024px\" \/><\/figure>\n\n\n\n<p>Estas vacaciones de invierno en la ciudad est\u00e1n llenas de actividades y la Reserva del Arroyo Balta no es la excepci\u00f3n. Desde este hermoso espacio natural se est\u00e1n llevando adelante visitas guiadas y bicicleteadas para que toda la familia pueda disfrutar. As\u00ed lo cuenta <strong>Marcelo Bello<\/strong> desde el \u00e1rea de ambiente municipal: \u201cEste es un muy buen lugar para desconectarse de la rutina diaria y disfrutar un poco de la naturaleza\u201d.<\/p>\n\n\n\n<p>\u201cAhora estamos con una propuesta, recibiendo a las familias para hacer visitas guiadas y quiere saber en detalle lo que hay en la reserva\u201d y agreg\u00f3 \u201ctambi\u00e9n podemos prestar bicicletas para hacer un recorrido por lo que hay de todo\u201d.<\/p>\n\n\n\n<p>En este sentido, Bello inform\u00f3 \u201cen principio los recibimos en el Centro de Interpretaci\u00f3n y les contamos la historia de c\u00f3mo nace esta reserva, qu\u00e9 es lo que tratamos de conservar, las dimensiones que tiene la reserva, los valores, ya sea la biodiversidad tanto natural en cuanto a la flora y la fauna, y tenemos el agregado de lo que es el patrimonio paleontol\u00f3gico\u201d y a\u00f1adi\u00f3 \u201ccomenzamos con esa charla y luego hacemos un recorrido por el \u00e1rea de pastizal para luego ir a los miradores para observar la laguna o el propio arroyo Balta\u201d.<\/p>\n\n\n\n<figure class=\"wp-block-image size-large\"><img loading=\"lazy\" decoding=\"async\" width=\"1024\" height=\"770\" data-attachment-id=\"177376\" data-permalink=\"https:\/\/www.hoymercedes.com.ar\/principal\/2024\/07\/21\/reserva-balta-experiencia-natural-y-familiar-para-disfrutar-en-vacaciones\/balta-4-2\/#main\" data-orig-file=\"https:\/\/www.hoymercedes.com.ar\/principal\/wp-content\/uploads\/2024\/07\/Balta-4.jpg\" data-orig-size=\"1280,963\" data-comments-opened=\"0\" data-image-meta=\"{&quot;aperture&quot;:&quot;0&quot;,&quot;credit&quot;:&quot;&quot;,&quot;camera&quot;:&quot;&quot;,&quot;caption&quot;:&quot;&quot;,&quot;created_timestamp&quot;:&quot;0&quot;,&quot;copyright&quot;:&quot;&quot;,&quot;focal_length&quot;:&quot;0&quot;,&quot;iso&quot;:&quot;0&quot;,&quot;shutter_speed&quot;:&quot;0&quot;,&quot;title&quot;:&quot;&quot;,&quot;orientation&quot;:&quot;0&quot;}\" data-image-title=\"Reserva Balta: experiencia natural y familiar para disfrutar en vacaciones\" data-image-description=\"&lt;p&gt;Reserva Balta: experiencia natural y familiar para disfrutar en vacaciones&lt;\/p&gt;\n\" data-image-caption=\"&lt;p&gt;Reserva Balta: experiencia natural y familiar para disfrutar en vacaciones&lt;\/p&gt;\n\" data-large-file=\"https:\/\/www.hoymercedes.com.ar\/principal\/wp-content\/uploads\/2024\/07\/Balta-4-1024x770.jpg\" src=\"https:\/\/www.hoymercedes.com.ar\/principal\/wp-content\/uploads\/2024\/07\/Balta-4-1024x770.jpg\" alt=\"\" class=\"wp-image-177376\" srcset=\"https:\/\/www.hoymercedes.com.ar\/principal\/wp-content\/uploads\/2024\/07\/Balta-4-1024x770.jpg 1024w, https:\/\/www.hoymercedes.com.ar\/principal\/wp-content\/uploads\/2024\/07\/Balta-4-630x474.jpg 630w, https:\/\/www.hoymercedes.com.ar\/principal\/wp-content\/uploads\/2024\/07\/Balta-4-150x113.jpg 150w, https:\/\/www.hoymercedes.com.ar\/principal\/wp-content\/uploads\/2024\/07\/Balta-4.jpg 1280w\" sizes=\"auto, (max-width: 1024px) 100vw, 1024px\" \/><\/figure>\n\n\n\n<p><mark style=\"background-color:#fcb900\" class=\"has-inline-color\"><strong><em>Asimismo, Marcelo Bello se\u00f1al\u00f3 \u201cde lunes a viernes tenemos presencia en la reserva donde estamos de 08:00 a 14:00 horas y s\u00e1bados y domingos de 14:00 16:00 aproximadamente\u201d<\/em><\/strong><\/mark><\/p>\n\n\n\n<p>De esta manera, durante estas vacaciones se puede conocer la flora y fauna bonaerense, as\u00ed como tambi\u00e9n el yacimiento paleontol\u00f3gico, donde se hallaron diversas especies de fauna de hace 10 mil a\u00f1os, d\u00f3nde, adem\u00e1s, desde el \u00e1rea de Ambiente se viene -desde hace un tiempo- interviniendo con construcci\u00f3n de miradores, puentes, sectores de mantenimiento y cuidado, carteler\u00eda y medidas de protecci\u00f3n de la reserva.<\/p>\n","protected":false},"excerpt":{"rendered":"<p>Estas vacaciones de invierno en la ciudad est\u00e1n llenas de actividades y la Reserva del Arroyo Balta no es la &#8230; <a title=\"Reserva Balta: experiencia natural y familiar para disfrutar en vacaciones\" class=\"read-more\" href=\"https:\/\/www.hoymercedes.com.ar\/principal\/2024\/07\/21\/reserva-balta-experiencia-natural-y-familiar-para-disfrutar-en-vacaciones\/\" aria-label=\"Leer m\u00e1s sobre Reserva Balta: experiencia natural y familiar para disfrutar en vacaciones\">Leer m\u00e1s<\/a><\/p>\n","protected":false},"author":1,"featured_media":177376,"comment_status":"closed","ping_status":"open","sticky":false,"template":"","format":"standard","meta":{"_monsterinsights_skip_tracking":false,"_monsterinsights_sitenote_active":false,"_monsterinsights_sitenote_note":"","_monsterinsights_sitenote_category":0,"jetpack_post_was_ever_published":false,"_jetpack_newsletter_access":"","_jetpack_dont_email_post_to_subs":false,"_jetpack_newsletter_tier_id":0,"_jetpack_memberships_contains_paywalled_content":false,"_jetpack_memberships_contains_paid_content":false,"footnotes":"","jetpack_publicize_message":"","jetpack_publicize_feature_enabled":true,"jetpack_social_post_already_shared":true,"jetpack_social_options":{"image_generator_settings":{"template":"highway","default_image_id":0,"font":"","enabled":false},"version":2},"_wpas_customize_per_network":false},"categories":[30],"tags":[19639,103,19638,7629],"class_list":["post-177374","post","type-post","status-publish","format-standard","has-post-thumbnail","hentry","category-municipio","tag-ambiente-mercedes","tag-arroyo-balta","tag-marcelo-bello","tag-vacaciones-de-invierno","generate-columns","tablet-grid-50","mobile-grid-100","grid-parent","grid-50"],"jetpack_publicize_connections":[],"jetpack_featured_media_url":"https:\/\/www.hoymercedes.com.ar\/principal\/wp-content\/uploads\/2024\/07\/Balta-4.jpg","wps_subtitle":"Aire libre y vacaciones","jetpack_sharing_enabled":true,"_links":{"self":[{"href":"https:\/\/www.hoymercedes.com.ar\/principal\/wp-json\/wp\/v2\/posts\/177374","targetHints":{"allow":["GET"]}}],"collection":[{"href":"https:\/\/www.hoymercedes.com.ar\/principal\/wp-json\/wp\/v2\/posts"}],"about":[{"href":"https:\/\/www.hoymercedes.com.ar\/principal\/wp-json\/wp\/v2\/types\/post"}],"author":[{"embeddable":true,"href":"https:\/\/www.hoymercedes.com.ar\/principal\/wp-json\/wp\/v2\/users\/1"}],"replies":[{"embeddable":true,"href":"https:\/\/www.hoymercedes.com.ar\/principal\/wp-json\/wp\/v2\/comments?post=177374"}],"version-history":[{"count":0,"href":"https:\/\/www.hoymercedes.com.ar\/principal\/wp-json\/wp\/v2\/posts\/177374\/revisions"}],"wp:featuredmedia":[{"embeddable":true,"href":"https:\/\/www.hoymercedes.com.ar\/principal\/wp-json\/wp\/v2\/media\/177376"}],"wp:attachment":[{"href":"https:\/\/www.hoymercedes.com.ar\/principal\/wp-json\/wp\/v2\/media?parent=177374"}],"wp:term":[{"taxonomy":"category","embeddable":true,"href":"https:\/\/www.hoymercedes.com.ar\/principal\/wp-json\/wp\/v2\/categories?post=177374"},{"taxonomy":"post_tag","embeddable":true,"href":"https:\/\/www.hoymercedes.com.ar\/principal\/wp-json\/wp\/v2\/tags?post=177374"}],"curies":[{"name":"wp","href":"https:\/\/api.w.org\/{rel}","templated":true}]}}