{"id":177410,"date":"2024-07-22T12:06:48","date_gmt":"2024-07-22T15:06:48","guid":{"rendered":"https:\/\/www.hoymercedes.com.ar\/principal\/?p=177410"},"modified":"2024-07-22T12:06:52","modified_gmt":"2024-07-22T15:06:52","slug":"presentan-recital-a-beneficio-de-la-red-de-comedores-mercedinos","status":"publish","type":"post","link":"https:\/\/www.hoymercedes.com.ar\/principal\/2024\/07\/22\/presentan-recital-a-beneficio-de-la-red-de-comedores-mercedinos\/","title":{"rendered":"Presentan recital a beneficio de la \u201cRed de comedores mercedinos\u201d"},"content":{"rendered":"\n<figure class=\"wp-block-image size-large\"><img loading=\"lazy\" decoding=\"async\" width=\"1024\" height=\"682\" data-attachment-id=\"177411\" data-permalink=\"https:\/\/www.hoymercedes.com.ar\/principal\/2024\/07\/22\/presentan-recital-a-beneficio-de-la-red-de-comedores-mercedinos\/comedoresmercedes-rockabeneficio\/#main\" data-orig-file=\"https:\/\/www.hoymercedes.com.ar\/principal\/wp-content\/uploads\/2024\/07\/ComedoresMercedes-RockaBeneficio.jpg\" data-orig-size=\"1319,879\" data-comments-opened=\"0\" data-image-meta=\"{&quot;aperture&quot;:&quot;0&quot;,&quot;credit&quot;:&quot;&quot;,&quot;camera&quot;:&quot;&quot;,&quot;caption&quot;:&quot;&quot;,&quot;created_timestamp&quot;:&quot;0&quot;,&quot;copyright&quot;:&quot;&quot;,&quot;focal_length&quot;:&quot;0&quot;,&quot;iso&quot;:&quot;0&quot;,&quot;shutter_speed&quot;:&quot;0&quot;,&quot;title&quot;:&quot;&quot;,&quot;orientation&quot;:&quot;0&quot;}\" data-image-title=\"ComedoresMercedes-RockaBeneficio\" data-image-description=\"&lt;p&gt;Presentan recital a beneficio de la \u201cRed de comedores mercedinos\u201d&lt;\/p&gt;\n\" data-image-caption=\"&lt;p&gt;Presentan recital a beneficio de la \u201cRed de comedores mercedinos\u201d&lt;\/p&gt;\n\" data-large-file=\"https:\/\/www.hoymercedes.com.ar\/principal\/wp-content\/uploads\/2024\/07\/ComedoresMercedes-RockaBeneficio-1024x682.jpg\" src=\"https:\/\/www.hoymercedes.com.ar\/principal\/wp-content\/uploads\/2024\/07\/ComedoresMercedes-RockaBeneficio-1024x682.jpg\" alt=\"\" class=\"wp-image-177411\" srcset=\"https:\/\/www.hoymercedes.com.ar\/principal\/wp-content\/uploads\/2024\/07\/ComedoresMercedes-RockaBeneficio-1024x682.jpg 1024w, https:\/\/www.hoymercedes.com.ar\/principal\/wp-content\/uploads\/2024\/07\/ComedoresMercedes-RockaBeneficio-630x420.jpg 630w, https:\/\/www.hoymercedes.com.ar\/principal\/wp-content\/uploads\/2024\/07\/ComedoresMercedes-RockaBeneficio-150x100.jpg 150w, https:\/\/www.hoymercedes.com.ar\/principal\/wp-content\/uploads\/2024\/07\/ComedoresMercedes-RockaBeneficio-700x465.jpg 700w, https:\/\/www.hoymercedes.com.ar\/principal\/wp-content\/uploads\/2024\/07\/ComedoresMercedes-RockaBeneficio.jpg 1319w\" sizes=\"auto, (max-width: 1024px) 100vw, 1024px\" \/><\/figure>\n\n\n\n<p>Bandas y representantes de la red de comedores mercedinos anunciaron el 9 de agosto se realizar\u00e1 en el Centro Cultural La Trocha un Festival Solidario a beneficio de la red de comedores y merenderos de nuestra ciudad. Las bandas que participar\u00e1n ser\u00e1n Las Pistolas de Warhol y Gran Lady y las entradas tendr\u00e1n un valor de dos mil pesos.<\/p>\n\n\n\n<p>Mirna Chavero dijo \u201cnosotros somos parte de una red de comedores comunitarios que nace a partir de este contexto social y una necesidad de poder abastecer con alimentos a la comunidad de Mercedes m\u00e1s vulnerable, por lo que decidimos trabajar de manera conjunta con los comedores y merenderos de la ciudad de Mercedes para poder recibir donaciones y eventos a beneficio como este festival solidario por parte de las bandas\u201d y a\u00f1adi\u00f3 \u201cel primer evento ser\u00e1 en la Trocha el d\u00eda 9 de agosto a partir de las 20:00 horas cuya entrada tendr\u00e1 el valor de 2 mil pesos cuya recaudaci\u00f3n ser\u00e1 a beneficio de los comedores que integran la red\u201d.<\/p>\n\n\n\n<p>\u201cLa solidaridad es una virtud de Mercedes por lo que los convocamos, va a haber diferentes puntos de ventas, y est\u00e1n todos m\u00e1s que invitados\u201d.<\/p>\n\n\n\n<p>Por su parte, Florencia Ferrarazo coordinadora del programa alimentario municipal, de la Secretaria de Desarrollo de la comunidad se\u00f1al\u00f3 \u201cvamos a acompa\u00f1ar esta propuesta, que un poco nace a partir de este cambio que tuvimos este a\u00f1o con el cese de los fondos que recib\u00edamos desde el Gobierno Nacional, donde todos los presupuestos que ten\u00edamos asignados para la asistencia y financiamientos para estos espacios y comedores se vio afectado\u201d.<\/p>\n\n\n\n<p>Desde Gran Lady, una de las bandas convocada para este festival solidario \u201ces importante que vengan, participen y colaboren con esta movida que es en bien de much\u00edsimos chicos, chicas y familias de Mercedes\u201d.<\/p>\n\n\n\n<p>Por su parte, desde las Pistolas de Warhol la otra banda de rock que participar\u00e1 en el festival indic\u00f3 \u201cnosotros tuvimos la inquietud de acercar las bandas a los barrios, a veces se hace dif\u00edcil por la organizaci\u00f3n y cuando surgi\u00f3 esta movida debido al momento que est\u00e1 viviendo el pa\u00eds, los comedores no lo dudamos\u201d y agradeci\u00f3 \u201cel trabajo que hacen los chicos de los comedores en todos los barrios que es algo hoy muy necesario, mucho m\u00e1s que antes\u201d.<\/p>\n\n\n\n<p>\u201cSurgi\u00f3 esta iniciativa donde con los chicos de la banda lo hablamos, de hacer una fecha solidaria, para poder colaborar con el gran trabajo que se hace desde los comedores\u201d expresaron.<\/p>\n\n\n\n<p>Adem\u00e1s, los que concurran podr\u00e1n colaborar con juguetes, \u00fatiles escolares o donaciones.<\/p>\n","protected":false},"excerpt":{"rendered":"<p>Bandas y representantes de la red de comedores mercedinos anunciaron el 9 de agosto se realizar\u00e1 en el Centro Cultural &#8230; <a title=\"Presentan recital a beneficio de la \u201cRed de comedores mercedinos\u201d\" class=\"read-more\" href=\"https:\/\/www.hoymercedes.com.ar\/principal\/2024\/07\/22\/presentan-recital-a-beneficio-de-la-red-de-comedores-mercedinos\/\" aria-label=\"Leer m\u00e1s sobre Presentan recital a beneficio de la \u201cRed de comedores mercedinos\u201d\">Leer m\u00e1s<\/a><\/p>\n","protected":false},"author":1,"featured_media":177411,"comment_status":"closed","ping_status":"open","sticky":false,"template":"","format":"standard","meta":{"_monsterinsights_skip_tracking":false,"_monsterinsights_sitenote_active":false,"_monsterinsights_sitenote_note":"","_monsterinsights_sitenote_category":0,"jetpack_post_was_ever_published":false,"_jetpack_newsletter_access":"","_jetpack_dont_email_post_to_subs":false,"_jetpack_newsletter_tier_id":0,"_jetpack_memberships_contains_paywalled_content":false,"_jetpack_memberships_contains_paid_content":false,"footnotes":"","jetpack_publicize_message":"","jetpack_publicize_feature_enabled":true,"jetpack_social_post_already_shared":true,"jetpack_social_options":{"image_generator_settings":{"template":"highway","default_image_id":0,"font":"","enabled":false},"version":2},"_wpas_customize_per_network":false},"categories":[8],"tags":[18540,19644,19643],"class_list":["post-177410","post","type-post","status-publish","format-standard","has-post-thumbnail","hentry","category-sociedad","tag-gran-lady","tag-las-pistolas-de-wharhol","tag-red-de-comedores-mercedes","generate-columns","tablet-grid-50","mobile-grid-100","grid-parent","grid-50"],"jetpack_publicize_connections":[],"jetpack_featured_media_url":"https:\/\/www.hoymercedes.com.ar\/principal\/wp-content\/uploads\/2024\/07\/ComedoresMercedes-RockaBeneficio.jpg","wps_subtitle":"A beneficio","jetpack_sharing_enabled":true,"_links":{"self":[{"href":"https:\/\/www.hoymercedes.com.ar\/principal\/wp-json\/wp\/v2\/posts\/177410","targetHints":{"allow":["GET"]}}],"collection":[{"href":"https:\/\/www.hoymercedes.com.ar\/principal\/wp-json\/wp\/v2\/posts"}],"about":[{"href":"https:\/\/www.hoymercedes.com.ar\/principal\/wp-json\/wp\/v2\/types\/post"}],"author":[{"embeddable":true,"href":"https:\/\/www.hoymercedes.com.ar\/principal\/wp-json\/wp\/v2\/users\/1"}],"replies":[{"embeddable":true,"href":"https:\/\/www.hoymercedes.com.ar\/principal\/wp-json\/wp\/v2\/comments?post=177410"}],"version-history":[{"count":0,"href":"https:\/\/www.hoymercedes.com.ar\/principal\/wp-json\/wp\/v2\/posts\/177410\/revisions"}],"wp:featuredmedia":[{"embeddable":true,"href":"https:\/\/www.hoymercedes.com.ar\/principal\/wp-json\/wp\/v2\/media\/177411"}],"wp:attachment":[{"href":"https:\/\/www.hoymercedes.com.ar\/principal\/wp-json\/wp\/v2\/media?parent=177410"}],"wp:term":[{"taxonomy":"category","embeddable":true,"href":"https:\/\/www.hoymercedes.com.ar\/principal\/wp-json\/wp\/v2\/categories?post=177410"},{"taxonomy":"post_tag","embeddable":true,"href":"https:\/\/www.hoymercedes.com.ar\/principal\/wp-json\/wp\/v2\/tags?post=177410"}],"curies":[{"name":"wp","href":"https:\/\/api.w.org\/{rel}","templated":true}]}}