{"id":177414,"date":"2024-07-15T12:10:09","date_gmt":"2024-07-15T15:10:09","guid":{"rendered":"https:\/\/www.hoymercedes.com.ar\/principal\/?p=177414"},"modified":"2024-07-22T12:16:32","modified_gmt":"2024-07-22T15:16:32","slug":"el-bloguero-ivan-vanney-fue-llevado-a-juicio-y-acepto-sanciones-por-los-danos-cometidos","status":"publish","type":"post","link":"https:\/\/www.hoymercedes.com.ar\/principal\/2024\/07\/15\/el-bloguero-ivan-vanney-fue-llevado-a-juicio-y-acepto-sanciones-por-los-danos-cometidos\/","title":{"rendered":"El bloguero Iv\u00e1n Vanney fue llevado a Juicio y acept\u00f3 sanciones por los da\u00f1os cometidos"},"content":{"rendered":"\n<p><\/p>\n\n\n\n<p>El bloguero Iv\u00e1n Vanney deber\u00e1 cumplir distintas sanciones y someterse a un estricto control judicial durante un a\u00f1o y medio, luego de admitir su culpabilidad en tres hechos de violencia contra distintas instituciones de nuestra ciudad y aceptar una \u201cprobation\u201d para evitar penas mayores.<\/p>\n\n\n\n<p>Vanney, acusado de al menos tres hechos de violencia contra instituciones, personas y espacios p\u00fablicos y privados y, a ra\u00edz de eso, llevado a juicio, admiti\u00f3 su responsabilidad antes del inicio del proceso.<\/p>\n\n\n\n<p>El bloguero se caracteriza por difundir noticias falsas y difamaciones de todo tipo a trav\u00e9s de una p\u00e1gina personal y de sus cuentas en redes sociales. La agresividad que expresa en sus textos se puso de manifiesto en los tres hechos de violencia finalmente admitidos: uno contra la empresa EDEN, otro contra integrantes de la Polic\u00eda Comunal y el restante contra la Comisi\u00f3n de de Familiares y Amigos y Detenidos por la \u00faltima dictadura c\u00edvico-militar, instituci\u00f3n que impuls\u00f3 el juicio junto con la fiscal\u00eda.<\/p>\n\n\n\n<p>Vanney naci\u00f3 y es vecino de Mercedes, aunque antes de dedicarse a su blog vivi\u00f3 durante muchos a\u00f1os fuera del pa\u00eds.<\/p>\n\n\n\n<p><strong>Juicio<\/strong><\/p>\n\n\n\n<p><a><\/a>El acusado, ante la posibilidad cierta de recibir una pena m\u00e1s severa, evit\u00f3 ir a juicio tras admitir su culpabilidad y aceptar una probation determinada por el Tribunal Correccional N\u00b04 del Departamento Judicial Mercedes.<\/p>\n\n\n\n<p><strong>Comisi\u00f3n<\/strong><\/p>\n\n\n\n<p>La Comisi\u00f3n hab\u00eda sufrido la rotura de sus lonas en un homenaje a las victimas mercedinas del terrorismo de Estado, hecho del que finalmente se hizo cargo Vanney. En aquella oportunidad, adem\u00e1s, amenaz\u00f3 e insult\u00f3 a los presentes antes de alejarse sobre su moto. Los hechos ocurrieron en la tradicional vigilia por el 24 de marzo de 2022 en plaza San Mart\u00edn.<\/p>\n\n\n\n<p>\u201cPara nosotros es un lugar y momento muy significativo. No tenemos un cementerio donde ir a llevar flores, donde visitar a nuestros seres queridos. Es por ello que el acto, las fotos, el momento de encuentro tiene tanto valor\u201d expresaron desde la Comisi\u00f3n y narraron que \u201centendemos que la gravedad del hecho es hist\u00f3rica, simb\u00f3lica, social e individual. Nunca en 48 a\u00f1os de democracia hemos sufrido un acto semejante\u201d.<\/p>\n\n\n\n<p><strong>Probation<\/strong><\/p>\n\n\n\n<p>La determinaci\u00f3n de la Justicia dio lugar no s\u00f3lo al reclamo judicial efectuado por la Comisi\u00f3n de Familiares (que ante la violencia y el ultrajo generado entendi\u00f3 que Vanney deb\u00eda dar respuesta a la sociedad), sino tambi\u00e9n por las agresiones al personal de la Polic\u00eda Comunal y la empresa EDEN, tambi\u00e9n puestas a consideraci\u00f3n del tribunal.<\/p>\n","protected":false},"excerpt":{"rendered":"<p>El bloguero Iv\u00e1n Vanney deber\u00e1 cumplir distintas sanciones y someterse a un estricto control judicial durante un a\u00f1o y medio, &#8230; <a title=\"El bloguero Iv\u00e1n Vanney fue llevado a Juicio y acept\u00f3 sanciones por los da\u00f1os cometidos\" class=\"read-more\" href=\"https:\/\/www.hoymercedes.com.ar\/principal\/2024\/07\/15\/el-bloguero-ivan-vanney-fue-llevado-a-juicio-y-acepto-sanciones-por-los-danos-cometidos\/\" aria-label=\"Leer m\u00e1s sobre El bloguero Iv\u00e1n Vanney fue llevado a Juicio y acept\u00f3 sanciones por los da\u00f1os cometidos\">Leer m\u00e1s<\/a><\/p>\n","protected":false},"author":1,"featured_media":177415,"comment_status":"closed","ping_status":"open","sticky":false,"template":"","format":"standard","meta":{"_monsterinsights_skip_tracking":false,"_monsterinsights_sitenote_active":false,"_monsterinsights_sitenote_note":"","_monsterinsights_sitenote_category":0,"jetpack_post_was_ever_published":false,"_jetpack_newsletter_access":"","_jetpack_dont_email_post_to_subs":false,"_jetpack_newsletter_tier_id":0,"_jetpack_memberships_contains_paywalled_content":false,"_jetpack_memberships_contains_paid_content":false,"footnotes":"","jetpack_publicize_message":"","jetpack_publicize_feature_enabled":true,"jetpack_social_post_already_shared":true,"jetpack_social_options":{"image_generator_settings":{"template":"highway","default_image_id":0,"font":"","enabled":false},"version":2},"_wpas_customize_per_network":false},"categories":[8],"tags":[],"class_list":["post-177414","post","type-post","status-publish","format-standard","has-post-thumbnail","hentry","category-sociedad","generate-columns","tablet-grid-50","mobile-grid-100","grid-parent","grid-50"],"jetpack_publicize_connections":[],"jetpack_featured_media_url":"https:\/\/www.hoymercedes.com.ar\/principal\/wp-content\/uploads\/2024\/07\/vn.png","wps_subtitle":"","jetpack_sharing_enabled":true,"_links":{"self":[{"href":"https:\/\/www.hoymercedes.com.ar\/principal\/wp-json\/wp\/v2\/posts\/177414","targetHints":{"allow":["GET"]}}],"collection":[{"href":"https:\/\/www.hoymercedes.com.ar\/principal\/wp-json\/wp\/v2\/posts"}],"about":[{"href":"https:\/\/www.hoymercedes.com.ar\/principal\/wp-json\/wp\/v2\/types\/post"}],"author":[{"embeddable":true,"href":"https:\/\/www.hoymercedes.com.ar\/principal\/wp-json\/wp\/v2\/users\/1"}],"replies":[{"embeddable":true,"href":"https:\/\/www.hoymercedes.com.ar\/principal\/wp-json\/wp\/v2\/comments?post=177414"}],"version-history":[{"count":0,"href":"https:\/\/www.hoymercedes.com.ar\/principal\/wp-json\/wp\/v2\/posts\/177414\/revisions"}],"wp:featuredmedia":[{"embeddable":true,"href":"https:\/\/www.hoymercedes.com.ar\/principal\/wp-json\/wp\/v2\/media\/177415"}],"wp:attachment":[{"href":"https:\/\/www.hoymercedes.com.ar\/principal\/wp-json\/wp\/v2\/media?parent=177414"}],"wp:term":[{"taxonomy":"category","embeddable":true,"href":"https:\/\/www.hoymercedes.com.ar\/principal\/wp-json\/wp\/v2\/categories?post=177414"},{"taxonomy":"post_tag","embeddable":true,"href":"https:\/\/www.hoymercedes.com.ar\/principal\/wp-json\/wp\/v2\/tags?post=177414"}],"curies":[{"name":"wp","href":"https:\/\/api.w.org\/{rel}","templated":true}]}}