{"id":177428,"date":"2024-07-22T21:46:51","date_gmt":"2024-07-23T00:46:51","guid":{"rendered":"https:\/\/www.hoymercedes.com.ar\/principal\/?p=177428"},"modified":"2024-07-22T21:46:53","modified_gmt":"2024-07-23T00:46:53","slug":"dia-movido-para-bomberos-voluntarios","status":"publish","type":"post","link":"https:\/\/www.hoymercedes.com.ar\/principal\/2024\/07\/22\/dia-movido-para-bomberos-voluntarios\/","title":{"rendered":"D\u00eda movido para Bomberos Voluntarios"},"content":{"rendered":"\n<figure class=\"wp-block-image size-large\"><img loading=\"lazy\" decoding=\"async\" width=\"1024\" height=\"576\" data-attachment-id=\"177429\" data-permalink=\"https:\/\/www.hoymercedes.com.ar\/principal\/2024\/07\/22\/dia-movido-para-bomberos-voluntarios\/bomberos-pasto-incendio\/#main\" data-orig-file=\"https:\/\/www.hoymercedes.com.ar\/principal\/wp-content\/uploads\/2024\/07\/Bomberos-Pasto-Incendio.jpg\" data-orig-size=\"1280,720\" data-comments-opened=\"0\" data-image-meta=\"{&quot;aperture&quot;:&quot;0&quot;,&quot;credit&quot;:&quot;&quot;,&quot;camera&quot;:&quot;&quot;,&quot;caption&quot;:&quot;&quot;,&quot;created_timestamp&quot;:&quot;0&quot;,&quot;copyright&quot;:&quot;&quot;,&quot;focal_length&quot;:&quot;0&quot;,&quot;iso&quot;:&quot;0&quot;,&quot;shutter_speed&quot;:&quot;0&quot;,&quot;title&quot;:&quot;&quot;,&quot;orientation&quot;:&quot;0&quot;}\" data-image-title=\"Bomberos-Pasto-Incendio\" data-image-description=\"&lt;p&gt;Bomberos Voluntarios de Mercedes&lt;\/p&gt;\n\" data-image-caption=\"&lt;p&gt;Bomberos Voluntarios de Mercedes&lt;\/p&gt;\n\" data-large-file=\"https:\/\/www.hoymercedes.com.ar\/principal\/wp-content\/uploads\/2024\/07\/Bomberos-Pasto-Incendio-1024x576.jpg\" src=\"https:\/\/www.hoymercedes.com.ar\/principal\/wp-content\/uploads\/2024\/07\/Bomberos-Pasto-Incendio-1024x576.jpg\" alt=\"\" class=\"wp-image-177429\" srcset=\"https:\/\/www.hoymercedes.com.ar\/principal\/wp-content\/uploads\/2024\/07\/Bomberos-Pasto-Incendio-1024x576.jpg 1024w, https:\/\/www.hoymercedes.com.ar\/principal\/wp-content\/uploads\/2024\/07\/Bomberos-Pasto-Incendio-630x354.jpg 630w, https:\/\/www.hoymercedes.com.ar\/principal\/wp-content\/uploads\/2024\/07\/Bomberos-Pasto-Incendio-150x84.jpg 150w, https:\/\/www.hoymercedes.com.ar\/principal\/wp-content\/uploads\/2024\/07\/Bomberos-Pasto-Incendio.jpg 1280w\" sizes=\"auto, (max-width: 1024px) 100vw, 1024px\" \/><\/figure>\n\n\n\n<p>Los bomberos voluntarios de Mercedes tuvieron una jornada bastante activa con 3 salidas en distintos momentos del d\u00eda. No fueron por hechos de gravedad, pero si debieron movilizarse con todo lo que ello implica en t\u00e9rminos de log\u00edstica e infraestructura.<\/p>\n\n\n\n<p>Las salidas del d\u00eda de hoy estuvieron todas vinculadas a incendio de pastos.<\/p>\n\n\n\n<p>Uno de ellos fue por zona del \u201ctrompez\u00f3n\u201d, otro por zona del parque camino calle 43 y el tercero cerca de ruta 41 tambi\u00e9n camino al Sector Industrial.<\/p>\n\n\n\n<p>Como se sabe cada salida implica mover gran cantidad de recursos entre personal y autobombas.<\/p>\n\n\n\n<p>Recordemos que qui\u00e9n lo desee puede hacerse socio del Cuerpo de Bomberos llamando al 422222 y abonando una suma muy baja por mes, pero de gran ayuda a la entidad.<\/p>\n","protected":false},"excerpt":{"rendered":"<p>Los bomberos voluntarios de Mercedes tuvieron una jornada bastante activa con 3 salidas en distintos momentos del d\u00eda. No fueron &#8230; <a title=\"D\u00eda movido para Bomberos Voluntarios\" class=\"read-more\" href=\"https:\/\/www.hoymercedes.com.ar\/principal\/2024\/07\/22\/dia-movido-para-bomberos-voluntarios\/\" aria-label=\"Leer m\u00e1s sobre D\u00eda movido para Bomberos Voluntarios\">Leer m\u00e1s<\/a><\/p>\n","protected":false},"author":1,"featured_media":177429,"comment_status":"closed","ping_status":"open","sticky":false,"template":"","format":"standard","meta":{"_monsterinsights_skip_tracking":false,"_monsterinsights_sitenote_active":false,"_monsterinsights_sitenote_note":"","_monsterinsights_sitenote_category":0,"jetpack_post_was_ever_published":false,"_jetpack_newsletter_access":"","_jetpack_dont_email_post_to_subs":false,"_jetpack_newsletter_tier_id":0,"_jetpack_memberships_contains_paywalled_content":false,"_jetpack_memberships_contains_paid_content":false,"footnotes":"","jetpack_publicize_message":"","jetpack_publicize_feature_enabled":true,"jetpack_social_post_already_shared":true,"jetpack_social_options":{"image_generator_settings":{"template":"highway","default_image_id":0,"font":"","enabled":false},"version":2},"_wpas_customize_per_network":false},"categories":[8],"tags":[865,19646],"class_list":["post-177428","post","type-post","status-publish","format-standard","has-post-thumbnail","hentry","category-sociedad","tag-bomberos-voluntarios","tag-mercedes-bomberos","generate-columns","tablet-grid-50","mobile-grid-100","grid-parent","grid-50"],"jetpack_publicize_connections":[],"jetpack_featured_media_url":"https:\/\/www.hoymercedes.com.ar\/principal\/wp-content\/uploads\/2024\/07\/Bomberos-Pasto-Incendio.jpg","wps_subtitle":"R\u00e1pida intervenci\u00f3n ","jetpack_sharing_enabled":true,"_links":{"self":[{"href":"https:\/\/www.hoymercedes.com.ar\/principal\/wp-json\/wp\/v2\/posts\/177428","targetHints":{"allow":["GET"]}}],"collection":[{"href":"https:\/\/www.hoymercedes.com.ar\/principal\/wp-json\/wp\/v2\/posts"}],"about":[{"href":"https:\/\/www.hoymercedes.com.ar\/principal\/wp-json\/wp\/v2\/types\/post"}],"author":[{"embeddable":true,"href":"https:\/\/www.hoymercedes.com.ar\/principal\/wp-json\/wp\/v2\/users\/1"}],"replies":[{"embeddable":true,"href":"https:\/\/www.hoymercedes.com.ar\/principal\/wp-json\/wp\/v2\/comments?post=177428"}],"version-history":[{"count":0,"href":"https:\/\/www.hoymercedes.com.ar\/principal\/wp-json\/wp\/v2\/posts\/177428\/revisions"}],"wp:featuredmedia":[{"embeddable":true,"href":"https:\/\/www.hoymercedes.com.ar\/principal\/wp-json\/wp\/v2\/media\/177429"}],"wp:attachment":[{"href":"https:\/\/www.hoymercedes.com.ar\/principal\/wp-json\/wp\/v2\/media?parent=177428"}],"wp:term":[{"taxonomy":"category","embeddable":true,"href":"https:\/\/www.hoymercedes.com.ar\/principal\/wp-json\/wp\/v2\/categories?post=177428"},{"taxonomy":"post_tag","embeddable":true,"href":"https:\/\/www.hoymercedes.com.ar\/principal\/wp-json\/wp\/v2\/tags?post=177428"}],"curies":[{"name":"wp","href":"https:\/\/api.w.org\/{rel}","templated":true}]}}