{"id":177452,"date":"2024-07-24T08:56:23","date_gmt":"2024-07-24T11:56:23","guid":{"rendered":"https:\/\/www.hoymercedes.com.ar\/principal\/?p=177452"},"modified":"2024-07-24T08:56:25","modified_gmt":"2024-07-24T11:56:25","slug":"jueces-fiscales-y-judiciales-se-niegan-a-pagar-impuesto-a-las-ganancias","status":"publish","type":"post","link":"https:\/\/www.hoymercedes.com.ar\/principal\/2024\/07\/24\/jueces-fiscales-y-judiciales-se-niegan-a-pagar-impuesto-a-las-ganancias\/","title":{"rendered":"Jueces, fiscales y judiciales se niegan a pagar impuesto a las ganancias"},"content":{"rendered":"\n<p>La nueva ley de ganancias que impuls\u00f3 Milei lo incluy\u00f3. R\u00e1pidamente \u201csaltaron\u201d y efectuaron una demanda que busca a proteger los ingresos de los jueces, fiscales, defensores y empleados. Es para todos los que ingresaron de 2017 a la fecha. &nbsp;La Uni\u00f3n de Empleados Judiciales fue la encargada de realizar la intervenci\u00f3n legal.<\/p>\n\n\n\n<p>\u201cLa Asociaci\u00f3n de Magistrados y Funcionarios de la Justicia Nacional present\u00f3 este lunes una demanda en la que reclama que se le ordene al Estado Nacional, al Consejo de la Magistratura, a la Corte Suprema, a la Procuraci\u00f3n General y a la Defensor\u00eda General de la Naci\u00f3n que se suspenda la aplicaci\u00f3n la nueva reglamentaci\u00f3n de la ley de Ganancias en sus sueldos. Seg\u00fan la presentaci\u00f3n a la que accedi\u00f3 Infobae, los jueces sostuvieron que la nueva ley es \u201cinconstitucional\u201d y \u201cmenoscaba derechos adquiridos\u201d afirm\u00f3 el sitio de noticias nacionales Infobae.<\/p>\n\n\n\n<p>\u201cEl Poder Judicial no puede ser c\u00f3mplice de este avasallamiento y convertirse en un \u2018acompa\u00f1ante\u2019 m\u00e1s de los caprichos del Poder Legislativo Nacional y\/o del Poder Ejecutivo Nacional\u201d que con esta normativa \u201cdesconoce la divisi\u00f3n de poderes\u201d, se sostuvo en un tramo de la presentaci\u00f3n a la que accedi\u00f3 Infobae.<\/p>\n\n\n\n<p>Tal situaci\u00f3n se gener\u00f3 a partir de que el gobierno de Milei determin\u00f3 volver a poner en funcionamiento el impuesto a las ganancias para todos los trabajadores que cobran desde $1.800.000.<\/p>\n","protected":false},"excerpt":{"rendered":"<p>La nueva ley de ganancias que impuls\u00f3 Milei lo incluy\u00f3. R\u00e1pidamente \u201csaltaron\u201d y efectuaron una demanda que busca a proteger &#8230; <a title=\"Jueces, fiscales y judiciales se niegan a pagar impuesto a las ganancias\" class=\"read-more\" href=\"https:\/\/www.hoymercedes.com.ar\/principal\/2024\/07\/24\/jueces-fiscales-y-judiciales-se-niegan-a-pagar-impuesto-a-las-ganancias\/\" aria-label=\"Leer m\u00e1s sobre Jueces, fiscales y judiciales se niegan a pagar impuesto a las ganancias\">Leer m\u00e1s<\/a><\/p>\n","protected":false},"author":1,"featured_media":177453,"comment_status":"closed","ping_status":"open","sticky":false,"template":"","format":"standard","meta":{"_monsterinsights_skip_tracking":false,"_monsterinsights_sitenote_active":false,"_monsterinsights_sitenote_note":"","_monsterinsights_sitenote_category":0,"jetpack_post_was_ever_published":false,"_jetpack_newsletter_access":"","_jetpack_dont_email_post_to_subs":false,"_jetpack_newsletter_tier_id":0,"_jetpack_memberships_contains_paywalled_content":false,"_jetpack_memberships_contains_paid_content":false,"footnotes":"","jetpack_publicize_message":"","jetpack_publicize_feature_enabled":true,"jetpack_social_post_already_shared":true,"jetpack_social_options":{"image_generator_settings":{"template":"highway","default_image_id":0,"font":"","enabled":false},"version":2},"_wpas_customize_per_network":false},"categories":[8],"tags":[19649],"class_list":["post-177452","post","type-post","status-publish","format-standard","has-post-thumbnail","hentry","category-sociedad","tag-impuesto-a-las-ganancias","generate-columns","tablet-grid-50","mobile-grid-100","grid-parent","grid-50"],"jetpack_publicize_connections":[],"jetpack_featured_media_url":"https:\/\/www.hoymercedes.com.ar\/principal\/wp-content\/uploads\/2024\/07\/lady-justice-2388500_1280.jpg","wps_subtitle":"Deabte","jetpack_sharing_enabled":true,"_links":{"self":[{"href":"https:\/\/www.hoymercedes.com.ar\/principal\/wp-json\/wp\/v2\/posts\/177452","targetHints":{"allow":["GET"]}}],"collection":[{"href":"https:\/\/www.hoymercedes.com.ar\/principal\/wp-json\/wp\/v2\/posts"}],"about":[{"href":"https:\/\/www.hoymercedes.com.ar\/principal\/wp-json\/wp\/v2\/types\/post"}],"author":[{"embeddable":true,"href":"https:\/\/www.hoymercedes.com.ar\/principal\/wp-json\/wp\/v2\/users\/1"}],"replies":[{"embeddable":true,"href":"https:\/\/www.hoymercedes.com.ar\/principal\/wp-json\/wp\/v2\/comments?post=177452"}],"version-history":[{"count":0,"href":"https:\/\/www.hoymercedes.com.ar\/principal\/wp-json\/wp\/v2\/posts\/177452\/revisions"}],"wp:featuredmedia":[{"embeddable":true,"href":"https:\/\/www.hoymercedes.com.ar\/principal\/wp-json\/wp\/v2\/media\/177453"}],"wp:attachment":[{"href":"https:\/\/www.hoymercedes.com.ar\/principal\/wp-json\/wp\/v2\/media?parent=177452"}],"wp:term":[{"taxonomy":"category","embeddable":true,"href":"https:\/\/www.hoymercedes.com.ar\/principal\/wp-json\/wp\/v2\/categories?post=177452"},{"taxonomy":"post_tag","embeddable":true,"href":"https:\/\/www.hoymercedes.com.ar\/principal\/wp-json\/wp\/v2\/tags?post=177452"}],"curies":[{"name":"wp","href":"https:\/\/api.w.org\/{rel}","templated":true}]}}