{"id":177463,"date":"2024-07-24T19:29:22","date_gmt":"2024-07-24T22:29:22","guid":{"rendered":"https:\/\/www.hoymercedes.com.ar\/principal\/?p=177463"},"modified":"2024-07-24T19:29:23","modified_gmt":"2024-07-24T22:29:23","slug":"encuentro-en-corredores-viales-por-el-peaje-de-olivera","status":"publish","type":"post","link":"https:\/\/www.hoymercedes.com.ar\/principal\/2024\/07\/24\/encuentro-en-corredores-viales-por-el-peaje-de-olivera\/","title":{"rendered":"Encuentro en Corredores Viales por el Peaje de Olivera"},"content":{"rendered":"\n<figure class=\"wp-block-image size-large\"><img loading=\"lazy\" decoding=\"async\" width=\"1024\" height=\"576\" data-attachment-id=\"177448\" data-permalink=\"https:\/\/www.hoymercedes.com.ar\/principal\/?attachment_id=177448#main\" data-orig-file=\"https:\/\/www.hoymercedes.com.ar\/principal\/wp-content\/uploads\/2024\/07\/Reunion-Peaje-CorredoresViales-scaled.jpg\" data-orig-size=\"2560,1440\" data-comments-opened=\"0\" data-image-meta=\"{&quot;aperture&quot;:&quot;0&quot;,&quot;credit&quot;:&quot;&quot;,&quot;camera&quot;:&quot;&quot;,&quot;caption&quot;:&quot;&quot;,&quot;created_timestamp&quot;:&quot;0&quot;,&quot;copyright&quot;:&quot;&quot;,&quot;focal_length&quot;:&quot;0&quot;,&quot;iso&quot;:&quot;0&quot;,&quot;shutter_speed&quot;:&quot;0&quot;,&quot;title&quot;:&quot;&quot;,&quot;orientation&quot;:&quot;0&quot;}\" data-image-title=\"Reunion-Peaje-CorredoresViales\" data-image-description=\"&lt;p&gt;Se realiz\u00f3 un nuevo encuentro por Peaje de Olivera en Corredores Viales Nacionales&lt;\/p&gt;\n\" data-image-caption=\"&lt;p&gt;Se realiz\u00f3 un nuevo encuentro por Peaje de Olivera en Corredores Viales Nacionales&lt;\/p&gt;\n\" data-large-file=\"https:\/\/www.hoymercedes.com.ar\/principal\/wp-content\/uploads\/2024\/07\/Reunion-Peaje-CorredoresViales-1024x576.jpg\" src=\"https:\/\/www.hoymercedes.com.ar\/principal\/wp-content\/uploads\/2024\/07\/Reunion-Peaje-CorredoresViales-1024x576.jpg\" alt=\"Se realiz\u00f3 un nuevo encuentro por Peaje de Olivera en Corredores Viales Nacionales\" class=\"wp-image-177448\" srcset=\"https:\/\/www.hoymercedes.com.ar\/principal\/wp-content\/uploads\/2024\/07\/Reunion-Peaje-CorredoresViales-1024x576.jpg 1024w, https:\/\/www.hoymercedes.com.ar\/principal\/wp-content\/uploads\/2024\/07\/Reunion-Peaje-CorredoresViales-630x354.jpg 630w, https:\/\/www.hoymercedes.com.ar\/principal\/wp-content\/uploads\/2024\/07\/Reunion-Peaje-CorredoresViales-150x84.jpg 150w, https:\/\/www.hoymercedes.com.ar\/principal\/wp-content\/uploads\/2024\/07\/Reunion-Peaje-CorredoresViales-1536x864.jpg 1536w, https:\/\/www.hoymercedes.com.ar\/principal\/wp-content\/uploads\/2024\/07\/Reunion-Peaje-CorredoresViales-2048x1152.jpg 2048w\" sizes=\"auto, (max-width: 1024px) 100vw, 1024px\" \/><figcaption class=\"wp-element-caption\">Se realiz\u00f3 un nuevo encuentro por Peaje de Olivera en Corredores Viales Nacionales<\/figcaption><\/figure>\n\n\n\n<p>En la sede central de Corredores Viales se llev\u00f3 adelante un nuevo encuentro por distintas inquietudes presentadas por las y los vecinos de Mercedes nucleados principalmente en la \u201cComisi\u00f3n del Peaje de Olivera\u201d. Estuvo encabezada por Ezequiel Galli, gerente de la entidad, con la participaci\u00f3n del intendente de Mercedes, Juan Ustarroz.<\/p>\n\n\n\n<p>La reuni\u00f3n es la segunda efectuada en las \u00faltimas semanas.<\/p>\n\n\n\n<p>En esta ocasi\u00f3n estuvieron presentes el Gerente de Relaciones Institucionales, Ezequiel Galli, Rolando Keumurdji Rizzuti, Gerente de Coordinaci\u00f3n Legal en Corredores Viales SA, la presidenta del Concejo Deliberante en representaci\u00f3n de todos los bloques, Mariana San Mart\u00edn, el representante de la Comisi\u00f3n Eduardo Rando, la vecina de Gowland Viviana \u00dangaro y el Gerente de la C\u00e1mara Econ\u00f3mica Ariel Pietrucha.<\/p>\n\n\n\n<p>Entre los temas tratados fue las obras de la ruta, quedando claro dependen de Vialidad y no de Corredores y eventualmente un descuento a los residentes de Mercedes.<\/p>\n\n\n\n<p>El \u00edtem del descuento, solicitado v\u00eda petici\u00f3n formal, ahora fue elevado a la presidencia de Corredores Viales, quedando el compromiso de las partes, con una mesa de gesti\u00f3n y di\u00e1logo fluido, volver a contactarse en diez d\u00edas.<\/p>\n","protected":false},"excerpt":{"rendered":"<p>En la sede central de Corredores Viales se llev\u00f3 adelante un nuevo encuentro por distintas inquietudes presentadas por las y &#8230; <a title=\"Encuentro en Corredores Viales por el Peaje de Olivera\" class=\"read-more\" href=\"https:\/\/www.hoymercedes.com.ar\/principal\/2024\/07\/24\/encuentro-en-corredores-viales-por-el-peaje-de-olivera\/\" aria-label=\"Leer m\u00e1s sobre Encuentro en Corredores Viales por el Peaje de Olivera\">Leer m\u00e1s<\/a><\/p>\n","protected":false},"author":1,"featured_media":0,"comment_status":"closed","ping_status":"open","sticky":false,"template":"","format":"standard","meta":{"_monsterinsights_skip_tracking":false,"_monsterinsights_sitenote_active":false,"_monsterinsights_sitenote_note":"","_monsterinsights_sitenote_category":0,"jetpack_post_was_ever_published":false,"_jetpack_newsletter_access":"","_jetpack_dont_email_post_to_subs":false,"_jetpack_newsletter_tier_id":0,"_jetpack_memberships_contains_paywalled_content":false,"_jetpack_memberships_contains_paid_content":false,"footnotes":"","jetpack_publicize_message":"","jetpack_publicize_feature_enabled":true,"jetpack_social_post_already_shared":true,"jetpack_social_options":{"image_generator_settings":{"template":"highway","default_image_id":0,"font":"","enabled":false},"version":2},"_wpas_customize_per_network":false},"categories":[5608],"tags":[19650,3064],"class_list":["post-177463","post","type-post","status-publish","format-standard","hentry","category-sin-categoria","tag-ezequiel-galli","tag-peaje-de-olivera","generate-columns","tablet-grid-50","mobile-grid-100","grid-parent","grid-50"],"jetpack_publicize_connections":[],"jetpack_featured_media_url":"","wps_subtitle":"","jetpack_sharing_enabled":true,"_links":{"self":[{"href":"https:\/\/www.hoymercedes.com.ar\/principal\/wp-json\/wp\/v2\/posts\/177463","targetHints":{"allow":["GET"]}}],"collection":[{"href":"https:\/\/www.hoymercedes.com.ar\/principal\/wp-json\/wp\/v2\/posts"}],"about":[{"href":"https:\/\/www.hoymercedes.com.ar\/principal\/wp-json\/wp\/v2\/types\/post"}],"author":[{"embeddable":true,"href":"https:\/\/www.hoymercedes.com.ar\/principal\/wp-json\/wp\/v2\/users\/1"}],"replies":[{"embeddable":true,"href":"https:\/\/www.hoymercedes.com.ar\/principal\/wp-json\/wp\/v2\/comments?post=177463"}],"version-history":[{"count":0,"href":"https:\/\/www.hoymercedes.com.ar\/principal\/wp-json\/wp\/v2\/posts\/177463\/revisions"}],"wp:attachment":[{"href":"https:\/\/www.hoymercedes.com.ar\/principal\/wp-json\/wp\/v2\/media?parent=177463"}],"wp:term":[{"taxonomy":"category","embeddable":true,"href":"https:\/\/www.hoymercedes.com.ar\/principal\/wp-json\/wp\/v2\/categories?post=177463"},{"taxonomy":"post_tag","embeddable":true,"href":"https:\/\/www.hoymercedes.com.ar\/principal\/wp-json\/wp\/v2\/tags?post=177463"}],"curies":[{"name":"wp","href":"https:\/\/api.w.org\/{rel}","templated":true}]}}