{"id":177539,"date":"2024-07-29T18:43:25","date_gmt":"2024-07-29T21:43:25","guid":{"rendered":"https:\/\/www.hoymercedes.com.ar\/principal\/?p=177539"},"modified":"2024-07-29T18:43:25","modified_gmt":"2024-07-29T21:43:25","slug":"camaras-de-comercio-preocupada-por-la-caida-de-ventas-y-mal-resultado-de-vacaciones","status":"publish","type":"post","link":"https:\/\/www.hoymercedes.com.ar\/principal\/2024\/07\/29\/camaras-de-comercio-preocupada-por-la-caida-de-ventas-y-mal-resultado-de-vacaciones\/","title":{"rendered":"C\u00e1maras de Comercio preocupada por la ca\u00edda de ventas y mal resultado de vacaciones"},"content":{"rendered":"\n<p>Para el comercio las vacaciones de invierno no fueron positivas. El impacto econ\u00f3mico fue un 22% menos que el a\u00f1o pasado.<\/p>\n\n\n\n<p>De acuerdo con los datos de la Confederaci\u00f3n Argentina de la Mediana Empresa (CAME) viajaron 4,9 millones de turistas por las vacaciones de invierno, un 11,9% menos que el a\u00f1o pasado. El gasto promedio diario rond\u00f3 los $60 mil, y la estad\u00eda media baj\u00f3 a 4,1 d\u00edas, analiza el informe presentado.<\/p>\n\n\n\n<p>\u201cLos n\u00fameros de las vacaciones 2024, elaborados por CAME en base a informaci\u00f3n brindada por entidades de provincias y municipios, reflejan un mes con bajo consumo en actividades\u201d sostienen.<\/p>\n\n\n\n<p>Mercedes Fuentes consultadas manifestaron que \u201cse vio una ca\u00edda de ventas. El sector gastron\u00f3mico tambi\u00e9n sinti\u00f3 el impacto\u201d adujeron y remarcaron \u201chubo gente en<\/p>\n\n\n\n<p><\/p>\n","protected":false},"excerpt":{"rendered":"<p>Para el comercio las vacaciones de invierno no fueron positivas. El impacto econ\u00f3mico fue un 22% menos que el a\u00f1o &#8230; <a title=\"C\u00e1maras de Comercio preocupada por la ca\u00edda de ventas y mal resultado de vacaciones\" class=\"read-more\" href=\"https:\/\/www.hoymercedes.com.ar\/principal\/2024\/07\/29\/camaras-de-comercio-preocupada-por-la-caida-de-ventas-y-mal-resultado-de-vacaciones\/\" aria-label=\"Leer m\u00e1s sobre C\u00e1maras de Comercio preocupada por la ca\u00edda de ventas y mal resultado de vacaciones\">Leer m\u00e1s<\/a><\/p>\n","protected":false},"author":1,"featured_media":177540,"comment_status":"closed","ping_status":"open","sticky":false,"template":"","format":"standard","meta":{"_monsterinsights_skip_tracking":false,"_monsterinsights_sitenote_active":false,"_monsterinsights_sitenote_note":"","_monsterinsights_sitenote_category":0,"jetpack_post_was_ever_published":false,"_jetpack_newsletter_access":"","_jetpack_dont_email_post_to_subs":false,"_jetpack_newsletter_tier_id":0,"_jetpack_memberships_contains_paywalled_content":false,"_jetpack_memberships_contains_paid_content":false,"footnotes":"","jetpack_publicize_message":"","jetpack_publicize_feature_enabled":true,"jetpack_social_post_already_shared":true,"jetpack_social_options":{"image_generator_settings":{"template":"highway","default_image_id":0,"font":"","enabled":false},"version":2},"_wpas_customize_per_network":false},"categories":[8],"tags":[19658,19657],"class_list":["post-177539","post","type-post","status-publish","format-standard","has-post-thumbnail","hentry","category-sociedad","tag-22-menos-de-consumo","tag-cae-el-consumo-en-vacaciones","generate-columns","tablet-grid-50","mobile-grid-100","grid-parent","grid-50"],"jetpack_publicize_connections":[],"jetpack_featured_media_url":"https:\/\/www.hoymercedes.com.ar\/principal\/wp-content\/uploads\/2024\/07\/imagen.png","wps_subtitle":"","jetpack_sharing_enabled":true,"_links":{"self":[{"href":"https:\/\/www.hoymercedes.com.ar\/principal\/wp-json\/wp\/v2\/posts\/177539","targetHints":{"allow":["GET"]}}],"collection":[{"href":"https:\/\/www.hoymercedes.com.ar\/principal\/wp-json\/wp\/v2\/posts"}],"about":[{"href":"https:\/\/www.hoymercedes.com.ar\/principal\/wp-json\/wp\/v2\/types\/post"}],"author":[{"embeddable":true,"href":"https:\/\/www.hoymercedes.com.ar\/principal\/wp-json\/wp\/v2\/users\/1"}],"replies":[{"embeddable":true,"href":"https:\/\/www.hoymercedes.com.ar\/principal\/wp-json\/wp\/v2\/comments?post=177539"}],"version-history":[{"count":0,"href":"https:\/\/www.hoymercedes.com.ar\/principal\/wp-json\/wp\/v2\/posts\/177539\/revisions"}],"wp:featuredmedia":[{"embeddable":true,"href":"https:\/\/www.hoymercedes.com.ar\/principal\/wp-json\/wp\/v2\/media\/177540"}],"wp:attachment":[{"href":"https:\/\/www.hoymercedes.com.ar\/principal\/wp-json\/wp\/v2\/media?parent=177539"}],"wp:term":[{"taxonomy":"category","embeddable":true,"href":"https:\/\/www.hoymercedes.com.ar\/principal\/wp-json\/wp\/v2\/categories?post=177539"},{"taxonomy":"post_tag","embeddable":true,"href":"https:\/\/www.hoymercedes.com.ar\/principal\/wp-json\/wp\/v2\/tags?post=177539"}],"curies":[{"name":"wp","href":"https:\/\/api.w.org\/{rel}","templated":true}]}}