{"id":177570,"date":"2024-07-30T21:40:01","date_gmt":"2024-07-31T00:40:01","guid":{"rendered":"https:\/\/www.hoymercedes.com.ar\/principal\/?p=177570"},"modified":"2024-07-30T21:40:02","modified_gmt":"2024-07-31T00:40:02","slug":"campo-popular-se-reune-en-plenario-de-debate","status":"publish","type":"post","link":"https:\/\/www.hoymercedes.com.ar\/principal\/2024\/07\/30\/campo-popular-se-reune-en-plenario-de-debate\/","title":{"rendered":"Campo Popular se re\u00fane en plenario de debate"},"content":{"rendered":"\n<p>Las organizaciones y partidos del campo popular con representaci\u00f3n local organizar\u00e1n el s\u00e1bado 3<br>de agosto, a las 9.30 de la ma\u00f1ana, un encuentro de ideas y reflexiones titulado Pr\u00f3xima Estaci\u00f3n,<br>Esperanza \/ (Re) encuentro de bases y en el que, adem\u00e1s de analizar los distintos aspectos de la<br>realidad en la ciudad, la provincia y el pa\u00eds, plantear\u00e1n un debate colectivo de cara al futuro.<\/p>\n\n\n\n<p><br>La convocatoria, de la que formar\u00e1n parte la CGT Regional Mercedes, Confederaci\u00f3n Socialista, el<br>Movimiento Evita, Principios y Valores, Frente Renovador, Frente Patria Grande, La C\u00e1mpora,<br>Casa Peronista, la CTA Aut\u00f3noma y el Partido Justicialista, se llevar\u00e1 a cabo en la sede que el club<br>Estudiantes tiene en calle 33 entre 14 y 16.<br><\/p>\n\n\n\n<p>El encuentro, que estar\u00e1 abierto a toda la comunidad, tendr\u00e1 una propuesta diferente a la de<br>experiencias anteriores y ofrecer\u00e1, inclusive, espacio para lo l\u00fadico, pero sin perder su esencia y su<br>objetivo: discutir, analizar y canalizar ideas. \u201cHabr\u00e1 lugar para la autocr\u00edtica y el repaso de razones<br>que nos llevaron a esta actualidad; pero tambi\u00e9n, y a partir de la reflexi\u00f3n y el debate, para la<br>generaci\u00f3n de aportes que nos permitan reconstruir una alternativa desde las banderas del campo<br>popular\u201d, indicaron los organizadores.<\/p>\n\n\n\n<p><br>\u201cEn estos tiempos dif\u00edciles y de desencuentros, m\u00e1s que nunca tenemos que defender los valores<br>de nuestra identidad hist\u00f3rica como la solidaridad, la unidad y el compromiso\u201d, a\u00f1adieron.<\/p>\n\n\n\n<p><br>Entre los ejes tem\u00e1ticos que se someter\u00e1n a debate est\u00e1 \u201cEl rol del Estado\u201d, \u201cLa Justicia Social\u201d,<br>\u201cLa Comunicaci\u00f3n\u201d y \u201cLa Militancia y representaci\u00f3n pol\u00edtica\u201d y \u00e1reas como Deportes, Cultura,<br>Educaci\u00f3n, Ambiente, Producci\u00f3n, Trabajo y Seguridad.<br>Quienes quieran participar se pueden inscribir a trav\u00e9s de las distintas agrupaciones que ser\u00e1n<br>parte del encuentro, a trav\u00e9s de un formulario online o directamente el s\u00e1bado en el club:  <a href=\"https:\/\/docs.google.com\/forms\/d\/e\/1FAIpQLScTsN8g1c2Z6I98763LmrM_fU2AaN1WBTdDTnDtyW8pEFGUwQ\/viewform?usp=sharing\" target=\"_blank\" rel=\"noopener\">https:\/\/docs.google.com\/forms\/d\/e\/1FAIpQLScTsN8g1c2Z6I98763LmrM_fU2AaN1WBTdDTnDtyW8pEFGUwQ\/viewform?usp=sharing<\/a><\/p>\n","protected":false},"excerpt":{"rendered":"<p>Las organizaciones y partidos del campo popular con representaci\u00f3n local organizar\u00e1n el s\u00e1bado 3de agosto, a las 9.30 de la &#8230; <a title=\"Campo Popular se re\u00fane en plenario de debate\" class=\"read-more\" href=\"https:\/\/www.hoymercedes.com.ar\/principal\/2024\/07\/30\/campo-popular-se-reune-en-plenario-de-debate\/\" aria-label=\"Leer m\u00e1s sobre Campo Popular se re\u00fane en plenario de debate\">Leer m\u00e1s<\/a><\/p>\n","protected":false},"author":1,"featured_media":177571,"comment_status":"closed","ping_status":"open","sticky":false,"template":"","format":"standard","meta":{"_monsterinsights_skip_tracking":false,"_monsterinsights_sitenote_active":false,"_monsterinsights_sitenote_note":"","_monsterinsights_sitenote_category":0,"jetpack_post_was_ever_published":false,"_jetpack_newsletter_access":"","_jetpack_dont_email_post_to_subs":false,"_jetpack_newsletter_tier_id":0,"_jetpack_memberships_contains_paywalled_content":false,"_jetpack_memberships_contains_paid_content":false,"footnotes":"","jetpack_publicize_message":"","jetpack_publicize_feature_enabled":true,"jetpack_social_post_already_shared":true,"jetpack_social_options":{"image_generator_settings":{"template":"highway","default_image_id":0,"font":"","enabled":false},"version":2},"_wpas_customize_per_network":false},"categories":[8],"tags":[],"class_list":["post-177570","post","type-post","status-publish","format-standard","has-post-thumbnail","hentry","category-sociedad","generate-columns","tablet-grid-50","mobile-grid-100","grid-parent","grid-50"],"jetpack_publicize_connections":[],"jetpack_featured_media_url":"https:\/\/www.hoymercedes.com.ar\/principal\/wp-content\/uploads\/2024\/07\/photo_2024-07-30_10-17-12.jpg","wps_subtitle":"","jetpack_sharing_enabled":true,"_links":{"self":[{"href":"https:\/\/www.hoymercedes.com.ar\/principal\/wp-json\/wp\/v2\/posts\/177570","targetHints":{"allow":["GET"]}}],"collection":[{"href":"https:\/\/www.hoymercedes.com.ar\/principal\/wp-json\/wp\/v2\/posts"}],"about":[{"href":"https:\/\/www.hoymercedes.com.ar\/principal\/wp-json\/wp\/v2\/types\/post"}],"author":[{"embeddable":true,"href":"https:\/\/www.hoymercedes.com.ar\/principal\/wp-json\/wp\/v2\/users\/1"}],"replies":[{"embeddable":true,"href":"https:\/\/www.hoymercedes.com.ar\/principal\/wp-json\/wp\/v2\/comments?post=177570"}],"version-history":[{"count":0,"href":"https:\/\/www.hoymercedes.com.ar\/principal\/wp-json\/wp\/v2\/posts\/177570\/revisions"}],"wp:featuredmedia":[{"embeddable":true,"href":"https:\/\/www.hoymercedes.com.ar\/principal\/wp-json\/wp\/v2\/media\/177571"}],"wp:attachment":[{"href":"https:\/\/www.hoymercedes.com.ar\/principal\/wp-json\/wp\/v2\/media?parent=177570"}],"wp:term":[{"taxonomy":"category","embeddable":true,"href":"https:\/\/www.hoymercedes.com.ar\/principal\/wp-json\/wp\/v2\/categories?post=177570"},{"taxonomy":"post_tag","embeddable":true,"href":"https:\/\/www.hoymercedes.com.ar\/principal\/wp-json\/wp\/v2\/tags?post=177570"}],"curies":[{"name":"wp","href":"https:\/\/api.w.org\/{rel}","templated":true}]}}