{"id":177577,"date":"2024-07-31T11:44:51","date_gmt":"2024-07-31T14:44:51","guid":{"rendered":"https:\/\/www.hoymercedes.com.ar\/principal\/?p=177577"},"modified":"2024-07-31T12:15:13","modified_gmt":"2024-07-31T15:15:13","slug":"cambios-en-el-tren-sarmiento-anuncian-un-nuevo-cronograma-de-horarios","status":"publish","type":"post","link":"https:\/\/www.hoymercedes.com.ar\/principal\/2024\/07\/31\/cambios-en-el-tren-sarmiento-anuncian-un-nuevo-cronograma-de-horarios\/","title":{"rendered":"Cambios en el tren Sarmiento: anuncian un nuevo cronograma de horarios"},"content":{"rendered":"\n<p><strong><em>Trenes Argentinos comparti\u00f3 un nuevo cronograma que modificar\u00e1 los horarios en todos los ramales de la L\u00ednea Sarmiento a partir del 6 de agosto<\/em><\/strong>. <\/p>\n\n\n\n<p>Desde Trenes Argentinos, anunciaron que los ramales Once-Moreno, Moreno-Mercedes y Merlo-Lobos, funcionar\u00e1n con un nuevo cronograma de horarios a partir del lunes 6 de agosto.<\/p>\n\n\n\n<figure class=\"wp-block-image size-full\"><img loading=\"lazy\" decoding=\"async\" width=\"600\" height=\"813\" data-attachment-id=\"177578\" data-permalink=\"https:\/\/www.hoymercedes.com.ar\/principal\/2024\/07\/31\/cambios-en-el-tren-sarmiento-anuncian-un-nuevo-cronograma-de-horarios\/screenshot_20240731-114059_copy_600x813\/#main\" data-orig-file=\"https:\/\/www.hoymercedes.com.ar\/principal\/wp-content\/uploads\/2024\/07\/Screenshot_20240731-114059_copy_600x813.png\" data-orig-size=\"600,813\" data-comments-opened=\"0\" data-image-meta=\"{&quot;aperture&quot;:&quot;0&quot;,&quot;credit&quot;:&quot;&quot;,&quot;camera&quot;:&quot;&quot;,&quot;caption&quot;:&quot;&quot;,&quot;created_timestamp&quot;:&quot;0&quot;,&quot;copyright&quot;:&quot;&quot;,&quot;focal_length&quot;:&quot;0&quot;,&quot;iso&quot;:&quot;0&quot;,&quot;shutter_speed&quot;:&quot;0&quot;,&quot;title&quot;:&quot;&quot;,&quot;orientation&quot;:&quot;0&quot;}\" data-image-title=\"Screenshot_20240731-114059_copy_600x813\" data-image-description=\"\" data-image-caption=\"\" data-large-file=\"https:\/\/www.hoymercedes.com.ar\/principal\/wp-content\/uploads\/2024\/07\/Screenshot_20240731-114059_copy_600x813.png\" src=\"https:\/\/www.hoymercedes.com.ar\/principal\/wp-content\/uploads\/2024\/07\/Screenshot_20240731-114059_copy_600x813.png\" alt=\"\" class=\"wp-image-177578\" srcset=\"https:\/\/www.hoymercedes.com.ar\/principal\/wp-content\/uploads\/2024\/07\/Screenshot_20240731-114059_copy_600x813.png 600w, https:\/\/www.hoymercedes.com.ar\/principal\/wp-content\/uploads\/2024\/07\/Screenshot_20240731-114059_copy_600x813-458x620.png 458w, https:\/\/www.hoymercedes.com.ar\/principal\/wp-content\/uploads\/2024\/07\/Screenshot_20240731-114059_copy_600x813-111x150.png 111w\" sizes=\"auto, (max-width: 600px) 100vw, 600px\" \/><\/figure>\n\n\n\n<figure class=\"wp-block-image size-full\"><img loading=\"lazy\" decoding=\"async\" width=\"600\" height=\"791\" data-attachment-id=\"177579\" data-permalink=\"https:\/\/www.hoymercedes.com.ar\/principal\/2024\/07\/31\/cambios-en-el-tren-sarmiento-anuncian-un-nuevo-cronograma-de-horarios\/screenshot_20240731-114110_copy_600x791\/#main\" data-orig-file=\"https:\/\/www.hoymercedes.com.ar\/principal\/wp-content\/uploads\/2024\/07\/Screenshot_20240731-114110_copy_600x791.png\" data-orig-size=\"600,791\" data-comments-opened=\"0\" data-image-meta=\"{&quot;aperture&quot;:&quot;0&quot;,&quot;credit&quot;:&quot;&quot;,&quot;camera&quot;:&quot;&quot;,&quot;caption&quot;:&quot;&quot;,&quot;created_timestamp&quot;:&quot;0&quot;,&quot;copyright&quot;:&quot;&quot;,&quot;focal_length&quot;:&quot;0&quot;,&quot;iso&quot;:&quot;0&quot;,&quot;shutter_speed&quot;:&quot;0&quot;,&quot;title&quot;:&quot;&quot;,&quot;orientation&quot;:&quot;0&quot;}\" data-image-title=\"Screenshot_20240731-114110_copy_600x791\" data-image-description=\"\" data-image-caption=\"\" data-large-file=\"https:\/\/www.hoymercedes.com.ar\/principal\/wp-content\/uploads\/2024\/07\/Screenshot_20240731-114110_copy_600x791.png\" src=\"https:\/\/www.hoymercedes.com.ar\/principal\/wp-content\/uploads\/2024\/07\/Screenshot_20240731-114110_copy_600x791.png\" alt=\"\" class=\"wp-image-177579\" srcset=\"https:\/\/www.hoymercedes.com.ar\/principal\/wp-content\/uploads\/2024\/07\/Screenshot_20240731-114110_copy_600x791.png 600w, https:\/\/www.hoymercedes.com.ar\/principal\/wp-content\/uploads\/2024\/07\/Screenshot_20240731-114110_copy_600x791-470x620.png 470w, https:\/\/www.hoymercedes.com.ar\/principal\/wp-content\/uploads\/2024\/07\/Screenshot_20240731-114110_copy_600x791-114x150.png 114w\" sizes=\"auto, (max-width: 600px) 100vw, 600px\" \/><\/figure>\n\n\n\n<p>En tanto, el servicio de Once \u2013 Moreno circular\u00e1 de lunes a viernes y s\u00e1bados cada 10 minutos. Los domingos y feriados, lo har\u00e1n cada 15 minutos.<\/p>\n\n\n\n<p>Con respecto a las formaciones con sentido a Once, de lunes a viernes funcionar\u00e1n cada 9 minutos. Los s\u00e1bados, cada 10 minutos, y domingos y feriados, cada 15 minutos.<\/p>\n\n\n\n<p>Para conocer m\u00e1s sobre los nuevos cronogramas y cada horario en espec\u00edfico, es posible visitar la p\u00e1gina oficial de Trenes Argentinos, donde se encuentran publicados los distintos horarios de cada ramal.<\/p>\n","protected":false},"excerpt":{"rendered":"<p>Trenes Argentinos comparti\u00f3 un nuevo cronograma que modificar\u00e1 los horarios en todos los ramales de la L\u00ednea Sarmiento a partir &#8230; <a title=\"Cambios en el tren Sarmiento: anuncian un nuevo cronograma de horarios\" class=\"read-more\" href=\"https:\/\/www.hoymercedes.com.ar\/principal\/2024\/07\/31\/cambios-en-el-tren-sarmiento-anuncian-un-nuevo-cronograma-de-horarios\/\" aria-label=\"Leer m\u00e1s sobre Cambios en el tren Sarmiento: anuncian un nuevo cronograma de horarios\">Leer m\u00e1s<\/a><\/p>\n","protected":false},"author":1,"featured_media":41790,"comment_status":"closed","ping_status":"open","sticky":false,"template":"","format":"standard","meta":{"_monsterinsights_skip_tracking":false,"_monsterinsights_sitenote_active":false,"_monsterinsights_sitenote_note":"","_monsterinsights_sitenote_category":0,"jetpack_post_was_ever_published":false,"_jetpack_newsletter_access":"","_jetpack_dont_email_post_to_subs":false,"_jetpack_newsletter_tier_id":0,"_jetpack_memberships_contains_paywalled_content":false,"_jetpack_memberships_contains_paid_content":false,"footnotes":"","jetpack_publicize_message":"","jetpack_publicize_feature_enabled":true,"jetpack_social_post_already_shared":true,"jetpack_social_options":{"image_generator_settings":{"template":"highway","default_image_id":0,"font":"","enabled":false},"version":2},"_wpas_customize_per_network":false},"categories":[8],"tags":[],"class_list":["post-177577","post","type-post","status-publish","format-standard","has-post-thumbnail","hentry","category-sociedad","generate-columns","tablet-grid-50","mobile-grid-100","grid-parent","grid-50"],"jetpack_publicize_connections":[],"jetpack_featured_media_url":"https:\/\/www.hoymercedes.com.ar\/principal\/wp-content\/uploads\/2015\/05\/mercedes-estacion.jpg","wps_subtitle":"","jetpack_sharing_enabled":true,"_links":{"self":[{"href":"https:\/\/www.hoymercedes.com.ar\/principal\/wp-json\/wp\/v2\/posts\/177577","targetHints":{"allow":["GET"]}}],"collection":[{"href":"https:\/\/www.hoymercedes.com.ar\/principal\/wp-json\/wp\/v2\/posts"}],"about":[{"href":"https:\/\/www.hoymercedes.com.ar\/principal\/wp-json\/wp\/v2\/types\/post"}],"author":[{"embeddable":true,"href":"https:\/\/www.hoymercedes.com.ar\/principal\/wp-json\/wp\/v2\/users\/1"}],"replies":[{"embeddable":true,"href":"https:\/\/www.hoymercedes.com.ar\/principal\/wp-json\/wp\/v2\/comments?post=177577"}],"version-history":[{"count":0,"href":"https:\/\/www.hoymercedes.com.ar\/principal\/wp-json\/wp\/v2\/posts\/177577\/revisions"}],"wp:featuredmedia":[{"embeddable":true,"href":"https:\/\/www.hoymercedes.com.ar\/principal\/wp-json\/wp\/v2\/media\/41790"}],"wp:attachment":[{"href":"https:\/\/www.hoymercedes.com.ar\/principal\/wp-json\/wp\/v2\/media?parent=177577"}],"wp:term":[{"taxonomy":"category","embeddable":true,"href":"https:\/\/www.hoymercedes.com.ar\/principal\/wp-json\/wp\/v2\/categories?post=177577"},{"taxonomy":"post_tag","embeddable":true,"href":"https:\/\/www.hoymercedes.com.ar\/principal\/wp-json\/wp\/v2\/tags?post=177577"}],"curies":[{"name":"wp","href":"https:\/\/api.w.org\/{rel}","templated":true}]}}