{"id":177595,"date":"2024-08-01T10:52:40","date_gmt":"2024-08-01T13:52:40","guid":{"rendered":"https:\/\/www.hoymercedes.com.ar\/principal\/?p=177595"},"modified":"2024-08-01T10:54:43","modified_gmt":"2024-08-01T13:54:43","slug":"un-detenido-y-un-aprehendido-por-pirateria-del-asfalto","status":"publish","type":"post","link":"https:\/\/www.hoymercedes.com.ar\/principal\/2024\/08\/01\/un-detenido-y-un-aprehendido-por-pirateria-del-asfalto\/","title":{"rendered":"Un detenido y un aprehendido por pirater\u00eda del  asfalto"},"content":{"rendered":"\n<p>En la jornada de este martes 30, se llevaron a cabo una serie de allanamientos en el marco de una investigaci\u00f3n por hechos de pirater\u00eda del asfalto.Se logr\u00f3 la detenci\u00f3n de uno de los imputados y la aprehensi\u00f3n de un segundo que no ser\u00eda ajeno a los delitos cometidos.<\/p>\n\n\n\n<p>El pasado 16 de abril del corriente, en horas de la noche, en la ruta nacional N\u00b0 8 cerca del peaje de Sol\u00eds (partido de San Andr\u00e9s de Giles), un camionero abordo de un cami\u00f3n marca Mercedes Benz, que se encontraba moment\u00e1neamente detenido en la banquina, fue sorprendido por un grupo de sujetos portando armas de fuego. Los mismos hab\u00edan arribado a esta zona des poblada momentos antes en una camioneta Citroen Berlingo y un auto Fiat Siena.<\/p>\n\n\n\n<figure class=\"wp-block-image size-full\"><img loading=\"lazy\" decoding=\"async\" width=\"800\" height=\"534\" data-attachment-id=\"177603\" data-permalink=\"https:\/\/www.hoymercedes.com.ar\/principal\/2024\/08\/01\/un-detenido-y-un-aprehendido-por-pirateria-del-asfalto\/3_copy_800x534\/#main\" data-orig-file=\"https:\/\/www.hoymercedes.com.ar\/principal\/wp-content\/uploads\/2024\/08\/3_copy_800x534.jpg\" data-orig-size=\"800,534\" data-comments-opened=\"0\" data-image-meta=\"{&quot;aperture&quot;:&quot;0&quot;,&quot;credit&quot;:&quot;&quot;,&quot;camera&quot;:&quot;&quot;,&quot;caption&quot;:&quot;&quot;,&quot;created_timestamp&quot;:&quot;0&quot;,&quot;copyright&quot;:&quot;&quot;,&quot;focal_length&quot;:&quot;0&quot;,&quot;iso&quot;:&quot;0&quot;,&quot;shutter_speed&quot;:&quot;0&quot;,&quot;title&quot;:&quot;&quot;,&quot;orientation&quot;:&quot;0&quot;}\" data-image-title=\"3_copy_800x534\" data-image-description=\"\" data-image-caption=\"\" data-large-file=\"https:\/\/www.hoymercedes.com.ar\/principal\/wp-content\/uploads\/2024\/08\/3_copy_800x534.jpg\" src=\"https:\/\/www.hoymercedes.com.ar\/principal\/wp-content\/uploads\/2024\/08\/3_copy_800x534.jpg\" alt=\"\" class=\"wp-image-177603\" srcset=\"https:\/\/www.hoymercedes.com.ar\/principal\/wp-content\/uploads\/2024\/08\/3_copy_800x534.jpg 800w, https:\/\/www.hoymercedes.com.ar\/principal\/wp-content\/uploads\/2024\/08\/3_copy_800x534-630x421.jpg 630w, https:\/\/www.hoymercedes.com.ar\/principal\/wp-content\/uploads\/2024\/08\/3_copy_800x534-150x100.jpg 150w\" sizes=\"auto, (max-width: 800px) 100vw, 800px\" \/><\/figure>\n\n\n\n<p>Tras amedrentar a la v\u00edctima se apoderaron ileg\u00edtimamente del rodado y del semirremolque (que trasladaba calefones y tirajes para calefactores).En tanto, desarmaron el torpedo de la cabina del conductor presuntamente en busca del dispositivo de GPS-y obligaron al chofer a conducir el cami\u00f3n unos kil\u00f3metros. M\u00e1s tarde, lo hicieron ingresar a uno de los autom\u00f3viles, privandolo de su libertad hasta que fue liberado en horas de la madrugada del d\u00eda siguiente en la zona de Villa Martelli.<\/p>\n\n\n\n<p>Finalmente, en horas de la tarde del mismo d\u00eda, el cami\u00f3n fue hallado en la colectora de la ruta nacional N\u00b0 9 a la altura del partido de Baradero sin su semiremolque ni la mercader\u00eda.<\/p>\n\n\n\n<p>Por el hecho tom\u00f3 intervenci\u00f3n la Unidad Funcional de Instrucci\u00f3n N\u00b0 4, que imparti\u00f3 las directivas del caso.<\/p>\n\n\n\n<p>Tras reunir una serie de elementos probatorios se solicit\u00f3 ante el Juzgado de Garant\u00edas N\u00b01 \u00f3rdenes de allanamientos para cuatro objetivos, trat\u00e1ndose de los domicilios de dos posibles autores del hecho (en San Miguel y en Pilar y galpones ubicados en la localidad de Los Polvorines.<\/p>\n\n\n\n<figure class=\"wp-block-image size-full\"><img loading=\"lazy\" decoding=\"async\" width=\"800\" height=\"533\" data-attachment-id=\"177601\" data-permalink=\"https:\/\/www.hoymercedes.com.ar\/principal\/2024\/08\/01\/un-detenido-y-un-aprehendido-por-pirateria-del-asfalto\/12_copy_800x533\/#main\" data-orig-file=\"https:\/\/www.hoymercedes.com.ar\/principal\/wp-content\/uploads\/2024\/08\/12_copy_800x533.jpg\" data-orig-size=\"800,533\" data-comments-opened=\"0\" data-image-meta=\"{&quot;aperture&quot;:&quot;0&quot;,&quot;credit&quot;:&quot;&quot;,&quot;camera&quot;:&quot;&quot;,&quot;caption&quot;:&quot;&quot;,&quot;created_timestamp&quot;:&quot;0&quot;,&quot;copyright&quot;:&quot;&quot;,&quot;focal_length&quot;:&quot;0&quot;,&quot;iso&quot;:&quot;0&quot;,&quot;shutter_speed&quot;:&quot;0&quot;,&quot;title&quot;:&quot;&quot;,&quot;orientation&quot;:&quot;0&quot;}\" data-image-title=\"1(2)_copy_800x533\" data-image-description=\"\" data-image-caption=\"\" data-large-file=\"https:\/\/www.hoymercedes.com.ar\/principal\/wp-content\/uploads\/2024\/08\/12_copy_800x533.jpg\" src=\"https:\/\/www.hoymercedes.com.ar\/principal\/wp-content\/uploads\/2024\/08\/12_copy_800x533.jpg\" alt=\"\" class=\"wp-image-177601\" srcset=\"https:\/\/www.hoymercedes.com.ar\/principal\/wp-content\/uploads\/2024\/08\/12_copy_800x533.jpg 800w, https:\/\/www.hoymercedes.com.ar\/principal\/wp-content\/uploads\/2024\/08\/12_copy_800x533-630x420.jpg 630w, https:\/\/www.hoymercedes.com.ar\/principal\/wp-content\/uploads\/2024\/08\/12_copy_800x533-150x100.jpg 150w, https:\/\/www.hoymercedes.com.ar\/principal\/wp-content\/uploads\/2024\/08\/12_copy_800x533-700x465.jpg 700w\" sizes=\"auto, (max-width: 800px) 100vw, 800px\" \/><\/figure>\n\n\n\n<p>Tambi\u00e9n se solicit\u00f3 la detenci\u00f3n de uno de los sospechosos.Los mismos fueron concedidos y llevados a cabo en la jornada de este martes. Los allanamientos resultaron positivos y se logr\u00f3 recuperar elementos de inter\u00e9s para la investigaci\u00f3n y la detenci\u00f3n de ambos sujetos. Entre otros se secuestraron balas, p\u00f3lvora y otros elementos para la fabricaci\u00f3n de proyectiles, una pistola  Bersa calibre 9 mil\u00edmetros; un autom\u00f3vil que contaba con pedido de secuestro; guantes, handys; ocho kilos de marihuana fraccionada, entre otros.<\/p>\n\n\n\n<p>Los imputados (el detenido de 62 a\u00f1os, domiciliado en San Miguel y el aprehendido de 59 domiciliado en Pilar) comparecieron ante el agente fiscal a cargo en el marco de la audiencia de declaraci\u00f3n en los t\u00e9rminos del art.308 del C\u00f3digo Procesal Penal en la jornada de este mi\u00e9rcoles 31 del corriente. Fue por el delito de \u201cRobo agravado por ser cometido mediante el empleo de un arma de fuego cuya aptitud para el disparo no pudo ser acreditada, en despoblado y en banda y por tratarse su objeto de mercader\u00eda en tr\u00e1nsito, en concurso real con privaci\u00f3n ilegal de la libertad agravada por ser materializada mediando violencia\u201d.<\/p>\n\n\n\n<figure class=\"wp-block-image size-full\"><img loading=\"lazy\" decoding=\"async\" width=\"800\" height=\"533\" data-attachment-id=\"177602\" data-permalink=\"https:\/\/www.hoymercedes.com.ar\/principal\/2024\/08\/01\/un-detenido-y-un-aprehendido-por-pirateria-del-asfalto\/22_copy_800x533\/#main\" data-orig-file=\"https:\/\/www.hoymercedes.com.ar\/principal\/wp-content\/uploads\/2024\/08\/22_copy_800x533.jpg\" data-orig-size=\"800,533\" data-comments-opened=\"0\" data-image-meta=\"{&quot;aperture&quot;:&quot;0&quot;,&quot;credit&quot;:&quot;&quot;,&quot;camera&quot;:&quot;&quot;,&quot;caption&quot;:&quot;&quot;,&quot;created_timestamp&quot;:&quot;0&quot;,&quot;copyright&quot;:&quot;&quot;,&quot;focal_length&quot;:&quot;0&quot;,&quot;iso&quot;:&quot;0&quot;,&quot;shutter_speed&quot;:&quot;0&quot;,&quot;title&quot;:&quot;&quot;,&quot;orientation&quot;:&quot;0&quot;}\" data-image-title=\"2(2)_copy_800x533\" data-image-description=\"\" data-image-caption=\"\" data-large-file=\"https:\/\/www.hoymercedes.com.ar\/principal\/wp-content\/uploads\/2024\/08\/22_copy_800x533.jpg\" src=\"https:\/\/www.hoymercedes.com.ar\/principal\/wp-content\/uploads\/2024\/08\/22_copy_800x533.jpg\" alt=\"\" class=\"wp-image-177602\" srcset=\"https:\/\/www.hoymercedes.com.ar\/principal\/wp-content\/uploads\/2024\/08\/22_copy_800x533.jpg 800w, https:\/\/www.hoymercedes.com.ar\/principal\/wp-content\/uploads\/2024\/08\/22_copy_800x533-630x420.jpg 630w, https:\/\/www.hoymercedes.com.ar\/principal\/wp-content\/uploads\/2024\/08\/22_copy_800x533-150x100.jpg 150w, https:\/\/www.hoymercedes.com.ar\/principal\/wp-content\/uploads\/2024\/08\/22_copy_800x533-700x465.jpg 700w\" sizes=\"auto, (max-width: 800px) 100vw, 800px\" \/><\/figure>\n\n\n\n<p>En tanto, el aprehendido -adem\u00e1s- result\u00f3 imputado de los delitos de \u201cTenencia ilegal de arma de guerra y tenencia de estupefacientes con fines de comercializaci\u00f3n fraccionada en dosis destinadas directamente a los consumidores\u201d. Ello en el marco del hallazgo que se produjo en su vivienda en Pilar, donde se incaut\u00f3 la pistola marca Bersa, modelo Thunder Ultra Compact Pro, calibre 9 mm, (cargada y con su numeraci\u00f3n suprimida, apta para el disparo) y el hallazgo de 19 paquetes de nylon y una bolsa de color negro que conten\u00edan -en total- 8.280 kilogramos de marihuana ya fraccionada.<\/p>\n\n\n\n<p>Fuente: \u00c1rea Comunicacional &#8211; Ministerio P\u00fablico Fiscal Dpto. Judicial Mercedes<\/p>\n\n\n\n<p><\/p>\n\n\n\n<p><\/p>\n","protected":false},"excerpt":{"rendered":"<p>En la jornada de este martes 30, se llevaron a cabo una serie de allanamientos en el marco de una &#8230; <a title=\"Un detenido y un aprehendido por pirater\u00eda del  asfalto\" class=\"read-more\" href=\"https:\/\/www.hoymercedes.com.ar\/principal\/2024\/08\/01\/un-detenido-y-un-aprehendido-por-pirateria-del-asfalto\/\" aria-label=\"Leer m\u00e1s sobre Un detenido y un aprehendido por pirater\u00eda del  asfalto\">Leer m\u00e1s<\/a><\/p>\n","protected":false},"author":1,"featured_media":177602,"comment_status":"closed","ping_status":"open","sticky":false,"template":"","format":"standard","meta":{"_monsterinsights_skip_tracking":false,"_monsterinsights_sitenote_active":false,"_monsterinsights_sitenote_note":"","_monsterinsights_sitenote_category":0,"jetpack_post_was_ever_published":false,"_jetpack_newsletter_access":"","_jetpack_dont_email_post_to_subs":false,"_jetpack_newsletter_tier_id":0,"_jetpack_memberships_contains_paywalled_content":false,"_jetpack_memberships_contains_paid_content":false,"footnotes":"","jetpack_publicize_message":"","jetpack_publicize_feature_enabled":true,"jetpack_social_post_already_shared":true,"jetpack_social_options":{"image_generator_settings":{"template":"highway","default_image_id":0,"font":"","enabled":false},"version":2},"_wpas_customize_per_network":false},"categories":[8],"tags":[],"class_list":["post-177595","post","type-post","status-publish","format-standard","has-post-thumbnail","hentry","category-sociedad","generate-columns","tablet-grid-50","mobile-grid-100","grid-parent","grid-50"],"jetpack_publicize_connections":[],"jetpack_featured_media_url":"https:\/\/www.hoymercedes.com.ar\/principal\/wp-content\/uploads\/2024\/08\/22_copy_800x533.jpg","wps_subtitle":"","jetpack_sharing_enabled":true,"_links":{"self":[{"href":"https:\/\/www.hoymercedes.com.ar\/principal\/wp-json\/wp\/v2\/posts\/177595","targetHints":{"allow":["GET"]}}],"collection":[{"href":"https:\/\/www.hoymercedes.com.ar\/principal\/wp-json\/wp\/v2\/posts"}],"about":[{"href":"https:\/\/www.hoymercedes.com.ar\/principal\/wp-json\/wp\/v2\/types\/post"}],"author":[{"embeddable":true,"href":"https:\/\/www.hoymercedes.com.ar\/principal\/wp-json\/wp\/v2\/users\/1"}],"replies":[{"embeddable":true,"href":"https:\/\/www.hoymercedes.com.ar\/principal\/wp-json\/wp\/v2\/comments?post=177595"}],"version-history":[{"count":0,"href":"https:\/\/www.hoymercedes.com.ar\/principal\/wp-json\/wp\/v2\/posts\/177595\/revisions"}],"wp:featuredmedia":[{"embeddable":true,"href":"https:\/\/www.hoymercedes.com.ar\/principal\/wp-json\/wp\/v2\/media\/177602"}],"wp:attachment":[{"href":"https:\/\/www.hoymercedes.com.ar\/principal\/wp-json\/wp\/v2\/media?parent=177595"}],"wp:term":[{"taxonomy":"category","embeddable":true,"href":"https:\/\/www.hoymercedes.com.ar\/principal\/wp-json\/wp\/v2\/categories?post=177595"},{"taxonomy":"post_tag","embeddable":true,"href":"https:\/\/www.hoymercedes.com.ar\/principal\/wp-json\/wp\/v2\/tags?post=177595"}],"curies":[{"name":"wp","href":"https:\/\/api.w.org\/{rel}","templated":true}]}}